{"id":54688,"date":"2023-06-12T08:44:49","date_gmt":"2023-06-12T08:44:49","guid":{"rendered":"https:\/\/www.automakersnews.cz\/?p=54688"},"modified":"2023-06-12T08:54:49","modified_gmt":"2023-06-12T08:54:49","slug":"dealeri-volkswagenu-rozjeli-prodej-amaroku","status":"publish","type":"post","link":"https:\/\/www.automakersnews.cz\/index.php\/2023\/06\/12\/dealeri-volkswagenu-rozjeli-prodej-amaroku\/","title":{"rendered":"Volkswagen U\u017eitkov\u00e9 rozjel prodej Amaroku"},"content":{"rendered":"<p class=\"v1Adresa\"><strong>Horse Park Kamenn\u00fd Dv\u016fr u P\u0159\u00edbrami hostil n\u00e1rodn\u00ed premi\u00e9ru druh\u00e9 generace Volkswagenu Amarok,\u00a0spojenou s testovac\u00edmi novin\u00e1\u0159sk\u00fdmi j\u00edzdami. Deale\u0159i zah\u00e1jili prodeje vozu 8. \u010dervna, Porsche \u010cR u\u017e eviduje stovky objedn\u00e1vek.<\/strong><!--more--><\/p>\n<p>&#8222;Jen co jsme nab\u00eddli dal\u0161\u00ed generaci pick-upu s nejmodern\u011bj\u0161\u00edmi asisten\u010dn\u00edmi a ovl\u00e1dac\u00edmi syst\u00e9my, u\u017e evidujeme 280 objedn\u00e1vek. Vozy jsou u\u017e u dealer\u016f a v pr\u016fb\u011bhu dal\u0161\u00edch dvan\u00e1cti m\u011bs\u00edc\u016f po\u010d\u00edt\u00e1me s tov\u00e1rn\u00ed kv\u00f3tou 500 kus\u016f,&#8220; uvedla na tiskovce v Horse Parku pro n\u00e1\u0161 \u010dasopis vedouc\u00ed zna\u010dky Volkswagen U\u017eitkov\u00e9 v Porsche \u010cR Mirka Cimrov\u00e1.<\/p>\n<p><img loading=\"lazy\" decoding=\"async\" class=\"alignnone size-large wp-image-54693\" src=\"http:\/\/www.automakersnews.cz\/wp-content\/uploads\/2023\/06\/VW-Amarok-Cimrova-Horse-Park-1024x768.jpg\" alt=\"\" width=\"1024\" height=\"768\" srcset=\"https:\/\/www.automakersnews.cz\/wp-content\/uploads\/2023\/06\/VW-Amarok-Cimrova-Horse-Park-1024x768.jpg 1024w, https:\/\/www.automakersnews.cz\/wp-content\/uploads\/2023\/06\/VW-Amarok-Cimrova-Horse-Park-300x225.jpg 300w, https:\/\/www.automakersnews.cz\/wp-content\/uploads\/2023\/06\/VW-Amarok-Cimrova-Horse-Park-768x576.jpg 768w, https:\/\/www.automakersnews.cz\/wp-content\/uploads\/2023\/06\/VW-Amarok-Cimrova-Horse-Park-1536x1152.jpg 1536w, https:\/\/www.automakersnews.cz\/wp-content\/uploads\/2023\/06\/VW-Amarok-Cimrova-Horse-Park-678x509.jpg 678w, https:\/\/www.automakersnews.cz\/wp-content\/uploads\/2023\/06\/VW-Amarok-Cimrova-Horse-Park-326x245.jpg 326w, https:\/\/www.automakersnews.cz\/wp-content\/uploads\/2023\/06\/VW-Amarok-Cimrova-Horse-Park-80x60.jpg 80w, https:\/\/www.automakersnews.cz\/wp-content\/uploads\/2023\/06\/VW-Amarok-Cimrova-Horse-Park.jpg 2040w\" sizes=\"auto, (max-width: 1024px) 100vw, 1024px\" \/><\/p>\n<p>Ceny Amaroku\u00a0 za\u010d\u00ednaj\u00ed na 911 482 K\u010d bez DPH (1 102 893 K\u010d v\u010detn\u011b DPH). Pod kapotou je na v\u00fdb\u011br ze dvou \u010dty\u0159v\u00e1lcov\u00fdch turbodiesel\u016f (TDI) a jednoho \u0161estiv\u00e1lce TDI V6.<\/p>\n<p>Pick-up nab\u00edz\u00ed pohon v\u0161ech kol s individu\u00e1ln\u011b nastaviteln\u00fdmi re\u017eimy pohonu a nejvy\u0161\u0161\u00ed p\u0159\u00edpustnou hmotnost\u00ed p\u0159\u00edv\u011bsu a\u017e 3500 kg.<\/p>\n<figure id=\"attachment_54694\" aria-describedby=\"caption-attachment-54694\" style=\"width: 1024px\" class=\"wp-caption alignnone\"><img loading=\"lazy\" decoding=\"async\" class=\"size-large wp-image-54694\" src=\"http:\/\/www.automakersnews.cz\/wp-content\/uploads\/2023\/06\/VW-Amarok-Horse-Park-slalom-1024x768.jpg\" alt=\"\" width=\"1024\" height=\"768\" srcset=\"https:\/\/www.automakersnews.cz\/wp-content\/uploads\/2023\/06\/VW-Amarok-Horse-Park-slalom-1024x768.jpg 1024w, https:\/\/www.automakersnews.cz\/wp-content\/uploads\/2023\/06\/VW-Amarok-Horse-Park-slalom-300x225.jpg 300w, https:\/\/www.automakersnews.cz\/wp-content\/uploads\/2023\/06\/VW-Amarok-Horse-Park-slalom-768x576.jpg 768w, https:\/\/www.automakersnews.cz\/wp-content\/uploads\/2023\/06\/VW-Amarok-Horse-Park-slalom-1536x1152.jpg 1536w, https:\/\/www.automakersnews.cz\/wp-content\/uploads\/2023\/06\/VW-Amarok-Horse-Park-slalom-678x509.jpg 678w, https:\/\/www.automakersnews.cz\/wp-content\/uploads\/2023\/06\/VW-Amarok-Horse-Park-slalom-326x245.jpg 326w, https:\/\/www.automakersnews.cz\/wp-content\/uploads\/2023\/06\/VW-Amarok-Horse-Park-slalom-80x60.jpg 80w, https:\/\/www.automakersnews.cz\/wp-content\/uploads\/2023\/06\/VW-Amarok-Horse-Park-slalom.jpg 2040w\" sizes=\"auto, (max-width: 1024px) 100vw, 1024px\" \/><figcaption id=\"caption-attachment-54694\" class=\"wp-caption-text\">Sou\u010d\u00e1st\u00ed novin\u00e1\u0159sk\u00fdch j\u00edzd byly j\u00edzdy se specializovan\u00fdmi instruktory<\/figcaption><\/figure>\n<p>Amarok bude v Evrop\u011b s\u00e9riov\u011b vybaven LED sv\u011btlomety a turbodieselem o v\u00fdkonu 125 kW (170 k).<\/p>\n<p><img loading=\"lazy\" decoding=\"async\" class=\"alignnone size-large wp-image-54695\" src=\"http:\/\/www.automakersnews.cz\/wp-content\/uploads\/2023\/06\/Amarok-volant-1024x683.jpg\" alt=\"\" width=\"1024\" height=\"683\" srcset=\"https:\/\/www.automakersnews.cz\/wp-content\/uploads\/2023\/06\/Amarok-volant-1024x683.jpg 1024w, https:\/\/www.automakersnews.cz\/wp-content\/uploads\/2023\/06\/Amarok-volant-300x200.jpg 300w, https:\/\/www.automakersnews.cz\/wp-content\/uploads\/2023\/06\/Amarok-volant-768x512.jpg 768w, https:\/\/www.automakersnews.cz\/wp-content\/uploads\/2023\/06\/Amarok-volant.jpg 1275w\" sizes=\"auto, (max-width: 1024px) 100vw, 1024px\" \/><\/p>\n<p>&#8222;V interi\u00e9ru dokl\u00e1d\u00e1 z\u0159eteln\u00fd pokrok oproti \u00fasp\u011b\u0161n\u00e9mu p\u0159edch\u016fdci s v\u00edce ne\u017e 830 000 prodan\u00fdmi vozy rozs\u00e1hl\u00e1 v\u00fdbava, kter\u00e1 v z\u00e1vislosti na verzi zahrnuje v\u00edce ne\u017e 25 asisten\u010dn\u00edch syst\u00e9m\u016f, displeje s \u00fahlop\u0159\u00ed\u010dkou a\u017e 12,3 palce, praktickou kombinaci digit\u00e1ln\u00edch a analogov\u00fdch ovl\u00e1dac\u00edch prvk\u016f a velmi kvalitn\u00ed materi\u00e1ly,&#8220; uvedla zna\u010dka.<\/p>\n<p><strong>Erich Handl, Horse Park Kamenn\u00fd Dv\u016fr<\/strong><\/p>\n<p class=\"xmprfx_MsoNormal\">\n","protected":false},"excerpt":{"rendered":"<div class=\"mh-excerpt\"><p>Horse Park Kamenn\u00fd Dv\u016fr u P\u0159\u00edbrami hostil n\u00e1rodn\u00ed premi\u00e9ru druh\u00e9 generace Volkswagenu Amarok,\u00a0spojenou s testovac\u00edmi novin\u00e1\u0159sk\u00fdmi j\u00edzdami. Deale\u0159i zah\u00e1jili prodeje vozu 8. \u010dervna, Porsche \u010cR <a class=\"mh-excerpt-more\" href=\"https:\/\/www.automakersnews.cz\/index.php\/2023\/06\/12\/dealeri-volkswagenu-rozjeli-prodej-amaroku\/\" title=\"Volkswagen U\u017eitkov\u00e9 rozjel prodej Amaroku\">[&#8230;]<\/a><\/p>\n<\/div>","protected":false},"author":1,"featured_media":54691,"comment_status":"open","ping_status":"open","sticky":false,"template":"","format":"standard","meta":{"footnotes":""},"categories":[44,31],"tags":[],"class_list":["post-54688","post","type-post","status-publish","format-standard","has-post-thumbnail","hentry","category-ceny-novinek","category-premiery"],"_links":{"self":[{"href":"https:\/\/www.automakersnews.cz\/index.php\/wp-json\/wp\/v2\/posts\/54688","targetHints":{"allow":["GET"]}}],"collection":[{"href":"https:\/\/www.automakersnews.cz\/index.php\/wp-json\/wp\/v2\/posts"}],"about":[{"href":"https:\/\/www.automakersnews.cz\/index.php\/wp-json\/wp\/v2\/types\/post"}],"author":[{"embeddable":true,"href":"https:\/\/www.automakersnews.cz\/index.php\/wp-json\/wp\/v2\/users\/1"}],"replies":[{"embeddable":true,"href":"https:\/\/www.automakersnews.cz\/index.php\/wp-json\/wp\/v2\/comments?post=54688"}],"version-history":[{"count":0,"href":"https:\/\/www.automakersnews.cz\/index.php\/wp-json\/wp\/v2\/posts\/54688\/revisions"}],"wp:featuredmedia":[{"embeddable":true,"href":"https:\/\/www.automakersnews.cz\/index.php\/wp-json\/wp\/v2\/media\/54691"}],"wp:attachment":[{"href":"https:\/\/www.automakersnews.cz\/index.php\/wp-json\/wp\/v2\/media?parent=54688"}],"wp:term":[{"taxonomy":"category","embeddable":true,"href":"https:\/\/www.automakersnews.cz\/index.php\/wp-json\/wp\/v2\/categories?post=54688"},{"taxonomy":"post_tag","embeddable":true,"href":"https:\/\/www.automakersnews.cz\/index.php\/wp-json\/wp\/v2\/tags?post=54688"}],"curies":[{"name":"wp","href":"https:\/\/api.w.org\/{rel}","templated":true}]}}