{"id":547,"date":"2022-09-30T12:12:53","date_gmt":"2022-09-30T12:12:53","guid":{"rendered":"http:\/\/www.automakersnews.cz\/?p=547"},"modified":"2022-09-30T12:12:53","modified_gmt":"2022-09-30T12:12:53","slug":"cesko-zada-unii-o-financovani-plynovodu-stork-ii","status":"publish","type":"post","link":"https:\/\/www.automakersnews.cz\/index.php\/2022\/09\/30\/cesko-zada-unii-o-financovani-plynovodu-stork-ii\/","title":{"rendered":"\u010cesko \u017e\u00e1d\u00e1 unii o financov\u00e1n\u00ed plynovodu Stork II"},"content":{"rendered":"<p><strong>\u010cesko a Polsko \u017e\u00e1daj\u00ed Evropskou komisi (EK), aby umo\u017enila financov\u00e1n\u00ed stavby plynovodu Stork II z programu REPowerEU. O spole\u010dn\u00e9m dopise \u010desk\u00e9ho ministra pr\u016fmyslu a obchodu Jozefa S\u00edkely (za STAN) a polsk\u00e9 ministryn\u011b pro ochranu klimatu a \u017eivotn\u00ed prost\u0159ed\u00ed Anny Moskwov\u00e9 v p\u00e1tek informovalo \u010desk\u00e9 ministerstvo pr\u016fmyslu v tiskov\u00e9 zpr\u00e1v\u011b.<\/strong><!--more--><\/p>\n<div class=\"e_a6\" data-dot=\"mol-paragraph\">\n<p class=\"c_a6\"><span class=\"c_bS\">Plynovod Stork m\u00e1 propojit plyn\u00e1rensk\u00e9 soustavy obou zem\u00ed a\u00a0napojit \u010cR na polsk\u00e9 termin\u00e1ly na zkapaln\u011bn\u00fd zemn\u00ed plyn.<\/span><\/p>\n<\/div>\n<div class=\"e_a6\" data-dot=\"mol-paragraph\">\n<p class=\"c_a6\"><span class=\"c_bS\">Projekt plynovodu Stork II je v\u00a0pokro\u010dil\u00e9 f\u00e1zi a\u00a0m\u016f\u017ee b\u00fdt zprovozn\u011bn do roku 2026, pokud bude o\u00a0investici rozhodnuto v\u00a0n\u00e1sleduj\u00edc\u00edch m\u011bs\u00edc\u00edch, uvedlo dnes ministerstvo. <\/span><\/p>\n<\/div>\n<div class=\"e_a6\" data-dot=\"mol-paragraph\">\n<p class=\"c_a6\"><span class=\"c_bS\">\u201eJe samoz\u0159ejm\u00e9, \u017ee chceme vyu\u017e\u00edt mo\u017enost financovat tento projekt z\u00a0prost\u0159edk\u016f dostupn\u00fdch na \u00farovni Evropsk\u00e9 unie,\u201c uvedl S\u00edkela. Ji\u017e d\u0159\u00edve \u0159ekl, \u017ee vl\u00e1da p\u0159edb\u011b\u017en\u011b po\u010d\u00edt\u00e1 s\u00a0n\u00e1klady na v\u00fdstavbu ve v\u00fd\u0161i osm miliard korun.<\/span><\/p>\n<\/div>\n","protected":false},"excerpt":{"rendered":"<div class=\"mh-excerpt\"><p>\u010cesko a Polsko \u017e\u00e1daj\u00ed Evropskou komisi (EK), aby umo\u017enila financov\u00e1n\u00ed stavby plynovodu Stork II z programu REPowerEU. O spole\u010dn\u00e9m dopise \u010desk\u00e9ho ministra pr\u016fmyslu a obchodu <a class=\"mh-excerpt-more\" href=\"https:\/\/www.automakersnews.cz\/index.php\/2022\/09\/30\/cesko-zada-unii-o-financovani-plynovodu-stork-ii\/\" title=\"\u010cesko \u017e\u00e1d\u00e1 unii o financov\u00e1n\u00ed plynovodu Stork II\">[&#8230;]<\/a><\/p>\n<\/div>","protected":false},"author":1,"featured_media":170,"comment_status":"open","ping_status":"open","sticky":false,"template":"","format":"standard","meta":{"footnotes":""},"categories":[9],"tags":[],"class_list":["post-547","post","type-post","status-publish","format-standard","has-post-thumbnail","hentry","category-investice"],"_links":{"self":[{"href":"https:\/\/www.automakersnews.cz\/index.php\/wp-json\/wp\/v2\/posts\/547","targetHints":{"allow":["GET"]}}],"collection":[{"href":"https:\/\/www.automakersnews.cz\/index.php\/wp-json\/wp\/v2\/posts"}],"about":[{"href":"https:\/\/www.automakersnews.cz\/index.php\/wp-json\/wp\/v2\/types\/post"}],"author":[{"embeddable":true,"href":"https:\/\/www.automakersnews.cz\/index.php\/wp-json\/wp\/v2\/users\/1"}],"replies":[{"embeddable":true,"href":"https:\/\/www.automakersnews.cz\/index.php\/wp-json\/wp\/v2\/comments?post=547"}],"version-history":[{"count":0,"href":"https:\/\/www.automakersnews.cz\/index.php\/wp-json\/wp\/v2\/posts\/547\/revisions"}],"wp:featuredmedia":[{"embeddable":true,"href":"https:\/\/www.automakersnews.cz\/index.php\/wp-json\/wp\/v2\/media\/170"}],"wp:attachment":[{"href":"https:\/\/www.automakersnews.cz\/index.php\/wp-json\/wp\/v2\/media?parent=547"}],"wp:term":[{"taxonomy":"category","embeddable":true,"href":"https:\/\/www.automakersnews.cz\/index.php\/wp-json\/wp\/v2\/categories?post=547"},{"taxonomy":"post_tag","embeddable":true,"href":"https:\/\/www.automakersnews.cz\/index.php\/wp-json\/wp\/v2\/tags?post=547"}],"curies":[{"name":"wp","href":"https:\/\/api.w.org\/{rel}","templated":true}]}}