{"id":5472,"date":"2022-11-29T09:04:53","date_gmt":"2022-11-29T09:04:53","guid":{"rendered":"https:\/\/www.automakersnews.cz\/?p=5472"},"modified":"2022-11-29T09:04:53","modified_gmt":"2022-11-29T09:04:53","slug":"suzuki-nabidlo-prodlouzenou-zaruku","status":"publish","type":"post","link":"https:\/\/www.automakersnews.cz\/index.php\/2022\/11\/29\/suzuki-nabidlo-prodlouzenou-zaruku\/","title":{"rendered":"Suzuki nab\u00eddlo prodlou\u017eenou z\u00e1ruku"},"content":{"rendered":"<p align=\"JUSTIFY\"><strong><span style=\"font-family: SuzukiPRORegular, serif;\">Suzuki nab\u00eddlo prodlou\u017eenou z\u00e1ruku Premium, kter\u00e1 pokr\u00fdv\u00e1 z\u00e1ru\u010dn\u00ed p\u0159\u00edpady nad r\u00e1mec tov\u00e1rn\u00ed z\u00e1ruky a\u017e do n\u00e1jezdu 150 000 km nebo 5 let st\u00e1\u0159\u00ed vozidla. Dal\u0161\u00edm bonusem pro z\u00e1kazn\u00edky Suzuki je prodlou\u017een\u00ed bezplatn\u00fdch asisten\u010dn\u00edch slu\u017eeb ze 3 na 15 let.<\/span><\/strong><!--more--><\/p>\n<p align=\"JUSTIFY\"><span style=\"font-family: SuzukiPRORegular, serif;\">Smluvn\u00ed prodlou\u017een\u00e1 z\u00e1ruka je zaji\u0161\u0165ov\u00e1na ve\u00a0spolupr\u00e1ci s\u00a0firmou Real Garant Versicherung AG formou poji\u0161t\u011bn\u00ed a\u00a0je poskytov\u00e1na zdarma ke v\u0161em osobn\u00edm vozidl\u016fm SUZUKI zakoupen\u00fdm prost\u0159ednictv\u00edm autorizovan\u00e9 s\u00edt\u011b Suzuki. Z\u00e1ruka Suzuki Premium se\u00a0vztahuje na\u00a0v\u0161echny zabudovan\u00e9 mechanick\u00e9, elektrick\u00e9, elektronick\u00e9 a\u00a0hydraulick\u00e9 \u010d\u00e1sti vozidla.<\/span><\/p>\n<p align=\"JUSTIFY\"><span style=\"font-family: SuzukiPRORegular, serif;\">D\u00e1le Suzuki v\u0161em budouc\u00edm i st\u00e1vaj\u00edc\u00edm majitel\u016fm prodlu\u017euje bezplatn\u00e9 asisten\u010dn\u00ed slu\u017eby na 15 let. Jedinou podm\u00ednkou pro bezplatn\u00e9 prodlou\u017een\u00ed asistence je dodr\u017een\u00ed servisn\u00edho pl\u00e1nu i po uplynut\u00ed z\u00e1ruky, tedy n\u00e1v\u0161t\u011bva autorizovan\u00e9ho servisu a proveden\u00ed p\u0159edepsan\u00e9 \u00fadr\u017eby alespo\u0148 jednou za rok. Tato novinka se vztahuje na nov\u011b po\u0159\u00edzen\u00e9 i ji\u017e provozovan\u00e9 automobily zna\u010dky Suzuki.<\/span><\/p>\n","protected":false},"excerpt":{"rendered":"<div class=\"mh-excerpt\"><p>Suzuki nab\u00eddlo prodlou\u017eenou z\u00e1ruku Premium, kter\u00e1 pokr\u00fdv\u00e1 z\u00e1ru\u010dn\u00ed p\u0159\u00edpady nad r\u00e1mec tov\u00e1rn\u00ed z\u00e1ruky a\u017e do n\u00e1jezdu 150 000 km nebo 5 let st\u00e1\u0159\u00ed vozidla. Dal\u0161\u00edm <a class=\"mh-excerpt-more\" href=\"https:\/\/www.automakersnews.cz\/index.php\/2022\/11\/29\/suzuki-nabidlo-prodlouzenou-zaruku\/\" title=\"Suzuki nab\u00eddlo prodlou\u017eenou z\u00e1ruku\">[&#8230;]<\/a><\/p>\n<\/div>","protected":false},"author":1,"featured_media":2731,"comment_status":"open","ping_status":"open","sticky":false,"template":"","format":"standard","meta":{"footnotes":""},"categories":[37],"tags":[],"class_list":["post-5472","post","type-post","status-publish","format-standard","has-post-thumbnail","hentry","category-importeri"],"_links":{"self":[{"href":"https:\/\/www.automakersnews.cz\/index.php\/wp-json\/wp\/v2\/posts\/5472","targetHints":{"allow":["GET"]}}],"collection":[{"href":"https:\/\/www.automakersnews.cz\/index.php\/wp-json\/wp\/v2\/posts"}],"about":[{"href":"https:\/\/www.automakersnews.cz\/index.php\/wp-json\/wp\/v2\/types\/post"}],"author":[{"embeddable":true,"href":"https:\/\/www.automakersnews.cz\/index.php\/wp-json\/wp\/v2\/users\/1"}],"replies":[{"embeddable":true,"href":"https:\/\/www.automakersnews.cz\/index.php\/wp-json\/wp\/v2\/comments?post=5472"}],"version-history":[{"count":0,"href":"https:\/\/www.automakersnews.cz\/index.php\/wp-json\/wp\/v2\/posts\/5472\/revisions"}],"wp:featuredmedia":[{"embeddable":true,"href":"https:\/\/www.automakersnews.cz\/index.php\/wp-json\/wp\/v2\/media\/2731"}],"wp:attachment":[{"href":"https:\/\/www.automakersnews.cz\/index.php\/wp-json\/wp\/v2\/media?parent=5472"}],"wp:term":[{"taxonomy":"category","embeddable":true,"href":"https:\/\/www.automakersnews.cz\/index.php\/wp-json\/wp\/v2\/categories?post=5472"},{"taxonomy":"post_tag","embeddable":true,"href":"https:\/\/www.automakersnews.cz\/index.php\/wp-json\/wp\/v2\/tags?post=5472"}],"curies":[{"name":"wp","href":"https:\/\/api.w.org\/{rel}","templated":true}]}}