{"id":54950,"date":"2023-06-13T06:39:48","date_gmt":"2023-06-13T06:39:48","guid":{"rendered":"https:\/\/www.automakersnews.cz\/?p=54950"},"modified":"2023-06-13T09:08:59","modified_gmt":"2023-06-13T09:08:59","slug":"volkswagen-financial-services-nabizi-dobijeci-kartu","status":"publish","type":"post","link":"https:\/\/www.automakersnews.cz\/index.php\/2023\/06\/13\/volkswagen-financial-services-nabizi-dobijeci-kartu\/","title":{"rendered":"Volkswagen Financial Services nab\u00edz\u00ed dob\u00edjec\u00ed kartu"},"content":{"rendered":"<p><strong>Jednatel Volkswagen Financial Services Vratislav Stra\u0161il sezval novin\u00e1\u0159e do pra\u017esk\u00e9ho Caf\u00e9 Savoy, aby je informoval o novink\u00e1ch ve financov\u00e1n\u00ed aut. Jeho firma pr\u00e1v\u011b nab\u00eddla elektromobilist\u016fm dob\u00edjec\u00ed kartu Chargee, se kterou lze nab\u00edt baterii elektromobil\u016f u nejv\u011bt\u0161\u00edch distributor\u016f, i v s\u00edti dealer\u016f koncernu VW.<\/strong><\/p>\n<p>Nab\u00eddku dob\u00edjec\u00edch karet ocen\u00ed klienti financuj\u00edc\u00ed elektromobily jak prost\u0159ednictv\u00edm operativn\u00edho leasingu, tak \u00fav\u011bru. Dob\u00edjec\u00ed karta zahrnuje nejen velk\u00e9 mno\u017estv\u00ed dob\u00edjec\u00edch stanic na \u00fazem\u00ed \u010cesk\u00e9 republiky a Evropy v s\u00edti firemn\u00edch, dom\u00e1c\u00edch a ve\u0159ejn\u00fdch dob\u00edjec\u00edch stanic. Nov\u00e1 slu\u017eba umo\u017en\u00ed dob\u00edjet v\u016fz i na v\u0161ech dob\u00edjec\u00edch stanic\u00edch autorizovan\u00fdch dealer\u016f koncernov\u00fdch voz\u016f.<\/p>\n<p><em>\u201eMo\u017enost dob\u00edt sv\u016fj elektromobil u dealer\u016f koncernu Volkswagen klient\u016fm usnadn\u00ed hled\u00e1n\u00ed dob\u00edjec\u00edch stanic v\u00a0m\u00edstech, kde je dob\u00edjec\u00ed s\u00ed\u0165 prozat\u00edm \u0159\u00eddk\u00e1,\u201c<\/em>\u00a0\u0159\u00edk\u00e1 V\u00e1clav Vacek, Business Development Manager pro oblast elektromobility ve Volkswagen Financial Services. Sou\u010d\u00e1st\u00ed slu\u017eby je i speci\u00e1ln\u00ed aplikace, jej\u00edm\u017e prost\u0159ednictv\u00edm m\u016f\u017ee klient jednodu\u0161e vyhledat volnou dob\u00edjec\u00ed stanici v\u00a0okol\u00ed nebo monitorovat v\u00fddaje za dob\u00edjen\u00ed.<\/p>\n<p>V roce 2022 p\u0159ibylo v \u010cesk\u00e9 republice 1294 dob\u00edjec\u00edch bod\u016f, co\u017e p\u0159edstavuje nejv\u011bt\u0161\u00ed meziro\u010dn\u00ed n\u00e1r\u016fst v historii. Na ka\u017ed\u00fd dob\u00edjec\u00ed bod nyn\u00ed p\u0159ipad\u00e1 zhruba p\u011bt elektromobil\u016f. I p\u0159esto je v\u0161ak podle odborn\u00edk\u016f Volkswagen Financial Services dob\u00edjec\u00ed s\u00ed\u0165 nedostate\u010dn\u00e1.<\/p>\n<p><em>\u201eRozd\u00edly lze spat\u0159it nejen nap\u0159\u00ed\u010d regiony, ale i v\u00a0r\u00e1mci jednotliv\u00fdch m\u011bst. Zat\u00edmco v\u00a0hlavn\u00edm m\u011bst\u011b, pod\u00e9l hlavn\u00edch tah\u016f nebo na tankovac\u00edch stanic\u00edch \u0159idi\u010d automobil dobije v\u011bt\u0161inou bez obt\u00ed\u017e\u00ed, na mnoha s\u00eddli\u0161t\u00edch nebo v\u00a0men\u0161\u00edch obc\u00edch bude vhodn\u011b situovanou dob\u00edjec\u00ed stanici hledat marn\u011b,\u201c<\/em>\u00a0\u0159\u00edk\u00e1 V\u00e1clav Vacek.<\/p>\n<p>Pro zv\u00fd\u0161en\u00ed atraktivity elektromobil\u016f mezi sou\u010dasn\u00fdmi i potenci\u00e1ln\u00edmi klienty Volkswagen Financial Services d\u00e1le nab\u00edz\u00ed i v\u00fdhodn\u00e9 poji\u0161t\u011bn\u00ed elektrick\u00fdch voz\u016f, servisn\u00ed bal\u00ed\u010dky nebo cenov\u011b v\u00fdhodn\u00e9 financov\u00e1n\u00ed dob\u00edjec\u00ed infrastruktury v\u00a0podob\u011b tzv. wallboxu, neboli dom\u00e1c\u00ed dob\u00edjec\u00ed stanice.<\/p>\n<p><em>\u201eElektromobilita je pro Volkswagen Financial Services i cel\u00fd koncern z\u00e1sadn\u00ed t\u00e9ma. Zat\u00edmco konkr\u00e9tn\u00ed zna\u010dky se zam\u011b\u0159uj\u00ed na to, aby nab\u00edzely atraktivn\u00ed ceny, na\u0161\u00ed starost\u00ed je v\u00fdhodn\u00e9 financov\u00e1n\u00ed a dal\u0161\u00ed dopl\u0148kov\u00e9 slu\u017eby, kter\u00e9 \u0159idi\u010de k\u00a0p\u0159esunu od fosiln\u00edch paliv namotivuj\u00ed a cel\u00fd proces jim maxim\u00e1ln\u011b usnadn\u00ed,\u201c<\/em> uzav\u00edr\u00e1 Vratislav Stra\u0161il.<\/p>\n<figure id=\"attachment_54954\" aria-describedby=\"caption-attachment-54954\" style=\"width: 1024px\" class=\"wp-caption alignnone\"><img loading=\"lazy\" decoding=\"async\" class=\"size-large wp-image-54954\" src=\"http:\/\/www.automakersnews.cz\/wp-content\/uploads\/2023\/06\/VWFS-Strasil-Savoy-1024x768.jpg\" alt=\"\" width=\"1024\" height=\"768\" \/><figcaption id=\"caption-attachment-54954\" class=\"wp-caption-text\">Jednatel spole\u010dnosti Vratislav Stra\u0161il sezn\u00e1mil novin\u00e1\u0159e s novinkami a trendy trhu financov\u00e1n\u00ed voz\u016f na setk\u00e1n\u00ed v pra\u017esk\u00e9m Caf\u00e9 Savoy. Krom\u011b jednatele spole\u010dnosti se pracovn\u00ed sn\u00eddan\u011b z\u00fa\u010dastnil tak\u00e9 Jan Pa\u0159\u00edzek, \u0159editel odd\u011blen\u00ed firemn\u00edch voz\u016f a remarketingu, Ji\u0159\u00ed Ol\u0161a, vedouc\u00ed dealersk\u00e9ho prodeje a brand managementu a za produkt, marketing a PR Jana Hru\u0161kov\u00e1.<\/figcaption><\/figure>\n<p><!--more--><\/p>\n","protected":false},"excerpt":{"rendered":"<div class=\"mh-excerpt\"><p>Jednatel Volkswagen Financial Services Vratislav Stra\u0161il sezval novin\u00e1\u0159e do pra\u017esk\u00e9ho Caf\u00e9 Savoy, aby je informoval o novink\u00e1ch ve financov\u00e1n\u00ed aut. Jeho firma pr\u00e1v\u011b nab\u00eddla elektromobilist\u016fm <a class=\"mh-excerpt-more\" href=\"https:\/\/www.automakersnews.cz\/index.php\/2023\/06\/13\/volkswagen-financial-services-nabizi-dobijeci-kartu\/\" title=\"Volkswagen Financial Services nab\u00edz\u00ed dob\u00edjec\u00ed kartu\">[&#8230;]<\/a><\/p>\n<\/div>","protected":false},"author":1,"featured_media":54951,"comment_status":"open","ping_status":"open","sticky":false,"template":"","format":"standard","meta":{"footnotes":""},"categories":[22],"tags":[],"class_list":["post-54950","post","type-post","status-publish","format-standard","has-post-thumbnail","hentry","category-elektromobily"],"_links":{"self":[{"href":"https:\/\/www.automakersnews.cz\/index.php\/wp-json\/wp\/v2\/posts\/54950","targetHints":{"allow":["GET"]}}],"collection":[{"href":"https:\/\/www.automakersnews.cz\/index.php\/wp-json\/wp\/v2\/posts"}],"about":[{"href":"https:\/\/www.automakersnews.cz\/index.php\/wp-json\/wp\/v2\/types\/post"}],"author":[{"embeddable":true,"href":"https:\/\/www.automakersnews.cz\/index.php\/wp-json\/wp\/v2\/users\/1"}],"replies":[{"embeddable":true,"href":"https:\/\/www.automakersnews.cz\/index.php\/wp-json\/wp\/v2\/comments?post=54950"}],"version-history":[{"count":0,"href":"https:\/\/www.automakersnews.cz\/index.php\/wp-json\/wp\/v2\/posts\/54950\/revisions"}],"wp:featuredmedia":[{"embeddable":true,"href":"https:\/\/www.automakersnews.cz\/index.php\/wp-json\/wp\/v2\/media\/54951"}],"wp:attachment":[{"href":"https:\/\/www.automakersnews.cz\/index.php\/wp-json\/wp\/v2\/media?parent=54950"}],"wp:term":[{"taxonomy":"category","embeddable":true,"href":"https:\/\/www.automakersnews.cz\/index.php\/wp-json\/wp\/v2\/categories?post=54950"},{"taxonomy":"post_tag","embeddable":true,"href":"https:\/\/www.automakersnews.cz\/index.php\/wp-json\/wp\/v2\/tags?post=54950"}],"curies":[{"name":"wp","href":"https:\/\/api.w.org\/{rel}","templated":true}]}}