{"id":54985,"date":"2023-06-13T07:52:35","date_gmt":"2023-06-13T07:52:35","guid":{"rendered":"https:\/\/www.automakersnews.cz\/?p=54985"},"modified":"2023-06-13T08:09:50","modified_gmt":"2023-06-13T08:09:50","slug":"startuje-1000-mil-ceskoslovenskych","status":"publish","type":"post","link":"https:\/\/www.automakersnews.cz\/index.php\/2023\/06\/13\/startuje-1000-mil-ceskoslovenskych\/","title":{"rendered":"Startuje 1000 mil \u010ceskoslovensk\u00fdch"},"content":{"rendered":"<p><strong>Technick\u00e9 muzeum hostilo \u00favodn\u00ed tiskovou konferenci leto\u0161n\u00edho ro\u010dn\u00edku vzpom\u00ednkov\u00e9 j\u00edzdy historick\u00fdch automobil\u016f 1000 mil \u010deskoslovensk\u00fdch, jedn\u00e9 z v\u00fdznamn\u00fdch veter\u00e1nsk\u00fdch akc\u00ed, kter\u00e1 se letos kon\u00e1 mimo jin\u00e9 i pod z\u00e1\u0161titou prezidenta \u010cR Petra Pavla a prezidentky SR Zuzany \u010caputov\u00e9.<\/strong> <!--more--><\/p>\n<p>Leto\u0161n\u00ed ro\u010dn\u00edk vzpom\u00ednkov\u00e9 j\u00edzdy historick\u00fdch vozidel 1000 mil \u010deskoslovensk\u00fdch se kon\u00e1 ve dnech 14. \u2013 17. \u010dervna. Bude p\u0159ipom\u00ednkou a oslavou 90. v\u00fdro\u010d\u00ed od prvn\u00edho z\u00e1vodu 1000 mil \u010deskoslovensk\u00fdch 1933.<\/p>\n<p>Sout\u011b\u017e za\u010d\u00edn\u00e1 ve st\u0159edu 14. \u010dervna den p\u0159ed startem technickou p\u0159ej\u00edmkou v\u00a0Opletalov\u011b ulici p\u0159ed Autoklubem \u010cR, posledn\u00ed etapa zavede pos\u00e1dky v sobotu 17. \u010dervna do c\u00edle p\u0159ed N\u00e1rodn\u00ed technick\u00e9 muzeum na Letn\u00e9. Na oba dny srde\u010dn\u011b zveme \u0161irokou ve\u0159ejnost, uvid\u00edte ty nejkr\u00e1sn\u011bj\u0161\u00ed historick\u00e9 automobily u n\u00e1s a u\u017eijete si doprovodn\u00fd program pro v\u0161echny generace, vstup je zdarma. Leto\u0161n\u00ed ro\u010dn\u00edk se kon\u00e1 pod z\u00e1\u0161titou prezidentky Slovensk\u00e9 republiky Zuzany \u010caputov\u00e9 a prezidenta \u010cesk\u00e9 republiky Petra Pavla.<\/p>\n<p>Do sout\u011b\u017ee letos vyjede 115 pos\u00e1dek, podle pravidel mus\u00ed b\u00fdt startuj\u00edc\u00ed automobily vyroben\u00e9 do modelov\u00e9ho roku 1939. \u201e<em>Na startu budou i t\u0159i vozy, kter\u00e9 jely p\u016fvodn\u00edch 1000 mil \u010deskoslovensk\u00fdch. Aero 750 Sport bylo postaveno speci\u00e1ln\u011b pro tento z\u00e1vod, s\u00a0vozem Praga Alfa v roce 1933 zv\u00edt\u011bzil Ing. Petr Mucha, t\u0159et\u00edm vozem bude Tatra 77 z\u00a0roku 1934. Trasa sout\u011b\u017ee mezi Prahou a Bratislavou vede po co nejp\u016fvodn\u011bj\u0161\u00ed trase z\u00e1vodu a v\u016fbec cel\u00fd leto\u0161n\u00ed ro\u010dn\u00edk se sna\u017e\u00edme p\u0159ibl\u00ed\u017eit co nejv\u00edce p\u016fvodn\u00edmu z\u00e1vodu<\/em>,\u201c l\u00e1k\u00e1 div\u00e1ky Ji\u0159\u00ed Pato\u010dka, \u0159editel sout\u011b\u017ee.<\/p>\n<figure id=\"attachment_54989\" aria-describedby=\"caption-attachment-54989\" style=\"width: 1024px\" class=\"wp-caption alignnone\"><img loading=\"lazy\" decoding=\"async\" class=\"size-large wp-image-54989\" src=\"http:\/\/www.automakersnews.cz\/wp-content\/uploads\/2023\/06\/Stamicovo-kvarteto-1024x455.jpg\" alt=\"\" width=\"1024\" height=\"455\" \/><figcaption id=\"caption-attachment-54989\" class=\"wp-caption-text\">V \u00favodu tiskov\u00e9 konference zahr\u00e1lo Stamicovo kvarteto skladbu Franti\u0161ka Kmocha Na motoru jako upout\u00e1vku na koncert, kter\u00fd se uskute\u010dn\u00ed v p\u0159edve\u010der 1000 mil \u010deskoslovensk\u00fdch, v \u00fater\u00fd 13. \u010dervna 2023 od 19.30 hodin, ve Smetanov\u011b s\u00e1le klubov\u00e9ho domu Autoklubu \u010cR.<\/figcaption><\/figure>\n<p>Start 1000 mil \u010deskoslovensk\u00fdch 2023 prob\u011bhne ve \u010dtvrtek 15. \u010dervna v Opletalov\u011b ulici p\u0159ed budovou Autoklubu \u010cR mezi 6.00 a 7.40 hod. Ov\u0161em ji\u017e den p\u0159edt\u00edm, ve st\u0159edu 14. \u010dervna od 13.30 hodin program za\u010d\u00edn\u00e1 p\u0159\u00edjezdem prvn\u00edch sout\u011b\u017en\u00edch automobil\u016f k\u00a0technick\u00e9 p\u0159ej\u00edmce, Opletalova ulice se postupn\u011b zm\u011bn\u00ed v\u00a0z\u00e1vodn\u00ed depo.<\/p>\n<p><strong>Doprovodn\u00fd program<\/strong><\/p>\n<p>Pro div\u00e1ky bude p\u0159ipraven bohat\u00fd doprovodn\u00fd program, \u017eiv\u00e1 dobov\u00e1 hudba, st\u00e1nky \u0160KODA, Czech Motorsport a dal\u0161\u00ed. Nebudou chyb\u011bt komentovan\u00e9 rozhovory s \u00fa\u010dastn\u00edky sout\u011b\u017ee. Ozdobou programu bude p\u0159ehl\u00eddka unik\u00e1tn\u00edch model\u016f dobov\u00e9ho prvorepublikov\u00e9ho oble\u010den\u00ed. Ve spolupr\u00e1ci s N\u00e1rodn\u00edm pedagogick\u00fdm muzeem a knihovnou J. A. Komensk\u00e9ho bude p\u0159ipraven program pro d\u011bti p\u0159ipom\u00ednaj\u00edc\u00ed legend\u00e1rn\u00ed Eli\u0161ku Junkovou. St\u0159ede\u010dn\u00ed program p\u0159ed Autoklubem \u010cR bude trvat do 18.00 hodin. Akce se kon\u00e1 za finan\u010dn\u00ed podpory M\u011bstsk\u00e9 \u010d\u00e1sti Praha 1.<\/p>\n<p>\u201e<em>Akce prob\u00edh\u00e1 podle stejn\u00e9ho sc\u00e9n\u00e1\u0159e jako ve t\u0159ic\u00e1t\u00fdch letech minul\u00e9ho stolet\u00ed. Ulice se zm\u011bn\u00ed v \u201az\u00e1vodn\u00ed depo&#8216;, do kter\u00e9ho se postupn\u011b \u0159ad\u00ed automobily. Tak\u00e9 atmosf\u00e9ra je velmi podobn\u00e1, pos\u00e1dky lep\u00ed startovn\u00ed \u010d\u00edsla, diskutuj\u00ed o trati. P\u0159ij\u010fte se pod\u00edvat a u\u017e\u00edt si doprovodn\u00fd program. A druh\u00fd den od \u0161est\u00e9 hodiny rann\u00ed prob\u00edh\u00e1 samotn\u00fd start, kdy auta odj\u00ed\u017ed\u00ed v\u00a0minutov\u00fdch intervalech, to je tak\u00e9 \u00fa\u017easn\u00e9 vid\u011bt na vlastn\u00ed o\u010di<\/em>,\u201c zve v\u0161echny Jan \u0160\u0165ov\u00ed\u010dek, prezident Autoklubu \u010cesk\u00e9 republiky.<\/p>\n<p>Jedine\u010dnou pod\u00edvanou \u2013 p\u0159ehl\u00eddku \u201eM\u00f3da s\u00a0v\u016fn\u00ed benz\u00ednu\u201c pro n\u00e1v\u0161t\u011bvn\u00edky Opletalovy ulice ve st\u0159edu odpoledne p\u0159ipravuje Salon prvn\u00ed republiky. Z\u00e1vod 1000 mil \u010deskoslovensk\u00fdch byl toti\u017e tehdy nejen jedn\u00edm z nejd\u016fle\u017eit\u011bj\u0161\u00edch z\u00e1vod\u016f, ale tak\u00e9 v\u00fdznamnou spole\u010denskou ud\u00e1lost\u00ed, kterou si nenechaly uj\u00edt p\u0159edn\u00ed \u0161pi\u010dky tehdej\u0161\u00ed spole\u010dnosti.<\/p>\n<p>\u201e<em>Chcete spole\u010dn\u011b s n\u00e1mi za\u017e\u00edt atmosf\u00e9ru z\u00e1vod\u016f?\u00a0 Potkat hv\u011bzdy z\u00e1vodn\u00edho nebe \u010di v\u00fdznamn\u00e9 osobnosti tehdej\u0161\u00ed spole\u010dnosti?\u00a0 V\u00edte, co se p\u0159i takov\u00e9 p\u0159\u00edle\u017eitosti nosilo? Na p\u0159ehl\u00eddce prezentujeme nejen origin\u00e1ly z na\u0161\u00ed soukrom\u00e9 sb\u00edrky, ale tak\u00e9 modely zhotoven\u00e9 p\u0159esn\u011b podle dobov\u00fdch st\u0159ih\u016f a m\u00f3dn\u00edch katalog\u016f<\/em>,\u201c zve Sylvie Zouharov\u00e1 Dykov\u00e1.<\/p>\n<p>Na st\u0159ede\u010dn\u00ed akci se tak\u00e9 pod\u00edl\u00ed N\u00e1rodn\u00ed pedagogick\u00e9 muzeum a knihovna J. A. Komensk\u00e9ho (NPMK). Budova Pedagogick\u00e9 knihovny J. A. Komensk\u00e9ho se nach\u00e1z\u00ed p\u0159\u00edmo vedle budovy Autoklubu \u010cR. Pr\u00e1v\u011b zde se uskute\u010dn\u00ed ve st\u0159edu 14. \u010dervna 2023 od 14.00 do 17.00 hodin doprovodn\u00fd vzd\u011bl\u00e1vac\u00ed program pro d\u011bti na t\u00e9ma \u201eBu\u010f jako Eli\u0161ka!\u201c na podporu dopravn\u00ed v\u00fduky.<\/p>\n<p>Doprovodn\u00fd program v prostor\u00e1ch Pedagogick\u00e9 knihovny, Jeruzal\u00e9msk\u00e1 12, Praha 1 bude v\u011bnov\u00e1n osobnosti Eli\u0161ky Junkov\u00e9 \u2013 jej\u00edm \u00fasp\u011bch\u016fm a odhodl\u00e1n\u00ed. D\u011bti se pomoc\u00ed informa\u010dn\u00edho panelu sezn\u00e1m\u00ed s osudem kr\u00e1lovny volantu. Budou pro n\u011b p\u0159ipravena t\u0159i stanovi\u0161t\u011b (Chytr\u00fd jako Eli\u0161ka, \u0160ikovn\u00fd jako Eli\u0161ka, Odv\u00e1\u017en\u00fd jako Eli\u0161ka), u nich\u017e budou plnit dan\u00e9 \u00fakoly. Za odm\u011bnu si odnesou vyrobenou tematickou placku. Mo\u017en\u00e9 bude tak\u00e9 nap\u0159\u00edklad zakoupit historick\u00e9 \u0161koln\u00ed obrazy na t\u00e9ma doprava.<\/p>\n<p>Rovn\u011b\u017e bude ve dvo\u0159e Pedagogick\u00e9 knihovny k dispozici fotokoutek s\u00a0t\u00e9matikou historick\u00fdch vozidel.<\/p>\n<p>V\u00a0sobotu 17. \u010dervna po 17.00 hodin\u011b vyvrchol\u00ed sout\u011b\u017e 1000 mil \u010deskoslovensk\u00fdch 2023 p\u0159ed budovou N\u00e1rodn\u00edho technick\u00e9ho muzea, kde p\u0159iv\u00edt\u00e1me vozy v\u00a0c\u00edlov\u00e9 rovince.<\/p>\n<p>\u201e<em>Jsem nesm\u00edrn\u011b r\u00e1d, \u017ee se N\u00e1rodn\u00ed technick\u00e9 muzeum m\u016f\u017ee na t\u00e9to mimo\u0159\u00e1dn\u00e9 akci op\u011bt pod\u00edlet. Dlouholet\u00fd \u0159editel z\u00e1vodu Miroslav Krejsa sv\u00fdm neoby\u010dejn\u00fdm \u00fasil\u00edm dovedl sout\u011b\u017e na evropskou \u00farove\u0148 a v\u011b\u0159\u00edm, \u017ee se s\u00a0iniciativou Veteran Car Clubu Praha bude d\u00e1l v\u00fdborn\u011b rozv\u00edjet. Nejen sv\u00fdm koleg\u016fm na vozech Aero 50 HP a Jawa Minor z\u00a0muzejn\u00edch sb\u00edrek, ale v\u0161em pos\u00e1dk\u00e1m p\u0159eji hodn\u011b \u00fasp\u011bch\u016f a zvu velk\u00e9 i mal\u00e9 na sobotn\u00ed odpoledne p\u0159ed N\u00e1rodn\u00ed technick\u00e9 muzeum. Zde budou moci vid\u011bt dojezd voz\u016f do c\u00edle, za\u017e\u00edt skv\u011blou atmosf\u00e9ru a mal\u00ed z\u00e1vodn\u00edci si vyzkou\u0161\u00ed z\u00e1vod v\u00a0j\u00edzd\u011b pravidelnosti na \u0161lapac\u00edch aut\u00ed\u010dk\u00e1ch<\/em>,\u201c dopl\u0148uje gener\u00e1ln\u00ed \u0159editel N\u00e1rodn\u00edho technick\u00e9ho muzea Karel Ksandr.<\/p>\n<p>Sobotn\u00ed odpoledn\u00ed program N\u00e1rodn\u00edho technick\u00e9ho muzea je p\u0159ipraven p\u0159edev\u0161\u00edm pro rodiny s\u00a0d\u011btmi a zpest\u0159\u00ed \u010dek\u00e1n\u00ed na vyvrcholen\u00ed z\u00e1vodu \u2013 dojezd pos\u00e1dek do c\u00edle p\u0159ed budovu muzea.<\/p>\n<p>Od 14 hodin budou p\u0159ipraveny uk\u00e1zky funk\u010dn\u00edch model\u016f, d\u00edky kter\u00fdm d\u011bti poznaj\u00ed, jak funguje nap\u0159\u00edklad spalovac\u00ed motor a mnoho dal\u0161\u00edho. D\u011bti ve v\u011bku 3 a\u017e 7 let se budou moci projet ve \u0161lapac\u00edch aut\u00ed\u010dk\u00e1ch z\u00a0d\u00edlny Czech Pedal Cars a z\u00fa\u010dastnit se ji\u017e t\u0159et\u00ed ro\u010dn\u00edku z\u00e1vodu \u0161lapac\u00edch aut\u00ed\u010dek \u201eRallye NTM\u201c v\u00a0j\u00edzd\u00e1ch pravidelnosti. Na v\u0161echny mal\u00e9 \u00fa\u010dastn\u00edky \u010dek\u00e1 odm\u011bna a na v\u00edt\u011bze sportovn\u00ed trofej. Samoz\u0159ejm\u011b bude otev\u0159en tak\u00e9 Letensk\u00fd koloto\u010d.<\/p>\n<p><strong>Zdroj: Autoklub \u010cR, Bohumil P\u00e1cl<\/strong><\/p>\n<p><img loading=\"lazy\" decoding=\"async\" class=\"alignnone size-large wp-image-54987\" src=\"http:\/\/www.automakersnews.cz\/wp-content\/uploads\/2023\/06\/1000-mil-cs-2022-1024x683.jpg\" alt=\"\" width=\"1024\" height=\"683\" \/><\/p>\n","protected":false},"excerpt":{"rendered":"<div class=\"mh-excerpt\"><p>Technick\u00e9 muzeum hostilo \u00favodn\u00ed tiskovou konferenci leto\u0161n\u00edho ro\u010dn\u00edku vzpom\u00ednkov\u00e9 j\u00edzdy historick\u00fdch automobil\u016f 1000 mil \u010deskoslovensk\u00fdch, jedn\u00e9 z v\u00fdznamn\u00fdch veter\u00e1nsk\u00fdch akc\u00ed, kter\u00e1 se letos kon\u00e1 mimo <a class=\"mh-excerpt-more\" href=\"https:\/\/www.automakersnews.cz\/index.php\/2023\/06\/13\/startuje-1000-mil-ceskoslovenskych\/\" title=\"Startuje 1000 mil \u010ceskoslovensk\u00fdch\">[&#8230;]<\/a><\/p>\n<\/div>","protected":false},"author":1,"featured_media":54986,"comment_status":"open","ping_status":"open","sticky":false,"template":"","format":"standard","meta":{"footnotes":""},"categories":[16,53],"tags":[],"class_list":["post-54985","post","type-post","status-publish","format-standard","has-post-thumbnail","hentry","category-motorsport","category-veterani"],"_links":{"self":[{"href":"https:\/\/www.automakersnews.cz\/index.php\/wp-json\/wp\/v2\/posts\/54985","targetHints":{"allow":["GET"]}}],"collection":[{"href":"https:\/\/www.automakersnews.cz\/index.php\/wp-json\/wp\/v2\/posts"}],"about":[{"href":"https:\/\/www.automakersnews.cz\/index.php\/wp-json\/wp\/v2\/types\/post"}],"author":[{"embeddable":true,"href":"https:\/\/www.automakersnews.cz\/index.php\/wp-json\/wp\/v2\/users\/1"}],"replies":[{"embeddable":true,"href":"https:\/\/www.automakersnews.cz\/index.php\/wp-json\/wp\/v2\/comments?post=54985"}],"version-history":[{"count":0,"href":"https:\/\/www.automakersnews.cz\/index.php\/wp-json\/wp\/v2\/posts\/54985\/revisions"}],"wp:featuredmedia":[{"embeddable":true,"href":"https:\/\/www.automakersnews.cz\/index.php\/wp-json\/wp\/v2\/media\/54986"}],"wp:attachment":[{"href":"https:\/\/www.automakersnews.cz\/index.php\/wp-json\/wp\/v2\/media?parent=54985"}],"wp:term":[{"taxonomy":"category","embeddable":true,"href":"https:\/\/www.automakersnews.cz\/index.php\/wp-json\/wp\/v2\/categories?post=54985"},{"taxonomy":"post_tag","embeddable":true,"href":"https:\/\/www.automakersnews.cz\/index.php\/wp-json\/wp\/v2\/tags?post=54985"}],"curies":[{"name":"wp","href":"https:\/\/api.w.org\/{rel}","templated":true}]}}