{"id":55,"date":"2022-01-03T12:57:30","date_gmt":"2022-01-03T12:57:30","guid":{"rendered":"http:\/\/www.automakersnews.cz\/?p=55"},"modified":"2022-01-03T12:57:30","modified_gmt":"2022-01-03T12:57:30","slug":"odesla-motoristicka-legenda-karel-loprais","status":"publish","type":"post","link":"https:\/\/www.automakersnews.cz\/index.php\/2022\/01\/03\/odesla-motoristicka-legenda-karel-loprais\/","title":{"rendered":"Ode\u0161la motoristick\u00e1 legenda Karel Loprais"},"content":{"rendered":"<p><strong>TATRA TRUCKS se z\u00e1rmutkem p\u0159ijala zpr\u00e1vu o skonu Karla Lopraise a vyslovuje up\u0159\u00edmnou soustrast rodin\u011b a poz\u016fstal\u00fdm. Karel Loprais byl skv\u011bl\u00fdm z\u00e1vodn\u00edkem, kter\u00fd se zapsal nesmazateln\u00fdm zp\u016fsobem do d\u011bjin sv\u011btov\u00e9ho motorsportu i do d\u011bjin automobilky.<\/strong><!--more--><\/p>\n<p>Jeho excelentn\u00ed v\u00fdkony v\u00a0extr\u00e9mn\u00edch podm\u00ednk\u00e1ch Rallye Dakar siln\u011b p\u0159isp\u011bly k tomu, \u017ee je Tatra celosv\u011btov\u011b jednou z nejsiln\u011bj\u0161\u00edch \u010desk\u00fdch zna\u010dek. Tatra na n\u011bj nikdy nezapomene a zavazuje se pe\u010dovat o jeho sportovn\u00ed odkaz, kter\u00fd se u\u017e stal ned\u00edlnou sou\u010d\u00e1st\u00ed tatrov\u00e1ck\u00e9 tradice.<\/p>\n<p>Karel Loprais se sv\u00fdmi pos\u00e1dkami \u0161estkr\u00e1t vyhr\u00e1l Rallye Dakar, celkem jeden\u00e1ctkr\u00e1t se um\u00edstil na stupn\u00edch v\u00edt\u011bz\u016f. Byl tak\u00e9 vyhl\u00e1\u0161en jedn\u00edm ze dvou nejv\u011bt\u0161\u00edch \u010desk\u00fdch z\u00e1vodn\u00edk\u016f 20. stolet\u00ed. Jeho jm\u00e9no bylo v\u017edy spojov\u00e1no se zna\u010dkou Tatra, dlouh\u00e1 l\u00e9ta v\u00a0Tat\u0159e pracoval a celou svou z\u00e1vodnickou kari\u00e9ru spojil s tatrovkami.<\/p>\n","protected":false},"excerpt":{"rendered":"<div class=\"mh-excerpt\"><p>TATRA TRUCKS se z\u00e1rmutkem p\u0159ijala zpr\u00e1vu o skonu Karla Lopraise a vyslovuje up\u0159\u00edmnou soustrast rodin\u011b a poz\u016fstal\u00fdm. Karel Loprais byl skv\u011bl\u00fdm z\u00e1vodn\u00edkem, kter\u00fd se zapsal <a class=\"mh-excerpt-more\" href=\"https:\/\/www.automakersnews.cz\/index.php\/2022\/01\/03\/odesla-motoristicka-legenda-karel-loprais\/\" title=\"Ode\u0161la motoristick\u00e1 legenda Karel Loprais\">[&#8230;]<\/a><\/p>\n<\/div>","protected":false},"author":1,"featured_media":56,"comment_status":"open","ping_status":"open","sticky":false,"template":"","format":"standard","meta":{"footnotes":""},"categories":[3],"tags":[],"class_list":["post-55","post","type-post","status-publish","format-standard","has-post-thumbnail","hentry","category-personalie"],"_links":{"self":[{"href":"https:\/\/www.automakersnews.cz\/index.php\/wp-json\/wp\/v2\/posts\/55","targetHints":{"allow":["GET"]}}],"collection":[{"href":"https:\/\/www.automakersnews.cz\/index.php\/wp-json\/wp\/v2\/posts"}],"about":[{"href":"https:\/\/www.automakersnews.cz\/index.php\/wp-json\/wp\/v2\/types\/post"}],"author":[{"embeddable":true,"href":"https:\/\/www.automakersnews.cz\/index.php\/wp-json\/wp\/v2\/users\/1"}],"replies":[{"embeddable":true,"href":"https:\/\/www.automakersnews.cz\/index.php\/wp-json\/wp\/v2\/comments?post=55"}],"version-history":[{"count":0,"href":"https:\/\/www.automakersnews.cz\/index.php\/wp-json\/wp\/v2\/posts\/55\/revisions"}],"wp:featuredmedia":[{"embeddable":true,"href":"https:\/\/www.automakersnews.cz\/index.php\/wp-json\/wp\/v2\/media\/56"}],"wp:attachment":[{"href":"https:\/\/www.automakersnews.cz\/index.php\/wp-json\/wp\/v2\/media?parent=55"}],"wp:term":[{"taxonomy":"category","embeddable":true,"href":"https:\/\/www.automakersnews.cz\/index.php\/wp-json\/wp\/v2\/categories?post=55"},{"taxonomy":"post_tag","embeddable":true,"href":"https:\/\/www.automakersnews.cz\/index.php\/wp-json\/wp\/v2\/tags?post=55"}],"curies":[{"name":"wp","href":"https:\/\/api.w.org\/{rel}","templated":true}]}}