{"id":5503,"date":"2022-11-29T09:15:50","date_gmt":"2022-11-29T09:15:50","guid":{"rendered":"https:\/\/www.automakersnews.cz\/?p=5503"},"modified":"2022-11-29T09:22:08","modified_gmt":"2022-11-29T09:22:08","slug":"bmw-lide-by-si-meli-nechavali-auta-dele","status":"publish","type":"post","link":"https:\/\/www.automakersnews.cz\/index.php\/2022\/11\/29\/bmw-lide-by-si-meli-nechavali-auta-dele\/","title":{"rendered":"BMW: lid\u00e9 by si m\u011bli nech\u00e1vali auta d\u00e9le"},"content":{"rendered":"<p class=\"c_a7\"><strong>Zat\u00edmco v\u011bt\u0161ina automobilek vyz\u00fdv\u00e1 k rychlej\u0161\u00ed obnov\u011b vozov\u00fdch park\u016f, podle BMW by si m\u011bli lid\u00e9 nechat d\u00e9le sv\u00e1 star\u0161\u00ed auta, nikoliv st\u00e1le dokola kupovat nov\u00e1, aby p\u0159isp\u011bli k udr\u017eitelnosti pr\u016fmyslu. Jednou z cest je obnovov\u00e1n\u00ed nap\u0159\u00edklad interi\u00e9r\u016f star\u0161\u00edch aut, mysl\u00ed si mana\u017eerka zna\u010dky Monika Dernaiov\u00e1.<\/strong><!--more--><\/p>\n<p class=\"c_a7\"><span class=\"c_bU\">Zd\u00e1lo by se, \u017ee automobilka bude cht\u00edt prod\u00e1vat \u010d\u00edm d\u00e1l v\u00edc nov\u00fdch aut a vyj\u00e1d\u0159en\u00ed veden\u00ed tomu budou odpov\u00eddat. Monika Dernaiov\u00e1, \u0161\u00e9fka udr\u017eitelnosti u n\u011bmeck\u00e9 automobilky BMW, ale hovo\u0159\u00ed jinak &#8211; kupovat st\u00e1le dokola nov\u00e1 auta podle n\u00ed nen\u00ed \u017e\u00e1douc\u00ed.<\/span><\/p>\n<div class=\"e_a7\" data-dot=\"mol-paragraph\">\n<p class=\"c_a7\"><span class=\"c_bU\">\u201eMus\u00edme se zamyslet nad prodlu\u017eov\u00e1n\u00edm \u017eivot\u016f aut; nikoliv m\u00edt trh s\u00a0ojet\u00fdmi vozy, kde se auta p\u0159eprod\u00e1vaj\u00ed, ale mo\u017en\u00e1 sp\u00ed\u0161 vz\u00edt auto a\u00a0prodlou\u017eit jeho \u017eivotnost. T\u0159eba byste mohli obnovit interi\u00e9r,\u201c cituje ji britsk\u00fd web AutoExpress.<\/span><\/p>\n<\/div>\n<div class=\"e_a7\" data-dot=\"mol-paragraph\">\n<p class=\"c_a7\"><span class=\"c_bU\">\u201ePot\u0159ebujeme novou sadu dovednost\u00ed v\u00a0oblasti ojet\u00fdch aut a\u00a0tak\u00e9 pot\u0159ebujeme vytv\u00e1\u0159et auta tak, aby se sedadlo dalo nahradit nov\u00fdm &#8211; pak to je star\u0161\u00ed auto, kter\u00e9 ale p\u016fsob\u00ed jako nov\u00e9. M\u016f\u017ee m\u00edt i\u00a0po\u0159\u00e1d stejn\u00e9ho majitele, kter\u00fd si tedy nekoup\u00ed nov\u00e9 auto, my jako BMW po\u0159\u00e1d m\u00e1me obchodn\u00ed model a\u00a0spole\u010dnost benefituje,\u201c pokra\u010duje mana\u017eerka.<\/span><\/p>\n<p><span class=\"c_bU\">Dernaiov\u00e1 promluvila k\u00a0publiku na panelov\u00e9 diskusi v\u011bnuj\u00edc\u00ed se cirkul\u00e1rn\u00ed ekonomice. Tento pojem ukr\u00fdv\u00e1 ideu, \u017ee spole\u010dnost by m\u011bla op\u011btovn\u011b pou\u017e\u00edvat a\u00a0recyklovat, co nejv\u00edc to jde, a\u00a0m\u00edt co nejm\u00e9n\u011b odpadu.<\/span><\/p>\n<p><span class=\"c_bU\">Jakkoliv titul \u201e\u0161\u00e9fka udr\u017eitelnosti\u201c m\u016f\u017ee leckomu zn\u00edt pon\u011bkud d\u011bsiv\u011b, Monika Dernaiov\u00e1 nepracuje na rozkladu automobilky zevnit\u0159. Nebo to tak alespo\u0148 z\u00a0jej\u00edch vyj\u00e1d\u0159en\u00ed nevypad\u00e1. V\u017edy podle n\u00ed bude pot\u0159eba individu\u00e1ln\u00ed automobilov\u00e9 dopravy a\u00a0ve star\u0161\u00edm rozhovoru mj. vyj\u00e1d\u0159ila nesouhlas se z\u00e1kazy aut v\u00a0centrech m\u011bst.<\/span><\/p>\n<p><strong>Toyota chce repasovat cel\u00e1 auta<\/strong><\/p>\n<div class=\"e_a7\" data-dot=\"mol-paragraph\">\n<p class=\"c_a7\"><span class=\"c_bU\">BMW nen\u00ed prvn\u00ed automobilka, odkud takov\u00e9to n\u00e1pady zn\u00ed. Nap\u0159. britsk\u00e1 divize Toyoty p\u0159i\u0161la s\u00a0n\u00e1padem repasovat cel\u00e1 auta tak, aby pro dal\u0161\u00ed z\u00e1kazn\u00edky byla co nejbl\u00ed\u017e stavu nov\u00e9ho vozu. <\/span><\/p>\n<p class=\"c_a7\"><span class=\"c_bU\">V\u00fdm\u011bna sedadla byl s\u00a0nejv\u011bt\u0161\u00ed pravd\u011bpodobnost\u00ed jen p\u0159\u00edklad, ov\u0161em aby \u010dlov\u011bk nabyl pocitu nov\u00e9ho auta, mus\u00ed se na letit\u00e9m voze ud\u011blat nesrovnateln\u011b v\u00edc pr\u00e1ce ne\u017e jen v\u00fdm\u011bna jedn\u00e9 sou\u010d\u00e1stky v\u00a0kabin\u011b.<\/span><\/p>\n<\/div>\n<div class=\"e_a7\" data-dot=\"mol-paragraph\">\n<p class=\"c_a7\"><span class=\"c_bU\">\u00a0<\/span><\/p>\n<\/div>\n<\/div>\n","protected":false},"excerpt":{"rendered":"<div class=\"mh-excerpt\"><p>Zat\u00edmco v\u011bt\u0161ina automobilek vyz\u00fdv\u00e1 k rychlej\u0161\u00ed obnov\u011b vozov\u00fdch park\u016f, podle BMW by si m\u011bli lid\u00e9 nechat d\u00e9le sv\u00e1 star\u0161\u00ed auta, nikoliv st\u00e1le dokola kupovat nov\u00e1, <a class=\"mh-excerpt-more\" href=\"https:\/\/www.automakersnews.cz\/index.php\/2022\/11\/29\/bmw-lide-by-si-meli-nechavali-auta-dele\/\" title=\"BMW: lid\u00e9 by si m\u011bli nech\u00e1vali auta d\u00e9le\">[&#8230;]<\/a><\/p>\n<\/div>","protected":false},"author":1,"featured_media":108,"comment_status":"open","ping_status":"open","sticky":false,"template":"","format":"standard","meta":{"footnotes":""},"categories":[38],"tags":[],"class_list":["post-5503","post","type-post","status-publish","format-standard","has-post-thumbnail","hentry","category-ekologie"],"_links":{"self":[{"href":"https:\/\/www.automakersnews.cz\/index.php\/wp-json\/wp\/v2\/posts\/5503","targetHints":{"allow":["GET"]}}],"collection":[{"href":"https:\/\/www.automakersnews.cz\/index.php\/wp-json\/wp\/v2\/posts"}],"about":[{"href":"https:\/\/www.automakersnews.cz\/index.php\/wp-json\/wp\/v2\/types\/post"}],"author":[{"embeddable":true,"href":"https:\/\/www.automakersnews.cz\/index.php\/wp-json\/wp\/v2\/users\/1"}],"replies":[{"embeddable":true,"href":"https:\/\/www.automakersnews.cz\/index.php\/wp-json\/wp\/v2\/comments?post=5503"}],"version-history":[{"count":0,"href":"https:\/\/www.automakersnews.cz\/index.php\/wp-json\/wp\/v2\/posts\/5503\/revisions"}],"wp:featuredmedia":[{"embeddable":true,"href":"https:\/\/www.automakersnews.cz\/index.php\/wp-json\/wp\/v2\/media\/108"}],"wp:attachment":[{"href":"https:\/\/www.automakersnews.cz\/index.php\/wp-json\/wp\/v2\/media?parent=5503"}],"wp:term":[{"taxonomy":"category","embeddable":true,"href":"https:\/\/www.automakersnews.cz\/index.php\/wp-json\/wp\/v2\/categories?post=5503"},{"taxonomy":"post_tag","embeddable":true,"href":"https:\/\/www.automakersnews.cz\/index.php\/wp-json\/wp\/v2\/tags?post=5503"}],"curies":[{"name":"wp","href":"https:\/\/api.w.org\/{rel}","templated":true}]}}