{"id":5508,"date":"2022-11-30T07:37:44","date_gmt":"2022-11-30T07:37:44","guid":{"rendered":"https:\/\/www.automakersnews.cz\/?p=5508"},"modified":"2022-11-30T13:53:07","modified_gmt":"2022-11-30T13:53:07","slug":"bmw-investuje-do-tovarny-v-debrecinu","status":"publish","type":"post","link":"https:\/\/www.automakersnews.cz\/index.php\/2022\/11\/30\/bmw-investuje-do-tovarny-v-debrecinu\/","title":{"rendered":"BMW investuje do tov\u00e1rny v Debrec\u00ednu"},"content":{"rendered":"<p><strong>BMW Group stav\u00ed ve sv\u00e9 ma\u010farsk\u00e9 tov\u00e1rn\u011b mont\u00e1\u017en\u00ed linku pro vysokonap\u011b\u0165ov\u00e9 baterie model\u016f NEUE KLASSE. Bude se nach\u00e1zet p\u0159\u00edmo v\u00a0are\u00e1lu tov\u00e1rny na v\u00fdrobu automobil\u016f v Debrec\u00edn\u011b, jeho\u017e v\u00fdstavba za\u010dala p\u0159ibli\u017en\u011b p\u0159ed p\u016fl rokem.<\/strong> <!--more--><\/p>\n<p>BMW Group vytvo\u0159\u00ed dal\u0161\u00edch v\u00edce ne\u017e 500 pracovn\u00edch m\u00edst a do v\u00fdstavby a spu\u0161t\u011bn\u00ed provozu cel\u00e9ho z\u00e1vodu do konce roku 2025 investuje p\u0159es dv\u011b miliardy eur.<\/p>\n<p>Milan Nedeljkovi\u0107, \u010dlen p\u0159edstavenstva BMW AG pro v\u00fdrobu, uvedl: \u201eV\u00a0Debrec\u00ednu stav\u00edme nejmodern\u011bj\u0161\u00ed v\u00fdrobn\u00ed z\u00e1vod na sv\u011bt\u011b. S na\u0161\u00edm p\u0159\u00edstupem iFACTORY nastavujeme v\u00a0oblasti v\u00fdroby automobil\u016f nov\u00e9 pr\u016fmyslov\u00e9 standardy. Na\u0161e investice podtrhuj\u00ed n\u00e1\u0161 systematick\u00fd p\u0159\u00edstup k\u00a0zav\u00e1d\u011bn\u00ed elektromobility.\u201c<\/p>\n<p>Nov\u00e1 ozn\u00e1men\u00ed p\u0159iv\u00edtala tak\u00e9 ma\u010farsk\u00e1 vl\u00e1da. P\u00e9ter Szijj\u00e1rt\u00f3, ma\u010farsk\u00fd ministr zahrani\u010dn\u00edch v\u011bc\u00ed a obchodu, \u0159ekl: \u201eTov\u00e1rna BMW Group v Debrec\u00edn\u011b je symbolem \u00fasp\u011b\u0161n\u00e9 ma\u010farsk\u00e9 ekonomick\u00e9 politiky posledn\u00edch dvan\u00e1cti let. Z\u00e1vod kombinuje ochranu \u017eivotn\u00edho prost\u0159ed\u00ed a konkurenceschopnost, a to je mnohem v\u00edce, ne\u017e jsme p\u016fvodn\u011b pl\u00e1novali.\u201c<\/p>\n<p><strong>Naj\u00edm\u00e1n\u00ed a \u0161kolen\u00ed zam\u011bstnanc\u016f BMW Group v Debrec\u00ednu.<\/strong><br \/>\n\u201eAbychom mohli spole\u010dn\u011b budovat budoucnost z\u00e1vodu BMW Group v\u00a0Debrec\u00edn\u011b, ji\u017e v\u00a0sou\u010dasn\u00e9 dob\u011b nab\u00edr\u00e1me nov\u00e9 kolegy na m\u00edst\u011b i z cel\u00e9ho Ma\u010farska,\u201c vysv\u011btluje Hans-Peter Kemser, prezident a gener\u00e1ln\u00ed \u0159editel BMW Manufacturing Hungary Kft. Tov\u00e1rna spole\u010dn\u011b s m\u00edstn\u00edmi partnery v oblasti vzd\u011bl\u00e1v\u00e1n\u00ed zah\u00e1j\u00ed na podzim 2023 ve sv\u00e9m intern\u00edm \u0161kolic\u00edm st\u0159edisku vzd\u011bl\u00e1vac\u00ed program.<\/p>\n<p>L\u00e1szl\u00f3 Papp, starosta Debrec\u00ednu, zd\u016fraznil roli BMW Group pro m\u011bsto: \u201eSvou investic\u00ed v Debrec\u00ednu se BMW Group krom\u011b vytvo\u0159en\u00ed nov\u00fdch pracovn\u00edch m\u00edst dlouhodob\u011b p\u0159id\u00e1v\u00e1 ke komunit\u011b na\u0161eho m\u011bsta. Spole\u010dn\u011b budujeme prosperuj\u00edc\u00ed budoucnost.\u201c<\/p>\n<p><strong>Kr\u00e1tk\u00e9 vzd\u00e1lenosti: mont\u00e1\u017e vysokonap\u011b\u0165ov\u00fdch bateri\u00ed v\u00a0tov\u00e1rn\u011b na v\u00fdrobu automobil\u016f.<\/strong><br \/>\nMont\u00e1\u017e vysokonap\u011b\u0165ov\u00fdch bateri\u00ed bude um\u00edst\u011bna v are\u00e1lu debrec\u00ednsk\u00e9 tov\u00e1rny na v\u00fdrobu automobil\u016f. Markus Fallb\u00f6hmer, senior viceprezident pro v\u00fdrobu bateri\u00ed ve spole\u010dnosti BMW Group, vysv\u011btluje: \u201eBMW iFACTORY krom\u011b jin\u00e9ho znamen\u00e1 tak\u00e9 zaji\u0161t\u011bn\u00ed kr\u00e1tk\u00fdch vzd\u00e1lenost\u00ed pro logistiku. \u00dazk\u00e9 propojen\u00ed mezi mont\u00e1\u017e\u00ed bateri\u00ed a v\u00fdrobou automobil\u016f je tedy ned\u00edlnou sou\u010d\u00e1st\u00ed na\u0161eho p\u0159\u00edstupu.\u201c<\/p>\n<p>V Debrec\u00ednu se bude nov\u00e1 generace cylindrick\u00fdch bateriov\u00fdch \u010dl\u00e1nk\u016f montovat do bateriov\u00e9ho pouzdra \u2013 kovov\u00e9ho r\u00e1mu, kter\u00fd se pozd\u011bji integruje do podvozku vozu. Ofici\u00e1ln\u00ed zah\u00e1jen\u00ed v\u00fdroby \u0161est\u00e9 generace vysokonap\u011b\u0165ov\u00fdch bateri\u00ed prob\u011bhne v roce 2025 soub\u011b\u017en\u011b se zah\u00e1jen\u00edm v\u00fdroby nov\u00fdch voz\u016f. V\u0161echny baterie pro vozidla z\u00a0tov\u00e1rny Debrec\u00edn budou montov\u00e1ny p\u0159\u00edmo na m\u00edst\u011b. Nov\u00fd v\u00fdrobn\u00ed z\u00e1vod se bude rozkl\u00e1dat na plo\u0161e p\u0159ibli\u017en\u011b 140 000 m<sup>2<\/sup>. Stavebn\u00ed pr\u00e1ce byly zah\u00e1jeny ned\u00e1vno.<\/p>\n<p><strong>Baterie 6. generace<\/strong><br \/>\nBaterie jsou pro konkurenceschopnost elektromobil\u016f rozhoduj\u00edc\u00ed. S novou generac\u00ed bateri\u00ed se u model\u016f NEUE KLASSE dojezd prodlou\u017e\u00ed a\u017e o 30 procent a rychlost nab\u00edjen\u00ed bude a\u017e o 30 procent vy\u0161\u0161\u00ed.<\/p>\n<p>BMW Group se zam\u011b\u0159uje zejm\u00e9na na co nejni\u017e\u0161\u00ed uhl\u00edkovou stopu a spot\u0159ebu zdroj\u016f p\u0159i v\u00fdrob\u011b, a to ji\u017e od sv\u00e9ho dodavatelsk\u00e9ho \u0159et\u011bzce. V\u00fdrobci \u010dl\u00e1nk\u016f budou p\u0159i jejich v\u00fdrob\u011b pou\u017e\u00edvat kobalt, lithium a nikl, kter\u00e9 obsahuj\u00ed ur\u010dit\u00fd pod\u00edl druhotn\u00fdch surovin, tj. surovin, kter\u00e9 se net\u011b\u017e\u00ed nov\u011b, ale jsou ji\u017e v ob\u011bhu. V\u00a0kombinaci se z\u00e1vazkem vyu\u017e\u00edvat p\u0159i v\u00fdrob\u011b bateriov\u00fdch \u010dl\u00e1nk\u016f pouze ekologickou energii z obnoviteln\u00fdch zdroj\u016f sn\u00ed\u017e\u00ed BMW Group uhl\u00edkovou stopu v\u00fdroby bateriov\u00fdch \u010dl\u00e1nk\u016f a\u017e o 60 %.<\/p>\n<p><img loading=\"lazy\" decoding=\"async\" class=\"alignnone size-medium wp-image-5512\" src=\"http:\/\/www.automakersnews.cz\/wp-content\/uploads\/2022\/11\/BMW-Werk-Debrecen-e1669715644701-300x163.jpg\" alt=\"\" width=\"300\" height=\"163\" srcset=\"https:\/\/www.automakersnews.cz\/wp-content\/uploads\/2022\/11\/BMW-Werk-Debrecen-e1669715644701-300x163.jpg 300w, https:\/\/www.automakersnews.cz\/wp-content\/uploads\/2022\/11\/BMW-Werk-Debrecen-e1669715644701-768x417.jpg 768w, https:\/\/www.automakersnews.cz\/wp-content\/uploads\/2022\/11\/BMW-Werk-Debrecen-e1669715644701.jpg 920w\" sizes=\"auto, (max-width: 300px) 100vw, 300px\" \/><\/p>\n<p>&nbsp;<\/p>\n","protected":false},"excerpt":{"rendered":"<div class=\"mh-excerpt\"><p>BMW Group stav\u00ed ve sv\u00e9 ma\u010farsk\u00e9 tov\u00e1rn\u011b mont\u00e1\u017en\u00ed linku pro vysokonap\u011b\u0165ov\u00e9 baterie model\u016f NEUE KLASSE. Bude se nach\u00e1zet p\u0159\u00edmo v\u00a0are\u00e1lu tov\u00e1rny na v\u00fdrobu automobil\u016f v <a class=\"mh-excerpt-more\" href=\"https:\/\/www.automakersnews.cz\/index.php\/2022\/11\/30\/bmw-investuje-do-tovarny-v-debrecinu\/\" title=\"BMW investuje do tov\u00e1rny v Debrec\u00ednu\">[&#8230;]<\/a><\/p>\n<\/div>","protected":false},"author":1,"featured_media":5509,"comment_status":"open","ping_status":"open","sticky":false,"template":"","format":"standard","meta":{"footnotes":""},"categories":[9],"tags":[],"class_list":["post-5508","post","type-post","status-publish","format-standard","has-post-thumbnail","hentry","category-investice"],"_links":{"self":[{"href":"https:\/\/www.automakersnews.cz\/index.php\/wp-json\/wp\/v2\/posts\/5508","targetHints":{"allow":["GET"]}}],"collection":[{"href":"https:\/\/www.automakersnews.cz\/index.php\/wp-json\/wp\/v2\/posts"}],"about":[{"href":"https:\/\/www.automakersnews.cz\/index.php\/wp-json\/wp\/v2\/types\/post"}],"author":[{"embeddable":true,"href":"https:\/\/www.automakersnews.cz\/index.php\/wp-json\/wp\/v2\/users\/1"}],"replies":[{"embeddable":true,"href":"https:\/\/www.automakersnews.cz\/index.php\/wp-json\/wp\/v2\/comments?post=5508"}],"version-history":[{"count":0,"href":"https:\/\/www.automakersnews.cz\/index.php\/wp-json\/wp\/v2\/posts\/5508\/revisions"}],"wp:featuredmedia":[{"embeddable":true,"href":"https:\/\/www.automakersnews.cz\/index.php\/wp-json\/wp\/v2\/media\/5509"}],"wp:attachment":[{"href":"https:\/\/www.automakersnews.cz\/index.php\/wp-json\/wp\/v2\/media?parent=5508"}],"wp:term":[{"taxonomy":"category","embeddable":true,"href":"https:\/\/www.automakersnews.cz\/index.php\/wp-json\/wp\/v2\/categories?post=5508"},{"taxonomy":"post_tag","embeddable":true,"href":"https:\/\/www.automakersnews.cz\/index.php\/wp-json\/wp\/v2\/tags?post=5508"}],"curies":[{"name":"wp","href":"https:\/\/api.w.org\/{rel}","templated":true}]}}