{"id":5514,"date":"2022-11-29T10:34:35","date_gmt":"2022-11-29T10:34:35","guid":{"rendered":"https:\/\/www.automakersnews.cz\/?p=5514"},"modified":"2022-11-29T10:40:34","modified_gmt":"2022-11-29T10:40:34","slug":"lucerna-videla-premieru-nove-ds-7","status":"publish","type":"post","link":"https:\/\/www.automakersnews.cz\/index.php\/2022\/11\/29\/lucerna-videla-premieru-nove-ds-7\/","title":{"rendered":"Lucerna vid\u011bla premi\u00e9ru nov\u00e9 DS 7"},"content":{"rendered":"<p class=\"v1MsoNormal\"><strong>\u0158editelka zna\u010dky DS Martina Bedrnov\u00e1 sezvala 28. listopadu novin\u00e1\u0159e do pra\u017esk\u00e9 Lucerny. V r\u00e1mci Festivalu francouzsk\u00e9ho filmu, jeho\u017e je import partnerem, se tu odehr\u00e1la premi\u00e9ra modelu DS 7. Kdo byl k vid\u011bn\u00ed v pas\u00e1\u017ei?<\/strong><!--more--><\/p>\n<p><span lang=\"cs-CZ\">&#8222;Nov\u00e1 DS 7 je v showroomu DS Store Praha p\u0159ipravena k testovac\u00edm j\u00edzd\u00e1m a objedn\u00e1vk\u00e1m z\u00e1kazn\u00edk\u016f. \u010cesk\u00e9 ceny za\u010d\u00ednaj\u00ed na 1 100 000 K\u010d a prvn\u00ed dod\u00e1vky z\u00e1kazn\u00edk\u016fm jsou napl\u00e1nov\u00e1ny na p\u0159elom roku,&#8220; \u0159ekla Bedrnov\u00e1 s t\u00edm, \u017ee zna\u010dka DS dosud v \u010cR prodala zhruba 900 voz\u016f. <\/span><\/p>\n<p><span lang=\"cs-CZ\">Z toho asi dv\u011b t\u0159etiny auta st\u00e1le jezd\u00ed na \u010desk\u00fdch silnic\u00edch.<br \/>\n<\/span><\/p>\n<p><img loading=\"lazy\" decoding=\"async\" class=\"alignnone size-medium wp-image-5545\" src=\"http:\/\/www.automakersnews.cz\/wp-content\/uploads\/2022\/11\/DS-Lucerna-TK-Amisova-300x225.jpg\" alt=\"\" width=\"300\" height=\"225\" srcset=\"https:\/\/www.automakersnews.cz\/wp-content\/uploads\/2022\/11\/DS-Lucerna-TK-Amisova-300x225.jpg 300w, https:\/\/www.automakersnews.cz\/wp-content\/uploads\/2022\/11\/DS-Lucerna-TK-Amisova-1024x768.jpg 1024w, https:\/\/www.automakersnews.cz\/wp-content\/uploads\/2022\/11\/DS-Lucerna-TK-Amisova-768x576.jpg 768w, https:\/\/www.automakersnews.cz\/wp-content\/uploads\/2022\/11\/DS-Lucerna-TK-Amisova-1536x1152.jpg 1536w, https:\/\/www.automakersnews.cz\/wp-content\/uploads\/2022\/11\/DS-Lucerna-TK-Amisova-678x509.jpg 678w, https:\/\/www.automakersnews.cz\/wp-content\/uploads\/2022\/11\/DS-Lucerna-TK-Amisova-326x245.jpg 326w, https:\/\/www.automakersnews.cz\/wp-content\/uploads\/2022\/11\/DS-Lucerna-TK-Amisova-80x60.jpg 80w, https:\/\/www.automakersnews.cz\/wp-content\/uploads\/2022\/11\/DS-Lucerna-TK-Amisova.jpg 2016w\" sizes=\"auto, (max-width: 300px) 100vw, 300px\" \/><\/p>\n<p><span lang=\"cs-CZ\">&#8222;Nov\u00fd model se vyzna\u010duje elektrifikovan\u00fdmi motory s v\u00fdkonem a\u017e 360 kon\u00ed, v sob\u011b spojuje technologickou odbornost a eleganci,&#8220; uvedla brand mana\u017eerka zna\u010dky Kamila Amisov\u00e1.<\/span><\/p>\n<figure id=\"attachment_5544\" aria-describedby=\"caption-attachment-5544\" style=\"width: 300px\" class=\"wp-caption alignnone\"><img loading=\"lazy\" decoding=\"async\" class=\"size-medium wp-image-5544\" src=\"http:\/\/www.automakersnews.cz\/wp-content\/uploads\/2022\/11\/DS-Amisova-Lucerna-e1669717560799-300x225.jpg\" alt=\"\" width=\"300\" height=\"225\" srcset=\"https:\/\/www.automakersnews.cz\/wp-content\/uploads\/2022\/11\/DS-Amisova-Lucerna-e1669717560799-300x225.jpg 300w, https:\/\/www.automakersnews.cz\/wp-content\/uploads\/2022\/11\/DS-Amisova-Lucerna-e1669717560799-326x245.jpg 326w, https:\/\/www.automakersnews.cz\/wp-content\/uploads\/2022\/11\/DS-Amisova-Lucerna-e1669717560799-80x60.jpg 80w, https:\/\/www.automakersnews.cz\/wp-content\/uploads\/2022\/11\/DS-Amisova-Lucerna-e1669717560799.jpg 500w\" sizes=\"auto, (max-width: 300px) 100vw, 300px\" \/><figcaption id=\"caption-attachment-5544\" class=\"wp-caption-text\">Kamila Amisov\u00e1 v akci<\/figcaption><\/figure>\n<p><span lang=\"cs-CZ\">Nov\u00e1 DS 7, kter\u00e1 je podle v\u00fdrobce zt\u011blesn\u011bn\u00edm francouzsk\u00e9ho know-how v oblasti luxusu, m\u00e1 ostrou p\u0159edn\u00ed \u010d\u00e1st vyu\u017e\u00edvaj\u00edc\u00ed technologi\u00ed DS Pixel LED Vision 3.0 a denn\u00edmi sv\u011btly DS Light Veil.<\/span><\/p>\n<p><img loading=\"lazy\" decoding=\"async\" class=\"alignnone size-medium wp-image-5549\" src=\"http:\/\/www.automakersnews.cz\/wp-content\/uploads\/2022\/11\/DS-Lucerna-vysavac-e1669718372686-300x225.jpg\" alt=\"\" width=\"300\" height=\"225\" srcset=\"https:\/\/www.automakersnews.cz\/wp-content\/uploads\/2022\/11\/DS-Lucerna-vysavac-e1669718372686-300x225.jpg 300w, https:\/\/www.automakersnews.cz\/wp-content\/uploads\/2022\/11\/DS-Lucerna-vysavac-e1669718372686-326x245.jpg 326w, https:\/\/www.automakersnews.cz\/wp-content\/uploads\/2022\/11\/DS-Lucerna-vysavac-e1669718372686-80x60.jpg 80w, https:\/\/www.automakersnews.cz\/wp-content\/uploads\/2022\/11\/DS-Lucerna-vysavac-e1669718372686.jpg 500w\" sizes=\"auto, (max-width: 300px) 100vw, 300px\" \/><\/p>\n<p><span lang=\"cs-CZ\">DS 7 E-Tense 4\u00d74 360, kterou vyvinula sportovn\u00ed divize DS Performance, je vybavena plug-in hybridn\u00edm motorem o v\u00fdkonu 360 kon\u00ed, nab\u00edz\u00ed inteligentn\u00ed pohon v\u0161ech kol, \u0161ir\u0161\u00ed rozchod kol, sn\u00ed\u017eenou sv\u011btlou v\u00fd\u0161ku a brzdy s velk\u00fdm pr\u016fm\u011brem.<br \/>\n<\/span><\/p>\n<p>Svoji novou v\u00e1no\u010dn\u00ed p\u00edse\u0148 na zap\u011bla na z\u00e1v\u011br premi\u00e9ry \u0159editeli Citroenu Franti\u0161ku Neumanovi amabasadorka DS Lucie Borhyov\u00e1.<\/p>\n<p><img loading=\"lazy\" decoding=\"async\" class=\"alignnone size-medium wp-image-5546\" src=\"http:\/\/www.automakersnews.cz\/wp-content\/uploads\/2022\/11\/DS-Lucerna-Borhyova-e1669717977444-225x300.jpg\" alt=\"\" width=\"225\" height=\"300\" srcset=\"https:\/\/www.automakersnews.cz\/wp-content\/uploads\/2022\/11\/DS-Lucerna-Borhyova-e1669717977444-225x300.jpg 225w, https:\/\/www.automakersnews.cz\/wp-content\/uploads\/2022\/11\/DS-Lucerna-Borhyova-e1669717977444.jpg 530w\" sizes=\"auto, (max-width: 225px) 100vw, 225px\" \/><\/p>\n<p>&nbsp;<\/p>\n<p>&nbsp;<\/p>\n","protected":false},"excerpt":{"rendered":"<div class=\"mh-excerpt\"><p>\u0158editelka zna\u010dky DS Martina Bedrnov\u00e1 sezvala 28. listopadu novin\u00e1\u0159e do pra\u017esk\u00e9 Lucerny. V r\u00e1mci Festivalu francouzsk\u00e9ho filmu, jeho\u017e je import partnerem, se tu odehr\u00e1la premi\u00e9ra <a class=\"mh-excerpt-more\" href=\"https:\/\/www.automakersnews.cz\/index.php\/2022\/11\/29\/lucerna-videla-premieru-nove-ds-7\/\" title=\"Lucerna vid\u011bla premi\u00e9ru nov\u00e9 DS 7\">[&#8230;]<\/a><\/p>\n<\/div>","protected":false},"author":1,"featured_media":5543,"comment_status":"open","ping_status":"open","sticky":false,"template":"","format":"standard","meta":{"footnotes":""},"categories":[31,29],"tags":[],"class_list":["post-5514","post","type-post","status-publish","format-standard","has-post-thumbnail","hentry","category-premiery","category-tiskovky"],"_links":{"self":[{"href":"https:\/\/www.automakersnews.cz\/index.php\/wp-json\/wp\/v2\/posts\/5514","targetHints":{"allow":["GET"]}}],"collection":[{"href":"https:\/\/www.automakersnews.cz\/index.php\/wp-json\/wp\/v2\/posts"}],"about":[{"href":"https:\/\/www.automakersnews.cz\/index.php\/wp-json\/wp\/v2\/types\/post"}],"author":[{"embeddable":true,"href":"https:\/\/www.automakersnews.cz\/index.php\/wp-json\/wp\/v2\/users\/1"}],"replies":[{"embeddable":true,"href":"https:\/\/www.automakersnews.cz\/index.php\/wp-json\/wp\/v2\/comments?post=5514"}],"version-history":[{"count":0,"href":"https:\/\/www.automakersnews.cz\/index.php\/wp-json\/wp\/v2\/posts\/5514\/revisions"}],"wp:featuredmedia":[{"embeddable":true,"href":"https:\/\/www.automakersnews.cz\/index.php\/wp-json\/wp\/v2\/media\/5543"}],"wp:attachment":[{"href":"https:\/\/www.automakersnews.cz\/index.php\/wp-json\/wp\/v2\/media?parent=5514"}],"wp:term":[{"taxonomy":"category","embeddable":true,"href":"https:\/\/www.automakersnews.cz\/index.php\/wp-json\/wp\/v2\/categories?post=5514"},{"taxonomy":"post_tag","embeddable":true,"href":"https:\/\/www.automakersnews.cz\/index.php\/wp-json\/wp\/v2\/tags?post=5514"}],"curies":[{"name":"wp","href":"https:\/\/api.w.org\/{rel}","templated":true}]}}