{"id":55305,"date":"2023-06-15T07:16:07","date_gmt":"2023-06-15T07:16:07","guid":{"rendered":"https:\/\/www.automakersnews.cz\/?p=55305"},"modified":"2023-06-15T07:16:22","modified_gmt":"2023-06-15T07:16:22","slug":"manpower-optimismus-na-trhu-prace-roste","status":"publish","type":"post","link":"https:\/\/www.automakersnews.cz\/index.php\/2023\/06\/15\/manpower-optimismus-na-trhu-prace-roste\/","title":{"rendered":"Manpower: Optimismus na trhu pr\u00e1ce roste"},"content":{"rendered":"<p><strong>ManpowerGroup \u010cesk\u00e1 republika zve\u0159ejnila na tiskov\u00e9 konferenci v\u00fdsledky pr\u016fzkumu \u201eManpowerGroup index trhu pr\u00e1ce\u201c pro t\u0159et\u00ed \u010dtvrtlet\u00ed roku 2023.<\/strong><!--more--><\/p>\n<p>V r\u00e1mci pr\u016fzkumu ManpowerGroup index trhu pr\u00e1ce pro t\u0159et\u00ed \u010dtvrtlet\u00ed 2023 byla v\u0161em \u00fa\u010dastn\u00edk\u016fm vybran\u00e9ho reprezentativn\u00edho vzorku 510 zam\u011bstnavatel\u016f v \u010cR polo\u017eena ot\u00e1zka: \u201eJak o\u010dek\u00e1v\u00e1te, \u017ee se zm\u011bn\u00ed celkov\u00fd po\u010det zam\u011bstnanc\u016f ve va\u0161\u00ed spole\u010dnosti v n\u00e1sleduj\u00edc\u00edm \u010dtvrtlet\u00ed do konce z\u00e1\u0159\u00ed 2023 v porovn\u00e1n\u00ed s aktu\u00e1ln\u00edm \u010dtvrtlet\u00edm?\u201c<\/p>\n<p>Zam\u011bstnavatel\u00e9 v \u010cesk\u00e9 republice pl\u00e1nuj\u00ed ve t\u0159et\u00edm \u010dtvrtlet\u00ed roku 2023 p\u0159ev\u00e1\u017en\u011b navy\u0161ovat po\u010det zam\u011bstnanc\u016f. 35 % zam\u011bstnavatel\u016f bude nab\u00edrat, 16 % propou\u0161t\u011bt \u2013 \u010cist\u00fd index trhu pr\u00e1ce tak \u010din\u00ed 19 procentn\u00edch bod\u016f, co\u017e je o 3 procentn\u00ed body v\u00edce ve srovn\u00e1n\u00ed s p\u0159edchoz\u00edm \u010dtvrtlet\u00edm a dokonce o 12 bod\u016f v\u00edce ne\u017e v prvn\u00edm \u010dtvrtlet\u00ed, kdy byl index z\u00e1porn\u00fd.<\/p>\n<p>Av\u0161ak v meziro\u010dn\u00edm srovn\u00e1n\u00ed je st\u00e1le ni\u017e\u0161\u00ed o 2 procentn\u00ed body. V r\u00e1mci mezin\u00e1rodn\u00edho srovn\u00e1n\u00ed sezonn\u011b o\u010di\u0161t\u011bn\u00fdch dat se \u010cesk\u00e1 republika v \u00farovni n\u00e1borov\u00e9ho optimismu \u0159ad\u00ed do spodn\u00ed poloviny \u017eeb\u0159\u00ed\u010dku, a to 12 bod\u016f pod celosv\u011btov\u00fdm pr\u016fm\u011brem.<\/p>\n<p><img loading=\"lazy\" decoding=\"async\" class=\"alignnone wp-image-55306\" src=\"http:\/\/www.automakersnews.cz\/wp-content\/uploads\/2023\/06\/ManpowerGroup-2-300x182.png\" alt=\"\" width=\"874\" height=\"530\" srcset=\"https:\/\/www.automakersnews.cz\/wp-content\/uploads\/2023\/06\/ManpowerGroup-2-300x182.png 300w, https:\/\/www.automakersnews.cz\/wp-content\/uploads\/2023\/06\/ManpowerGroup-2.png 461w\" sizes=\"auto, (max-width: 874px) 100vw, 874px\" \/><\/p>\n<p>\u201ePo velmi nejist\u00e9m za\u010d\u00e1tku roku se na ja\u0159e vr\u00e1tila na trh pr\u00e1ce d\u016fv\u011bra a d\u00edky rostouc\u00edmu optimismu firem za\u010dala nezam\u011bstnanost klesat o 7 a\u017e 10 tis\u00edc lid\u00ed m\u011bs\u00ed\u010dn\u011b. Podle ManpowerGroup index trhu pr\u00e1ce p\u0159edpokl\u00e1daj\u00ed zam\u011bstnavatel\u00e9 v pr\u016fb\u011bhu l\u00e9ta dal\u0161\u00ed navy\u0161ov\u00e1n\u00ed po\u010dtu zam\u011bstnanc\u016f. Subjekty v ekonomice se ale nad\u00e1le velmi t\u011b\u017eko vyrovn\u00e1vaj\u00ed s novou realitou \u2013 p\u0159esto\u017ee 35 % organizac\u00ed bude nab\u00edrat, tak v\u00edce ne\u017e ka\u017ed\u00e1 \u0161est\u00e1 firma pl\u00e1nuje sp\u00ed\u0161e propou\u0161t\u011bt,\u201c \u0159ekla Jaroslava Rezlerov\u00e1, gener\u00e1ln\u00ed \u0159editelka ManpowerGroup \u010cesk\u00e1 republika.<\/p>\n<p><strong>Porovn\u00e1n\u00ed dle odv\u011btv\u00ed<\/strong><\/p>\n<p>Index ve v\u0161ech 9 \u010desk\u00fdch odv\u011btv\u00edch ukazuje, \u017ee organizace o\u010dek\u00e1vaj\u00ed ve t\u0159et\u00edm \u010dtvrtlet\u00ed 2023 zv\u00fd\u0161en\u00ed po\u010dtu zam\u011bstnanc\u016f. Ve srovn\u00e1n\u00ed s p\u0159edchoz\u00edm \u010dtvrtlet\u00edm tempo n\u00e1boru pos\u00edlilo v p\u011bti odv\u011btv\u00edch a oslabilo ve \u010dty\u0159ech. V porovn\u00e1n\u00ed se stejn\u00fdm obdob\u00edm minul\u00e9ho roku v\u0161ak n\u00e1borov\u00e9 tempo zpomalilo v sedmi odv\u011btv\u00edch.<\/p>\n<p>Nejoptimisti\u010dt\u011bj\u0161\u00edm odv\u011btv\u00edm v \u010cesk\u00e9 republice je Finance, poji\u0161t\u011bn\u00ed a nemovitosti s \u010cist\u00fdm indexem trhu pr\u00e1ce 45. Oproti minul\u00e9mu \u010dtvrtlet\u00ed se jedn\u00e1 o n\u00e1r\u016fst o 11 procentn\u00edch bod\u016f, av\u0161ak v meziro\u010dn\u00edm srovn\u00e1n\u00ed se Index o 11 procentn\u00edch bod\u016f propadl. Druh\u00fd nejsiln\u011bj\u0161\u00ed sektor z hlediska n\u00e1bor\u016f je Energetika s indexem 32 procentn\u00edch bod\u016f. Oproti minul\u00e9mu \u010dtvrtlet\u00ed v\u00fdrazn\u011b pos\u00edlil Index v odv\u011btv\u00ed Komunika\u010dn\u00ed slu\u017eby, a to o 32 procentn\u00edch bod\u016f. Nejslab\u0161\u00ed hodnoty vykazuje odv\u011btv\u00ed Ostatn\u00ed, do kter\u00e9ho pat\u0159\u00ed ve\u0159ejn\u00fd sektor, st\u00e1tn\u00ed spr\u00e1va, vzd\u011bl\u00e1v\u00e1n\u00ed a neziskov\u00fd sektor.<\/p>\n<p><strong>Porovn\u00e1n\u00ed organizac\u00ed podle velikosti<\/strong><\/p>\n<p>Optimistick\u00e9 vyhl\u00eddky p\u0159edpov\u00eddaj\u00ed pro t\u0159et\u00ed \u010dtvrtlet\u00ed 2023 v\u0161echny 4 kategorie podle velikosti \u010desk\u00fdch organizac\u00ed. Proti minul\u00e9mu \u010dtvrtlet\u00ed n\u00e1borov\u00e9 aktivity zpomalily u velk\u00fdch spole\u010dnost\u00ed nad 250 zam\u011bstnanc\u016f, ale pos\u00edlili u mal\u00fdch a st\u0159edn\u00edch podnik\u016f.<\/p>\n<p><strong>Region\u00e1ln\u00ed srovn\u00e1n\u00ed v r\u00e1mci \u010cR<\/strong><\/p>\n<p>Zam\u011bstnavatel\u00e9 ve v\u0161ech t\u0159ech regionech p\u0159edpokl\u00e1daj\u00ed v pr\u016fb\u011bhu nadch\u00e1zej\u00edc\u00edho \u010dtvrtlet\u00ed r\u016fst trhu pr\u00e1ce. Nejsiln\u011bj\u0161\u00ed hodnoty vykazuje region Praha s indexem 22, oproti minul\u00e9mu \u010dtvrtlet\u00ed pos\u00edlil o 3 procentn\u00ed body a v meziro\u010dn\u00edm srovn\u00e1n\u00ed o 1 bod oslabil. Nejvy\u0161\u0161\u00ed n\u00e1r\u016fsty hl\u00e1s\u00ed region Morava, mezikvart\u00e1ln\u011b o 9 a meziro\u010dn\u011b o 6 procentn\u00edch bod\u016f.<\/p>\n<p><img loading=\"lazy\" decoding=\"async\" class=\"alignnone wp-image-55307\" src=\"http:\/\/www.automakersnews.cz\/wp-content\/uploads\/2023\/06\/ManpowerGroup-3-211x300.png\" alt=\"\" width=\"928\" height=\"1319\" srcset=\"https:\/\/www.automakersnews.cz\/wp-content\/uploads\/2023\/06\/ManpowerGroup-3-211x300.png 211w, https:\/\/www.automakersnews.cz\/wp-content\/uploads\/2023\/06\/ManpowerGroup-3.png 401w\" sizes=\"auto, (max-width: 928px) 100vw, 928px\" \/><\/p>\n<p><strong>Glob\u00e1ln\u00ed pohled<\/strong><\/p>\n<p>Spole\u010dnost ManpowerGroup provedla pr\u016fzkum mezi celkem 38 849 zam\u011bstnavateli ve 41 zem\u00edch, aby zjistila, jak\u00e9 jsou jejich n\u00e1borov\u00e9 pl\u00e1ny pro t\u0159et\u00ed \u010dtvrtlet\u00ed roku 2023. Pr\u016fzkum byl proveden v dob\u011b, kdy trval ekonomick\u00fd pokles, v\u010detn\u011b vysok\u00e9 inflace a rostouc\u00edch \u017eivotn\u00edch n\u00e1klad\u016f, co\u017e jsou st\u00e1le nal\u00e9hav\u00e9 probl\u00e9my pro mnoho zam\u011bstnanc\u016f a organizac\u00ed. Nav\u00edc v dob\u011b pr\u016fzkumu trv\u00e1 ji\u017e 14 m\u011bs\u00edc\u016f ukrajinsko-rusk\u00fd konflikt a nad\u00e1le ovliv\u0148uje o\u010dek\u00e1v\u00e1n\u00ed zam\u011bstnanosti zejm\u00e9na v Evrop\u011b.<\/p>\n<p>Ve 3. \u010dtvrtlet\u00ed 2023 zam\u011bstnavatel\u00e9 o\u010dek\u00e1vaj\u00ed rychlej\u0161\u00ed n\u00e1r\u016fst po\u010dtu zam\u011bstnanc\u016f ne\u017e v minul\u00e9m \u010dtvrtlet\u00ed. Sez\u00f3nn\u011b o\u010di\u0161t\u011bn\u00e1 data Indexu trhu pr\u00e1ce vykazuj\u00ed hodnotu 28. Glob\u00e1ln\u00ed Index se od minul\u00e9ho \u010dtvrtlet\u00ed zv\u00fd\u0161il o 5 bod\u016f a v\u011bt\u0161ina zem\u00ed zaznamenala m\u00edrn\u00fd n\u00e1r\u016fst ve srovn\u00e1n\u00ed s Q2 2023. V meziro\u010dn\u00edm srovn\u00e1n\u00ed je Index trhu pr\u00e1ce ni\u017e\u0161\u00ed o 4 procentn\u00ed body, jako n\u00e1sledek pokra\u010duj\u00edc\u00edho hospod\u00e1\u0159sk\u00e9ho poklesu. Navzdory t\u011bmto v\u00fdzv\u00e1m mnoho zam\u011bstnavatel\u016f uvedlo, \u017ee jejich organizace pokra\u010duj\u00ed v expanzi a zvy\u0161uj\u00ed popt\u00e1vku po nov\u00fdch talentech.<\/p>\n<p>Zem\u011b s nejni\u017e\u0161\u00edmi i nejvy\u0161\u0161\u00edmi n\u00e1borov\u00fdmi o\u010dek\u00e1v\u00e1n\u00edmi pro nadch\u00e1zej\u00edc\u00ed \u010dtvrtlet\u00ed se nach\u00e1zej\u00ed v regionu Ji\u017en\u00ed a St\u0159edn\u00ed Ameriky. Kostarika (43) hl\u00e1s\u00ed pro t\u0159et\u00ed \u010dtvrtlet\u00ed roku 2023 nejvy\u0161\u0161\u00ed Index trhu pr\u00e1ce, zat\u00edmco Argentina a jej\u00ed nestabiln\u00ed ekonomika hl\u00e1s\u00ed nejslab\u0161\u00ed n\u00e1borov\u00e9 pl\u00e1ny. Obecn\u011b si organizace st\u00e1le mysl\u00ed, \u017ee region Ji\u017en\u00ed a St\u0159edn\u00ed Ameriky m\u00e1 velk\u00fd obchodn\u00ed potenci\u00e1l. Spole\u010dnosti jako nap\u0159. Tesla otev\u00edraj\u00ed v regionu v\u00fdrobn\u00ed z\u00e1vody jako alternativu k z\u00e1vod\u016fm v \u010c\u00edn\u011b, podobn\u011b asijsk\u00e9 organizace vid\u00ed investi\u010dn\u00ed p\u0159\u00edle\u017eitosti k otev\u0159en\u00ed v\u00fdrobn\u00edch z\u00e1vod\u016f bl\u00ed\u017ee k USA.<\/p>\n","protected":false},"excerpt":{"rendered":"<div class=\"mh-excerpt\"><p>ManpowerGroup \u010cesk\u00e1 republika zve\u0159ejnila na tiskov\u00e9 konferenci v\u00fdsledky pr\u016fzkumu \u201eManpowerGroup index trhu pr\u00e1ce\u201c pro t\u0159et\u00ed \u010dtvrtlet\u00ed roku 2023.<\/p>\n<\/div>","protected":false},"author":4,"featured_media":55310,"comment_status":"open","ping_status":"open","sticky":false,"template":"","format":"standard","meta":{"footnotes":""},"categories":[8],"tags":[],"class_list":["post-55305","post","type-post","status-publish","format-standard","has-post-thumbnail","hentry","category-statistika"],"_links":{"self":[{"href":"https:\/\/www.automakersnews.cz\/index.php\/wp-json\/wp\/v2\/posts\/55305","targetHints":{"allow":["GET"]}}],"collection":[{"href":"https:\/\/www.automakersnews.cz\/index.php\/wp-json\/wp\/v2\/posts"}],"about":[{"href":"https:\/\/www.automakersnews.cz\/index.php\/wp-json\/wp\/v2\/types\/post"}],"author":[{"embeddable":true,"href":"https:\/\/www.automakersnews.cz\/index.php\/wp-json\/wp\/v2\/users\/4"}],"replies":[{"embeddable":true,"href":"https:\/\/www.automakersnews.cz\/index.php\/wp-json\/wp\/v2\/comments?post=55305"}],"version-history":[{"count":0,"href":"https:\/\/www.automakersnews.cz\/index.php\/wp-json\/wp\/v2\/posts\/55305\/revisions"}],"wp:featuredmedia":[{"embeddable":true,"href":"https:\/\/www.automakersnews.cz\/index.php\/wp-json\/wp\/v2\/media\/55310"}],"wp:attachment":[{"href":"https:\/\/www.automakersnews.cz\/index.php\/wp-json\/wp\/v2\/media?parent=55305"}],"wp:term":[{"taxonomy":"category","embeddable":true,"href":"https:\/\/www.automakersnews.cz\/index.php\/wp-json\/wp\/v2\/categories?post=55305"},{"taxonomy":"post_tag","embeddable":true,"href":"https:\/\/www.automakersnews.cz\/index.php\/wp-json\/wp\/v2\/tags?post=55305"}],"curies":[{"name":"wp","href":"https:\/\/api.w.org\/{rel}","templated":true}]}}