{"id":55348,"date":"2023-06-15T05:59:02","date_gmt":"2023-06-15T05:59:02","guid":{"rendered":"https:\/\/www.automakersnews.cz\/?p=55348"},"modified":"2023-06-15T05:59:02","modified_gmt":"2023-06-15T05:59:02","slug":"uber-jede-na-zelene-vlne","status":"publish","type":"post","link":"https:\/\/www.automakersnews.cz\/index.php\/2023\/06\/15\/uber-jede-na-zelene-vlne\/","title":{"rendered":"Uber jede na zelen\u00e9 vln\u011b"},"content":{"rendered":"<p><strong>\u00daspora emis\u00ed, sd\u00edlen\u00ed aut i chytr\u00e9 nab\u00edjen\u00ed s pl\u00e1nov\u00e1n\u00edm tras. Uber p\u0159edstavil nov\u00e9 funkce a slu\u017eby, kter\u00e9 cestuj\u00edc\u00edm i \u0159idi\u010d\u016fm usnadn\u00ed ekologicky \u0161etrn\u00e9 cestov\u00e1n\u00ed. <\/strong><!--more--><\/p>\n<p><strong>\u00daspora emis\u00ed j\u00edzd<\/strong><\/p>\n<p>Nov\u00e1 funkce Emission Savings (\u00daspora emis\u00ed), kterou cestuj\u00edc\u00ed najdou ve sv\u00e9m u\u017eivatelsk\u00e9m \u00fa\u010dtu, informuje o emis\u00edch, kter\u00e9 u\u0161et\u0159ili d\u00edky v\u00fdb\u011bru j\u00edzdy Green a Comfort Electric. Uber tak chce motivovat z\u00e1kazn\u00edky, aby tyto ekologi\u010dt\u011bj\u0161\u00ed zp\u016fsoby j\u00edzdy preferovali.<\/p>\n<p><strong>Zelen\u00fd obrubn\u00edk na leti\u0161t\u00edch<\/strong><\/p>\n<p>S n\u00e1stupem letn\u00ed turistick\u00e9 sez\u00f3ny zav\u00e1d\u00ed Uber na leti\u0161t\u00edch novinky, kter\u00e9 maj\u00ed cestuj\u00edc\u00ed i \u0159idi\u010de motivovat k v\u00fdb\u011bru ekologick\u00fdch alternativ. Cestuj\u00edc\u00ed, kte\u0159\u00ed se rozhodnou pro Uber Comfort Electric nebo Uber Green, mohou vyu\u017e\u00edt exkluzivn\u00ed p\u0159\u00edstup do vyhrazen\u00fdch z\u00f3n pro vyzved\u00e1v\u00e1n\u00ed na preferovan\u00fdch m\u00edstech na leti\u0161ti a budou platit i ni\u017e\u0161\u00ed j\u00edzdn\u00e9. Na \u0159idi\u010de zase \u010dek\u00e1 pohodln\u00fd, zlevn\u011bn\u00fd nebo dokonce bezplatn\u00fd p\u0159\u00edstup k rychlonab\u00edje\u010dk\u00e1m na parkovi\u0161ti pro \u0159idi\u010de.<\/p>\n<p><strong>Carsharing<\/strong><\/p>\n<p>Uber si uv\u011bdomuje, \u017ee v n\u011bkter\u00fdch situac\u00edch se cestuj\u00edc\u00ed bez auta neobejdou. Proto p\u0159edstavil novinku Uber Carshare, kter\u00e1 u\u017eivatel\u016fm umo\u017e\u0148uje zap\u016fj\u010dit si auto a nemuset tak \u0159e\u0161it vlastn\u00ed v\u016fz. Jak\u00e9koliv auto lze nyn\u00ed d\u00edky nov\u00e9 slu\u017eb\u011b snadno sd\u00edlet a pod\u00edlet se tak na omezov\u00e1n\u00ed po\u010dtu aut v ulic\u00edch.<\/p>\n<p><strong>Roz\u0161i\u0159ov\u00e1n\u00ed ekologick\u00fdch a car-free produkt\u016f<\/strong><\/p>\n<p>Uber v sou\u010dasnosti nab\u00edz\u00ed ve v\u00edce ne\u017e 200 m\u011bstech po cel\u00e9m sv\u011bt\u011b sadu udr\u017eiteln\u00fdch produkt\u016f, mezi kter\u00e9 pat\u0159\u00ed Uber Green pro j\u00edzdy s n\u00edzk\u00fdmi a nulov\u00fdmi emisemi, Comfort Electric pro elektrick\u00e9 j\u00edzdy v pr\u00e9miov\u00fdch vozech a Uber Planet pro kompenzaci emis\u00ed tam, kde jsou elektromobily m\u00e9n\u011b dostupn\u00e9.<\/p>\n<p>Mezi nov\u00e1 roz\u0161\u00ed\u0159en\u00ed ekologick\u00fdch slu\u017eeb Uber pat\u0159\u00ed:<\/p>\n<p>\u25cf UberX Share: \u0160iroce dostupn\u00fd produkt UberX Share pro sd\u00edlen\u00e9 j\u00edzdy je nyn\u00ed dostupn\u00fd v dal\u0161\u00edch 18 m\u011bstech, celkem tedy ve v\u00edce ne\u017e 50 m\u011bstech po cel\u00e9m sv\u011bt\u011b.<\/p>\n<p>\u25cf Bikes: Uber ve spolupr\u00e1ci se spole\u010dnost\u00ed Tembici roz\u0161i\u0159uje dostupnost j\u00edzdn\u00edch kol a elektrokol v Chile a poskytuje tak v\u00edce cestuj\u00edc\u00edm mo\u017enost udr\u017eiteln\u00e9 dopravy.<\/p>\n<p>\u25cf Uber Green: Uber Green byl dnes spu\u0161t\u011bn v Austr\u00e1lii a nyn\u00ed je dostupn\u00fd ve v\u00edce ne\u017e 140 m\u011bstech po cel\u00e9m sv\u011bt\u011b.<\/p>\n<p><strong>Smart Charging<\/strong><\/p>\n<p>Uber investuje 800 milion\u016f dolar\u016f na podporu rychlej\u0161\u00edho p\u0159echodu na elektrick\u00e1 vozidla. Proto\u017ee nab\u00edjen\u00ed elektromobilu m\u016f\u017ee b\u00fdt pro \u0159idi\u010de slo\u017eit\u00fd proces, sna\u017e\u00ed se ho Uber zjednodu\u0161it prost\u0159ednictv\u00edm inteligentn\u00edch funkc\u00ed nab\u00edjen\u00ed integrovan\u00fdch do aplikace Uber Driver. Technologie Uberu vyu\u017e\u00edv\u00e1 aktu\u00e1ln\u00ed informace, jako jsou ceny za nab\u00edjen\u00ed, doba nab\u00edjen\u00ed a dopravn\u00ed situace, a doporu\u010duje \u0159idi\u010d\u016fm optim\u00e1ln\u00ed \u010dasy a m\u00edsta nab\u00edjen\u00ed, aby maximalizovali sv\u00e9 p\u0159\u00edjmy a z\u00e1rove\u0148 minimalizovali starosti spojen\u00e9 s nab\u00edjen\u00edm. Uber tak\u00e9 vyv\u00edj\u00ed syst\u00e9m Battery-Aware Matching, kter\u00fd na z\u00e1klad\u011b stavu baterie doporu\u010duje j\u00edzdy, kter\u00e9 kon\u010d\u00ed v bl\u00edzkosti nab\u00edje\u010dky, a vyh\u00fdb\u00e1 se t\u011bm, kter\u00e9 p\u0159esahuj\u00ed dojezd vozidla. V budoucnu budou \u0159idi\u010di moci ovl\u00e1dat nab\u00edjen\u00ed p\u0159\u00edmo prost\u0159ednictv\u00edm aplikace.<\/p>\n<p><strong>Ekologick\u00e9 trasy<\/strong><\/p>\n<p>V n\u00e1vaznosti na \u00fasp\u011b\u0161nou implementaci v Severn\u00ed Americe Uber glob\u00e1ln\u011b roz\u0161i\u0159uje sv\u00e9 mapovac\u00ed algoritmy pro \u00fasporu paliva. Tyto algoritmy zohled\u0148uj\u00ed faktory, jako je nadmo\u0159sk\u00e1 v\u00fd\u0161ka a \u010detnost zast\u00e1vek na \u010dervenou, aby se minimalizovala spot\u0159eba paliva, ani\u017e by to m\u011blo vliv na d\u00e9lku j\u00edzdy nebo cenu j\u00edzdn\u00e9ho. Tato aktualizace ji\u017e pomohla \u0159idi\u010d\u016fm Uberu b\u011bhem pouh\u00fdch p\u00e1r m\u011bs\u00edc\u016f u\u0161et\u0159it 9 800 tun emis\u00ed CO2, co\u017e odpov\u00edd\u00e1 4,2 milion\u016fm litr\u016f benzinu.<\/p>\n<p><strong>Doru\u010dovac\u00ed slu\u017eby<\/strong><\/p>\n<p>Uber se sna\u017e\u00ed o udr\u017eitelnost tak\u00e9 v oblasti doru\u010dov\u00e1n\u00ed. Do roku 2040 chce eliminovat emise ze v\u0161ech dod\u00e1vek Uber Eats po cel\u00e9m sv\u011bt\u011b. Krom\u011b toho se spole\u010dnost zav\u00e1zala, \u017ee do roku 2030 vym\u00fdt\u00ed zbyte\u010dn\u00fd plastov\u00fd odpad z obal\u016f. Ve spolupr\u00e1ci s partnery jako Cooltra, Human Forest, Zoomo, Gogoro a Gachaco se Uber sna\u017e\u00ed zv\u00fd\u0161it po\u010det doru\u010den\u00ed bez pou\u017eit\u00ed automobil\u016f. D\u00edky partnerstv\u00ed se Sv\u011btov\u00fdm fondem na ochranu p\u0159\u00edrody a dal\u0161\u00edmi organizacemi poskytne Uber restaurac\u00edm a kur\u00fdr\u016fm slevy, pob\u00eddky a podporu v oblasti propagace.<\/p>\n<p><strong>Ekologick\u00e9 obaly<\/strong><\/p>\n<p>V roce 2020 zavedl Uber ve sv\u00e9 slu\u017eb\u011b Uber Eats mo\u017enost objedn\u00e1vky bez jednor\u00e1zov\u00e9ho n\u00e1dob\u00ed, aby sn\u00ed\u017eil mno\u017estv\u00ed obalov\u00e9ho odpadu. Nyn\u00ed ve vybran\u00fdch m\u011bstech zav\u00e1d\u00ed funkci Green Packaging, kter\u00e1 z\u00e1kazn\u00edk\u016fm umo\u017e\u0148uje vybrat si restaurace, kter\u00e9 pou\u017e\u00edvaj\u00ed recyklovateln\u00e9, opakovan\u011b pou\u017eiteln\u00e9 nebo kompostovateln\u00e9 obaly. S p\u0159ib\u00fdvaj\u00edc\u00edm po\u010dtem restaurac\u00ed, kter\u00e9 si osvojuj\u00ed udr\u017eiteln\u00e9 postupy, se bude tato funkce roz\u0161i\u0159ovat po cel\u00e9m sv\u011bt\u011b.<\/p>\n<p>Z\u00e1vazek Uberu k udr\u017eitelnosti podtrhuje ka\u017edoro\u010dn\u00ed zve\u0159ej\u0148ov\u00e1n\u00ed emis\u00ed uhl\u00edku p\u0159i j\u00edzd\u00e1ch i doru\u010dov\u00e1n\u00ed. Pl\u00e1ny spole\u010dnosti byly ov\u011b\u0159eny iniciativou Science Based Targets Initiative a Uber se stal jednou z prvn\u00edch spole\u010dnost\u00ed ve Spojen\u00fdch st\u00e1tech, kter\u00e1 toto potvrzen\u00ed z\u00edskala.<\/p>\n<p><img loading=\"lazy\" decoding=\"async\" class=\"alignnone wp-image-55356\" src=\"http:\/\/www.automakersnews.cz\/wp-content\/uploads\/2023\/06\/Smart-Charging-Still-169x300.png\" alt=\"\" width=\"650\" height=\"1154\" srcset=\"https:\/\/www.automakersnews.cz\/wp-content\/uploads\/2023\/06\/Smart-Charging-Still-169x300.png 169w, https:\/\/www.automakersnews.cz\/wp-content\/uploads\/2023\/06\/Smart-Charging-Still-576x1024.png 576w, https:\/\/www.automakersnews.cz\/wp-content\/uploads\/2023\/06\/Smart-Charging-Still-768x1365.png 768w\" sizes=\"auto, (max-width: 650px) 100vw, 650px\" \/><\/p>\n","protected":false},"excerpt":{"rendered":"<div class=\"mh-excerpt\"><p>\u00daspora emis\u00ed, sd\u00edlen\u00ed aut i chytr\u00e9 nab\u00edjen\u00ed s pl\u00e1nov\u00e1n\u00edm tras. Uber p\u0159edstavil nov\u00e9 funkce a slu\u017eby, kter\u00e9 cestuj\u00edc\u00edm i \u0159idi\u010d\u016fm usnadn\u00ed ekologicky \u0161etrn\u00e9 cestov\u00e1n\u00ed.<\/p>\n<\/div>","protected":false},"author":4,"featured_media":55355,"comment_status":"open","ping_status":"open","sticky":false,"template":"","format":"standard","meta":{"footnotes":""},"categories":[38],"tags":[],"class_list":["post-55348","post","type-post","status-publish","format-standard","has-post-thumbnail","hentry","category-ekologie"],"_links":{"self":[{"href":"https:\/\/www.automakersnews.cz\/index.php\/wp-json\/wp\/v2\/posts\/55348","targetHints":{"allow":["GET"]}}],"collection":[{"href":"https:\/\/www.automakersnews.cz\/index.php\/wp-json\/wp\/v2\/posts"}],"about":[{"href":"https:\/\/www.automakersnews.cz\/index.php\/wp-json\/wp\/v2\/types\/post"}],"author":[{"embeddable":true,"href":"https:\/\/www.automakersnews.cz\/index.php\/wp-json\/wp\/v2\/users\/4"}],"replies":[{"embeddable":true,"href":"https:\/\/www.automakersnews.cz\/index.php\/wp-json\/wp\/v2\/comments?post=55348"}],"version-history":[{"count":0,"href":"https:\/\/www.automakersnews.cz\/index.php\/wp-json\/wp\/v2\/posts\/55348\/revisions"}],"wp:featuredmedia":[{"embeddable":true,"href":"https:\/\/www.automakersnews.cz\/index.php\/wp-json\/wp\/v2\/media\/55355"}],"wp:attachment":[{"href":"https:\/\/www.automakersnews.cz\/index.php\/wp-json\/wp\/v2\/media?parent=55348"}],"wp:term":[{"taxonomy":"category","embeddable":true,"href":"https:\/\/www.automakersnews.cz\/index.php\/wp-json\/wp\/v2\/categories?post=55348"},{"taxonomy":"post_tag","embeddable":true,"href":"https:\/\/www.automakersnews.cz\/index.php\/wp-json\/wp\/v2\/tags?post=55348"}],"curies":[{"name":"wp","href":"https:\/\/api.w.org\/{rel}","templated":true}]}}