{"id":55349,"date":"2023-06-14T10:18:59","date_gmt":"2023-06-14T10:18:59","guid":{"rendered":"https:\/\/www.automakersnews.cz\/?p=55349"},"modified":"2023-06-14T10:19:37","modified_gmt":"2023-06-14T10:19:37","slug":"letni-vydani-casopisu-cesky-autoprumysl","status":"publish","type":"post","link":"https:\/\/www.automakersnews.cz\/index.php\/2023\/06\/14\/letni-vydani-casopisu-cesky-autoprumysl\/","title":{"rendered":"Letn\u00ed vyd\u00e1n\u00ed \u010dasopisu \u010cesk\u00fd autopr\u016fmysl"},"content":{"rendered":"<p class=\"v1MsoNormal\"><b>Nov\u00e9 \u010d\u00edslo \u010dasopisu \u010cesk\u00fd autopr\u016fmysl, kter\u00fd vyd\u00e1v\u00e1 Sdru\u017een\u00ed automobilov\u00e9ho pr\u016fmyslu p\u0159in\u00e1\u0161\u00ed informace o transformaci spole\u010dnost\u00ed v sektoru automotive, ale v\u011bnuje se i vztahu mezi podnikovou a akademickou sf\u00e9rou nebo p\u0159\u00edstupu bank k firm\u00e1m z hlediska ESG. <\/b><!--more--><\/p>\n<p class=\"v1MsoNormal\">V\u00edte, jak\u00fd je rozd\u00edl mezi \u010dipy vznikaj\u00edc\u00edmi z k\u0159em\u00edkov\u00fdch desek a t\u011bmi na b\u00e1zi karbidu k\u0159em\u00edku? A pro\u010d je to pro ro\u017enovskou spole\u010dnost onsemi tak d\u016fle\u017eit\u00e9? Chcete v\u011bd\u011bt, jak\u00e9 jsou alternativn\u00ed cesty k uhl\u00edkov\u00e9 neutralit\u011b, pokud zachov\u00e1me spalovac\u00ed motory? Tu\u0161\u00edte, jak vypad\u00e1 elektromobil TOGG? A zaj\u00edmalo by v\u00e1s, jak\u00e1 budoucnost \u010dek\u00e1 podle Klause Zellmera z\u00e1vody \u0160KODA AUTO? Odpov\u011bdi nejen na tyto ot\u00e1zky d\u00e1v\u00e1 aktu\u00e1ln\u00ed vyd\u00e1n\u00ed \u010dasopisu \u010cesk\u00fd autopr\u016fmysl.<\/p>\n<p class=\"v1MsoNormal\">Nov\u00e9 \u010d\u00edslo \u010dasopisu se v\u011bnuje tak\u00e9 spolupr\u00e1ci firem a \u0161kol, kter\u00e1 by m\u011bla zajistit odborn\u00edky s kompetencemi pot\u0159ebn\u00fdmi pro m\u011bn\u00edc\u00ed se sektor.\u00a0 Mimo jin\u00e9 toto t\u00e9ma zmi\u0148uje v rozhovoru i reprezentant skupiny spole\u010dnost\u00ed Bosch v \u010cesk\u00e9 republice Milan \u0160lachta, i kdy\u017e mluv\u00ed hlavn\u011b o tom, jak Bosch \u201eaktivn\u011b formuje budouc\u00ed modern\u00ed mobilitu&#8220;.<\/p>\n<p class=\"v1MsoNormal\">No\u0161ovick\u00fd Hyundai se \u010dasopisu pochlubil v\u011bt\u0161\u00edm zapojen\u00edm do koncernov\u00e9ho v\u00fdvoje, Digiteq Automotive vysv\u011btlil, jak vyu\u017e\u00edv\u00e1 virtu\u00e1ln\u00ed realitu p\u0159i zkoum\u00e1n\u00ed pozornosti \u0159idi\u010de, a MOTOR JIKOV uk\u00e1zal, k \u010demu lze (tak\u00e9) vyu\u017e\u00edt 3D tisk.<\/p>\n<p class=\"v1MsoNormal\">Pro firmy vyv\u00e1\u017eej\u00edc\u00ed automobily do Velk\u00e9 Brit\u00e1nie m\u016f\u017ee b\u00fdt p\u0159\u00ednosn\u00fd text o nov\u00fdch pravidlech p\u016fvodu. A pro v\u0161echny podniky pak rozhovor s Blankou Svobodovou, mana\u017eerkou pro korpor\u00e1tn\u00ed strategii a financov\u00e1n\u00ed Komer\u010dn\u00ed banky o tom, pro\u010d je dobr\u00e9 b\u00fdt zelen\u00fd.<\/p>\n<p><strong>Zdroj: Libu\u0161e Bautzov\u00e1<\/strong><\/p>\n","protected":false},"excerpt":{"rendered":"<div class=\"mh-excerpt\"><p>Nov\u00e9 \u010d\u00edslo \u010dasopisu \u010cesk\u00fd autopr\u016fmysl, kter\u00fd vyd\u00e1v\u00e1 Sdru\u017een\u00ed automobilov\u00e9ho pr\u016fmyslu p\u0159in\u00e1\u0161\u00ed informace o transformaci spole\u010dnost\u00ed v sektoru automotive, ale v\u011bnuje se i vztahu mezi podnikovou <a class=\"mh-excerpt-more\" href=\"https:\/\/www.automakersnews.cz\/index.php\/2023\/06\/14\/letni-vydani-casopisu-cesky-autoprumysl\/\" title=\"Letn\u00ed vyd\u00e1n\u00ed \u010dasopisu \u010cesk\u00fd autopr\u016fmysl\">[&#8230;]<\/a><\/p>\n<\/div>","protected":false},"author":1,"featured_media":55350,"comment_status":"open","ping_status":"open","sticky":false,"template":"","format":"standard","meta":{"footnotes":""},"categories":[27],"tags":[],"class_list":["post-55349","post","type-post","status-publish","format-standard","has-post-thumbnail","hentry","category-media"],"_links":{"self":[{"href":"https:\/\/www.automakersnews.cz\/index.php\/wp-json\/wp\/v2\/posts\/55349","targetHints":{"allow":["GET"]}}],"collection":[{"href":"https:\/\/www.automakersnews.cz\/index.php\/wp-json\/wp\/v2\/posts"}],"about":[{"href":"https:\/\/www.automakersnews.cz\/index.php\/wp-json\/wp\/v2\/types\/post"}],"author":[{"embeddable":true,"href":"https:\/\/www.automakersnews.cz\/index.php\/wp-json\/wp\/v2\/users\/1"}],"replies":[{"embeddable":true,"href":"https:\/\/www.automakersnews.cz\/index.php\/wp-json\/wp\/v2\/comments?post=55349"}],"version-history":[{"count":0,"href":"https:\/\/www.automakersnews.cz\/index.php\/wp-json\/wp\/v2\/posts\/55349\/revisions"}],"wp:featuredmedia":[{"embeddable":true,"href":"https:\/\/www.automakersnews.cz\/index.php\/wp-json\/wp\/v2\/media\/55350"}],"wp:attachment":[{"href":"https:\/\/www.automakersnews.cz\/index.php\/wp-json\/wp\/v2\/media?parent=55349"}],"wp:term":[{"taxonomy":"category","embeddable":true,"href":"https:\/\/www.automakersnews.cz\/index.php\/wp-json\/wp\/v2\/categories?post=55349"},{"taxonomy":"post_tag","embeddable":true,"href":"https:\/\/www.automakersnews.cz\/index.php\/wp-json\/wp\/v2\/tags?post=55349"}],"curies":[{"name":"wp","href":"https:\/\/api.w.org\/{rel}","templated":true}]}}