{"id":55354,"date":"2023-06-14T10:47:45","date_gmt":"2023-06-14T10:47:45","guid":{"rendered":"https:\/\/www.automakersnews.cz\/?p=55354"},"modified":"2023-06-14T11:16:27","modified_gmt":"2023-06-14T11:16:27","slug":"ministri-testuji-vodikovou-toyotu-mirai","status":"publish","type":"post","link":"https:\/\/www.automakersnews.cz\/index.php\/2023\/06\/14\/ministri-testuji-vodikovou-toyotu-mirai\/","title":{"rendered":"Minist\u0159i testuj\u00ed vod\u00edkovou Toyotu Mirai"},"content":{"rendered":"<p class=\"v1x_x_MsoNormal\"><strong><span class=\"v1x_x_ContentPasted0\">\u0160\u00e9f Toyoty \u010cR Martin Pele\u0161ka p\u0159edal ve st\u0159edu 14. \u010dervna dva vozy Mirai ministr\u016fm pr\u00e1ce a soci\u00e1ln\u00edch v\u011bc\u00ed a \u017eivotn\u00edho prost\u0159ed\u00ed. \u010clenov\u00e9 vl\u00e1dy maj\u00ed rok na to, aby otestovali jejich vod\u00edkov\u00fd pohon.\u00a0 <\/span><\/strong><!--more--><\/p>\n<p class=\"v1x_x_MsoNormal\"><span class=\"v1x_x_ContentPasted0\">Ministr pr\u00e1ce a soci\u00e1ln\u00edch v\u011bc\u00ed Marian Jure\u010dka \/KDU-\u010cSL\/ a ministr \u017eivotn\u00edho prost\u0159ed\u00ed Petr Hlad\u00edk \/KDU-\u010cSL\/ u\u017e v minulosti nakupovali pro sv\u00e9 resorty hybridy a elektromobily, te\u010f se rozhodli roz\u0161\u00ed\u0159it flotilu bezemisn\u00edch voz\u016f o vod\u00edkov\u00fd pohon.\u00a0 Od Toyoty si na rok pronajali za 20 000 korun m\u011bs\u00ed\u010dn\u011b po jednom kusu Miraie.<\/span><\/p>\n<p>Do u\u017e\u00edv\u00e1n\u00ed je z\u00edskali formou operativn\u00edho leasingu Toyota Kinto One. Vozy jsou v \u010dern\u00e9 metal\u00edze a ve v\u00fdbavov\u00e9 verzi Executive.<\/p>\n<p>&nbsp;<\/p>\n<p><img loading=\"lazy\" decoding=\"async\" class=\"alignnone size-large wp-image-55394\" src=\"http:\/\/www.automakersnews.cz\/wp-content\/uploads\/2023\/06\/Toiyota-Mirai-vlada-1024x768.jpg\" alt=\"\" width=\"1024\" height=\"768\" srcset=\"https:\/\/www.automakersnews.cz\/wp-content\/uploads\/2023\/06\/Toiyota-Mirai-vlada-1024x768.jpg 1024w, https:\/\/www.automakersnews.cz\/wp-content\/uploads\/2023\/06\/Toiyota-Mirai-vlada-300x225.jpg 300w, https:\/\/www.automakersnews.cz\/wp-content\/uploads\/2023\/06\/Toiyota-Mirai-vlada-768x576.jpg 768w, https:\/\/www.automakersnews.cz\/wp-content\/uploads\/2023\/06\/Toiyota-Mirai-vlada-1536x1152.jpg 1536w, https:\/\/www.automakersnews.cz\/wp-content\/uploads\/2023\/06\/Toiyota-Mirai-vlada-678x509.jpg 678w, https:\/\/www.automakersnews.cz\/wp-content\/uploads\/2023\/06\/Toiyota-Mirai-vlada-326x245.jpg 326w, https:\/\/www.automakersnews.cz\/wp-content\/uploads\/2023\/06\/Toiyota-Mirai-vlada-80x60.jpg 80w, https:\/\/www.automakersnews.cz\/wp-content\/uploads\/2023\/06\/Toiyota-Mirai-vlada.jpg 2040w\" sizes=\"auto, (max-width: 1024px) 100vw, 1024px\" \/><\/p>\n<p>&#8222;Vod\u00edk bude v \u010cesku pat\u0159it k d\u016fle\u017eit\u00e9mu typu ekologick\u00e9ho pohonu, u\u017e letos se ke dv\u011bma jeho plni\u010dk\u00e1m p\u0159id\u00e1 dal\u0161\u00ed v Litv\u00ednov\u011b a ve st\u0159edn\u00edch \u010cech\u00e1ch.\u00a0 Toyota Mirai se za\u0159ad\u00ed vedle dal\u0161\u00edch n\u00edzkoemisn\u00edch voz\u016f na\u0161\u00ed flotili, jsem zv\u011bdav\u00fd jak se jej\u00ed pohon v praxi osv\u011bd\u010d\u00ed,&#8220; uvedl \u0161\u00e9f M\u017dP Hlad\u00edk.<\/p>\n<p><img loading=\"lazy\" decoding=\"async\" class=\"alignnone size-large wp-image-55395\" src=\"http:\/\/www.automakersnews.cz\/wp-content\/uploads\/2023\/06\/Toyota-Jurecka-vlada-Peleska-1024x768.jpg\" alt=\"\" width=\"1024\" height=\"768\" srcset=\"https:\/\/www.automakersnews.cz\/wp-content\/uploads\/2023\/06\/Toyota-Jurecka-vlada-Peleska-1024x768.jpg 1024w, https:\/\/www.automakersnews.cz\/wp-content\/uploads\/2023\/06\/Toyota-Jurecka-vlada-Peleska-300x225.jpg 300w, https:\/\/www.automakersnews.cz\/wp-content\/uploads\/2023\/06\/Toyota-Jurecka-vlada-Peleska-768x576.jpg 768w, https:\/\/www.automakersnews.cz\/wp-content\/uploads\/2023\/06\/Toyota-Jurecka-vlada-Peleska-1536x1152.jpg 1536w, https:\/\/www.automakersnews.cz\/wp-content\/uploads\/2023\/06\/Toyota-Jurecka-vlada-Peleska-678x509.jpg 678w, https:\/\/www.automakersnews.cz\/wp-content\/uploads\/2023\/06\/Toyota-Jurecka-vlada-Peleska-326x245.jpg 326w, https:\/\/www.automakersnews.cz\/wp-content\/uploads\/2023\/06\/Toyota-Jurecka-vlada-Peleska-80x60.jpg 80w, https:\/\/www.automakersnews.cz\/wp-content\/uploads\/2023\/06\/Toyota-Jurecka-vlada-Peleska.jpg 2040w\" sizes=\"auto, (max-width: 1024px) 100vw, 1024px\" \/><\/p>\n<p>Po p\u0159ed\u00e1n\u00ed voz\u016f oba minist\u0159i hned sami otestovali svoji Mirai v pra\u017esk\u00e9m provozu.<\/p>\n<iframe loading=\"lazy\"  style=\"display: block; margin: 0px auto;\"  id=\"_ytid_10526\"  width=\"800\" height=\"450\"  data-origwidth=\"800\" data-origheight=\"450\" src=\"https:\/\/www.youtube.com\/embed\/ebTS-zIPq80?enablejsapi=1&autoplay=1&cc_load_policy=0&iv_load_policy=1&loop=1&playlist=ebTS-zIPq80&modestbranding=0&fs=1&playsinline=0&controls=1&color=red&cc_lang_pref=&rel=1&autohide=2&theme=dark&\" class=\"__youtube_prefs__  no-lazyload\" title=\"YouTube player\"  allow=\"accelerometer; autoplay; clipboard-write; encrypted-media; gyroscope; picture-in-picture\" allowfullscreen data-no-lazy=\"1\" data-skipgform_ajax_framebjll=\"\"><\/iframe>\n<p><strong>Pele\u0161ka: Jasn\u00fd d\u016fkaz podpory rozvoje vod\u00edku<\/strong><\/p>\n<p>\u201ePo\u0159\u00edzen\u00ed vozu Mirai centr\u00e1ln\u00edmi org\u00e1ny st\u00e1tn\u00ed spr\u00e1vy ch\u00e1peme jako jasn\u00fd d\u016fkaz podpory rozvoje budov\u00e1n\u00ed vod\u00edkov\u00e9ho ekosyst\u00e9mu v \u010cesku. Po otev\u0159en\u00ed prvn\u00ed \u010derpac\u00ed stanice v Praze o\u010dek\u00e1v\u00e1me r\u016fst z\u00e1jmu o vod\u00edkov\u00e9 vozy. V leto\u0161n\u00edm roce by se jejich prodej mohl vy\u0161plhat na n\u011bkolik des\u00edtek,&#8220; \u0159\u00edk\u00e1 Pele\u0161ka.<\/p>\n<p>Pohon na vod\u00edkov\u00e9 palivov\u00e9 \u010dl\u00e1nky je alternativou ke klasick\u00fdm elektromobil\u016fm. Jeho v\u00fdhodou je p\u0159edev\u0161\u00edm kr\u00e1tk\u00e1 doba tankov\u00e1n\u00ed a del\u0161\u00ed dojezd. \u010cesk\u00e1 vl\u00e1da vod\u00edku v\u011b\u0159\u00ed a podporu v\u00fdstavby vod\u00edkov\u00fdch \u010derpac\u00edch stanic chce zakotvit v aktualizovan\u00e9m N\u00e1rodn\u00edm pl\u00e1nu \u010dist\u00e9 mobility. Do roku 2030 m\u00e1 b\u00fdt v \u010cesku a\u017e 40 \u010derpac\u00edch stanic na vod\u00edk.<\/p>\n<p><img loading=\"lazy\" decoding=\"async\" class=\"alignnone size-large wp-image-38335\" src=\"http:\/\/www.automakersnews.cz\/wp-content\/uploads\/2023\/04\/Tankovani-vodiku-do-Toyoty-Mirai-small-1-1024x608.jpg\" alt=\"\" width=\"1024\" height=\"608\" srcset=\"https:\/\/www.automakersnews.cz\/wp-content\/uploads\/2023\/04\/Tankovani-vodiku-do-Toyoty-Mirai-small-1-1024x608.jpg 1024w, https:\/\/www.automakersnews.cz\/wp-content\/uploads\/2023\/04\/Tankovani-vodiku-do-Toyoty-Mirai-small-1-300x178.jpg 300w, https:\/\/www.automakersnews.cz\/wp-content\/uploads\/2023\/04\/Tankovani-vodiku-do-Toyoty-Mirai-small-1-768x456.jpg 768w, https:\/\/www.automakersnews.cz\/wp-content\/uploads\/2023\/04\/Tankovani-vodiku-do-Toyoty-Mirai-small-1-1536x912.jpg 1536w, https:\/\/www.automakersnews.cz\/wp-content\/uploads\/2023\/04\/Tankovani-vodiku-do-Toyoty-Mirai-small-1.jpg 1989w\" sizes=\"auto, (max-width: 1024px) 100vw, 1024px\" \/><\/p>\n<p>Sedan st\u0159edn\u00ed t\u0159\u00eddy Toyota Mirai druh\u00e9 generace ujede na plnou n\u00e1dr\u017e zhruba 650 kilometr\u016f, v\u00a0\u010cesku se ho prodalo zat\u00edm v\u00a0\u0159\u00e1du des\u00edtek kus\u016f. Natankov\u00e1n\u00ed vozu trv\u00e1 t\u0159i a\u017e p\u011bt minut. Srdcem pohonu je elektromotor o v\u00fdkonu 182 kon\u00ed poh\u00e1n\u011bn\u00fd palivov\u00fdmi \u010dl\u00e1nky vyr\u00e1b\u011bj\u00edc\u00edmi elekt\u0159inu reakc\u00ed vod\u00edku a kysl\u00edku. Tato reakce prob\u00edh\u00e1 bez spalov\u00e1n\u00ed vod\u00edku, v\u016fz tedy nevypou\u0161t\u00ed CO<sub>2<\/sub> ani \u017e\u00e1dn\u00e9 \u0161kodliv\u00e9 l\u00e1tky a jedin\u00fdm vedlej\u0161\u00edm produktem je voda.<\/p>\n<p>&nbsp;<\/p>\n","protected":false},"excerpt":{"rendered":"<div class=\"mh-excerpt\"><p>\u0160\u00e9f Toyoty \u010cR Martin Pele\u0161ka p\u0159edal ve st\u0159edu 14. \u010dervna dva vozy Mirai ministr\u016fm pr\u00e1ce a soci\u00e1ln\u00edch v\u011bc\u00ed a \u017eivotn\u00edho prost\u0159ed\u00ed. \u010clenov\u00e9 vl\u00e1dy maj\u00ed rok <a class=\"mh-excerpt-more\" href=\"https:\/\/www.automakersnews.cz\/index.php\/2023\/06\/14\/ministri-testuji-vodikovou-toyotu-mirai\/\" title=\"Minist\u0159i testuj\u00ed vod\u00edkovou Toyotu Mirai\">[&#8230;]<\/a><\/p>\n<\/div>","protected":false},"author":1,"featured_media":55393,"comment_status":"open","ping_status":"open","sticky":false,"template":"","format":"standard","meta":{"footnotes":""},"categories":[55,2],"tags":[],"class_list":["post-55354","post","type-post","status-publish","format-standard","has-post-thumbnail","hentry","category-alternativni-pohony","category-news"],"_links":{"self":[{"href":"https:\/\/www.automakersnews.cz\/index.php\/wp-json\/wp\/v2\/posts\/55354","targetHints":{"allow":["GET"]}}],"collection":[{"href":"https:\/\/www.automakersnews.cz\/index.php\/wp-json\/wp\/v2\/posts"}],"about":[{"href":"https:\/\/www.automakersnews.cz\/index.php\/wp-json\/wp\/v2\/types\/post"}],"author":[{"embeddable":true,"href":"https:\/\/www.automakersnews.cz\/index.php\/wp-json\/wp\/v2\/users\/1"}],"replies":[{"embeddable":true,"href":"https:\/\/www.automakersnews.cz\/index.php\/wp-json\/wp\/v2\/comments?post=55354"}],"version-history":[{"count":0,"href":"https:\/\/www.automakersnews.cz\/index.php\/wp-json\/wp\/v2\/posts\/55354\/revisions"}],"wp:featuredmedia":[{"embeddable":true,"href":"https:\/\/www.automakersnews.cz\/index.php\/wp-json\/wp\/v2\/media\/55393"}],"wp:attachment":[{"href":"https:\/\/www.automakersnews.cz\/index.php\/wp-json\/wp\/v2\/media?parent=55354"}],"wp:term":[{"taxonomy":"category","embeddable":true,"href":"https:\/\/www.automakersnews.cz\/index.php\/wp-json\/wp\/v2\/categories?post=55354"},{"taxonomy":"post_tag","embeddable":true,"href":"https:\/\/www.automakersnews.cz\/index.php\/wp-json\/wp\/v2\/tags?post=55354"}],"curies":[{"name":"wp","href":"https:\/\/api.w.org\/{rel}","templated":true}]}}