{"id":55360,"date":"2023-06-14T10:45:10","date_gmt":"2023-06-14T10:45:10","guid":{"rendered":"https:\/\/www.automakersnews.cz\/?p=55360"},"modified":"2023-06-14T10:46:46","modified_gmt":"2023-06-14T10:46:46","slug":"stellantis-startuje-taxi-na-vodikovy-pohon","status":"publish","type":"post","link":"https:\/\/www.automakersnews.cz\/index.php\/2023\/06\/14\/stellantis-startuje-taxi-na-vodikovy-pohon\/","title":{"rendered":"Stellantis startuje taxi na vod\u00edkov\u00fd pohon"},"content":{"rendered":"<p><strong>Stellantis a Hype, nez\u00e1visl\u00fd subjekt nab\u00edzej\u00edc\u00ed \u010dist\u011b vod\u00edkov\u00e1 \u0159e\u0161en\u00ed mobility, ozn\u00e1mily partnerstv\u00ed v oblasti dod\u00e1vek a provozu vozidel na vod\u00edkov\u00fd pohon.<\/strong><!--more--><\/p>\n<p>Prvn\u00ed etapa projektu prob\u011bhne u\u017e v roce 2023 a bude zahrnovat prvn\u00ed dod\u00e1vku flotily 50 bezemisn\u00edch taxi voz\u016f (Crit&#8217;Air 0) pro p\u0159epravu osob s omezenou schopnost\u00ed pohybu a orientace. Tyto vozy budou jezdit v Pa\u0159\u00ed\u017ei.<\/p>\n<p>Vozidla pojmou 5 cestuj\u00edc\u00edch v\u010detn\u011b jednoho na invalidn\u00edm voz\u00edku nebo 6 cestuj\u00edc\u00edch bez invalidn\u00edho voz\u00edku. Byla speci\u00e1ln\u011b upravena z osobn\u00edch verz\u00ed voz\u016f Peugeot e-Expert a Citro\u00ebn \u00eb-Jumpy, kter\u00e9 skupina Stellantis vyr\u00e1b\u00ed v tov\u00e1rn\u011b v Hordain v regionu Hauts-de-France.<\/p>\n<p>Nab\u00eddka voz\u016f Stellantis s vod\u00edkov\u00fdm pohonem je p\u0159izp\u016fsobena pot\u0159eb\u00e1m profesion\u00e1l\u016f z \u0159ad \u201eintenzivn\u00edch u\u017eivatel\u016f\u201c, nebo\u0165 m\u00e1 dojezd 400 km, dob\u00edjen\u00ed trv\u00e1 pouh\u00e9 3 minuty, vykazuje nulov\u00e9 emise a sou\u010dasn\u011b nen\u00ed nijak omezena u\u017eitn\u00e1 kapacita vozu.<\/p>\n<p>Tato technologie s nulov\u00fdmi emisemi zaji\u0161\u0165uje maxim\u00e1ln\u00ed dostupnost vozov\u00e9ho parku. Dal\u0161\u00ed vlastnost\u00ed t\u011bchto vozidel je, \u017ee se jedn\u00e1 o 100% elektrick\u00e9 \u201ehybridy\u201c, s p\u0159im\u011b\u0159en\u011b velkou dob\u00edjec\u00ed bateri\u00ed a syst\u00e9mem vod\u00edkov\u00fdch palivov\u00fdch \u010dl\u00e1nk\u016f.<\/p>\n<p>Hype se op\u00edr\u00e1 o svou jedine\u010dnou organizaci a zejm\u00e9na o stovky vy\u0161kolen\u00fdch \u0159idi\u010d\u016f. Hype zav\u00e1d\u00ed specializovanou organizaci ur\u010denou pro osoby s omezenou schopnost\u00ed pohybu a orientace, kter\u00e1 zaru\u010duje nep\u0159etr\u017eitou dostupnost, vysokou kvalitu slu\u017eeb \u0161it\u00fdch na m\u00edru, jako\u017e i aplikaci pro rezervace s p\u0159ednostn\u00edm p\u0159\u00edstupem a poskytov\u00e1n\u00ed \u00fapln\u00fdch a podrobn\u00fdch zpr\u00e1v o vyu\u017eit\u00ed vozidel v re\u00e1ln\u00e9m \u010dase.<\/p>\n<p>Spole\u010dnosti Stellantis a Hype uv\u00e1d\u011bj\u00ed, \u017ee v r\u00e1mci sv\u00e9ho partnerstv\u00ed budou do konce roku 2024 schopn\u00e9 nasadit a\u017e 1 000 tax\u00edk\u016f OSP Crit&#8217;Air 0. Tyto potenci\u00e1ln\u00ed dodate\u010dn\u00e9 objemy jsou spojeny se z\u00edsk\u00e1n\u00edm speci\u00e1ln\u00ed licence \u201ePa\u0159\u00ed\u017esk\u00e1 taxi OSP\u201c, kterou v sou\u010dasn\u00e9 dob\u011b p\u0159ipravuj\u00ed francouzsk\u00e9 \u00fa\u0159ady.<\/p>\n<p>Tato nab\u00eddka by umo\u017enila splnit n\u011bkolik strategick\u00fdch priorit francouzsk\u00e9 vl\u00e1dy: rychle zv\u00fd\u0161it objem a kvalitu p\u0159epravn\u00edch slu\u017eeb pro osoby s omezenou schopnost\u00ed pohybu a orientace, urychlit energetickou transformaci pomoc\u00ed dopravn\u00edch prost\u0159edk\u016f s nulov\u00fdmi emisemi (Crit&#8217;Air 0) a pos\u00edlit v\u00fdrobu v z\u00e1vod\u011b Stellantis v Hordainu v regionu Hauts-de-France.<\/p>\n<p>\u201eJsme r\u00e1di, \u017ee d\u00edky t\u011bmto voz\u016fm Peugeot e-Expert Hydrogen a Citro\u00ebn \u00eb-Jumpy Hydrogen m\u016f\u017eeme d\u00e1le pos\u00edlit sv\u00e9 vedouc\u00ed postaven\u00ed v oblasti dod\u00e1vek s nulov\u00fdmi emisemi, a to prost\u0159ednictv\u00edm partnerstv\u00ed se spole\u010dnost\u00ed Hype, kter\u00e9 se zam\u011b\u0159\u00ed na osoby s omezenou schopnost\u00ed pohybu a orientace,\u201c \u0159ekl Xavier Peugeot, \u0159editel divize LUV skupiny Stellantis.<\/p>\n<p>\u201eM\u00e1m velkou radost z t\u00e9to prvn\u00ed dod\u00e1vky 50 bezbari\u00e9rov\u00fdch tax\u00edk\u016f Peugeot a Citro\u00ebn na vod\u00edkov\u00fd pohon v r\u00e1mci na\u0161eho partnerstv\u00ed se skupinou Stellantis, kter\u00e9 p\u0159edstavuje nov\u00fd v\u00fdznamn\u00fd krok v rozvoji spole\u010dnosti Hype a strukturov\u00e1n\u00ed francouzsk\u00e9ho odv\u011btv\u00ed vod\u00edku. Tato flotila vozidel, jedin\u00e1 sv\u00e9ho druhu na trhu, n\u00e1m umo\u017en\u00ed zav\u00e9st na\u0161i bezemisn\u00ed slu\u017ebu pro osoby s omezenou schopnost\u00ed pohybu a orientace v pot\u0159ebn\u00e9m rozsahu, nejprve v \u0161ir\u0161\u00edm pa\u0159\u00ed\u017esk\u00e9m regionu a n\u00e1sledn\u011b v dal\u0161\u00edch lokalit\u00e1ch, a z\u00e1rove\u0148 splnit po\u017eadavky z hlediska ekologie i ve\u0159ejn\u00e9ho zdrav\u00ed a industrializa\u010dn\u00ed c\u00edle ve Francii. Spole\u010dnost Hype bude rovn\u011b\u017e zaji\u0161\u0165ovat p\u0159\u00edstup k t\u00e9to bezemisn\u00ed slu\u017eb\u011b pro dal\u0161\u00ed z\u00e1jemce z \u0159ad provozovatel\u016f taxislu\u017eeb, zejm\u00e9na pro nez\u00e1visl\u00e9 \u0159idi\u010de a p\u016fj\u010dovny,\u201c \u0159ekl Mathieu Gardies, gener\u00e1ln\u00ed \u0159editel a zakladatel spole\u010dnosti Hype.<\/p>\n<p>&nbsp;<\/p>\n","protected":false},"excerpt":{"rendered":"<div class=\"mh-excerpt\"><p>Stellantis a Hype, nez\u00e1visl\u00fd subjekt nab\u00edzej\u00edc\u00ed \u010dist\u011b vod\u00edkov\u00e1 \u0159e\u0161en\u00ed mobility, ozn\u00e1mily partnerstv\u00ed v oblasti dod\u00e1vek a provozu vozidel na vod\u00edkov\u00fd pohon.<\/p>\n<\/div>","protected":false},"author":4,"featured_media":55361,"comment_status":"open","ping_status":"open","sticky":false,"template":"","format":"standard","meta":{"footnotes":""},"categories":[33],"tags":[],"class_list":["post-55360","post","type-post","status-publish","format-standard","has-post-thumbnail","hentry","category-vyrobci"],"_links":{"self":[{"href":"https:\/\/www.automakersnews.cz\/index.php\/wp-json\/wp\/v2\/posts\/55360","targetHints":{"allow":["GET"]}}],"collection":[{"href":"https:\/\/www.automakersnews.cz\/index.php\/wp-json\/wp\/v2\/posts"}],"about":[{"href":"https:\/\/www.automakersnews.cz\/index.php\/wp-json\/wp\/v2\/types\/post"}],"author":[{"embeddable":true,"href":"https:\/\/www.automakersnews.cz\/index.php\/wp-json\/wp\/v2\/users\/4"}],"replies":[{"embeddable":true,"href":"https:\/\/www.automakersnews.cz\/index.php\/wp-json\/wp\/v2\/comments?post=55360"}],"version-history":[{"count":0,"href":"https:\/\/www.automakersnews.cz\/index.php\/wp-json\/wp\/v2\/posts\/55360\/revisions"}],"wp:featuredmedia":[{"embeddable":true,"href":"https:\/\/www.automakersnews.cz\/index.php\/wp-json\/wp\/v2\/media\/55361"}],"wp:attachment":[{"href":"https:\/\/www.automakersnews.cz\/index.php\/wp-json\/wp\/v2\/media?parent=55360"}],"wp:term":[{"taxonomy":"category","embeddable":true,"href":"https:\/\/www.automakersnews.cz\/index.php\/wp-json\/wp\/v2\/categories?post=55360"},{"taxonomy":"post_tag","embeddable":true,"href":"https:\/\/www.automakersnews.cz\/index.php\/wp-json\/wp\/v2\/tags?post=55360"}],"curies":[{"name":"wp","href":"https:\/\/api.w.org\/{rel}","templated":true}]}}