{"id":56102,"date":"2023-06-16T07:28:43","date_gmt":"2023-06-16T07:28:43","guid":{"rendered":"https:\/\/www.automakersnews.cz\/?p=56102"},"modified":"2023-06-16T07:41:59","modified_gmt":"2023-06-16T07:41:59","slug":"jahn-podepsal-memorandum-skody-s-cez-esco","status":"publish","type":"post","link":"https:\/\/www.automakersnews.cz\/index.php\/2023\/06\/16\/jahn-podepsal-memorandum-skody-s-cez-esco\/","title":{"rendered":"\u0160koda podepsala memorandum s \u010cEZ ESCO"},"content":{"rendered":"<p><strong>V s\u00eddle spole\u010dnosti \u010cEZ bylo 15. \u010dervna podeps\u00e1no memorandum se \u0160kodou Auto, na jeho\u017e z\u00e1klad\u011b se rozjede je\u0161t\u011b intenzivn\u011bj\u0161\u00ed spolupr\u00e1ci v oblasti dekarbonizace energetiky a dopravy.<\/strong><!--more--><\/p>\n<p>Slavnostn\u00edmu aktu \u2013 podpisu memoranda, kter\u00e9ho se z\u00fa\u010dastnili Martin Jahn, \u010dlen p\u0159edstavenstva \u0160koda Auto, m\u00edstop\u0159edseda p\u0159edstavenstva \u010cEZ Pavel Cyrani, gener\u00e1ln\u00ed \u0159editel \u010cEZ ESCO Kamil \u010cerm\u00e1k a Jaroslav Pelant, CEO divize \u0160koda X, p\u0159edch\u00e1zela tiskov\u00e1 konference, kde byly objasn\u011bny z\u00e1m\u011bry t\u00e9to spolupr\u00e1ce.<\/p>\n<p>Konkr\u00e9tn\u00edm c\u00edlem memoranda je aktivn\u011bj\u0161\u00ed zapojen\u00ed elektromobil\u016f do pokro\u010dil\u00e9ho \u0159\u00edzen\u00ed s\u00edt\u00ed a chytr\u00e9ho dob\u00edjen\u00ed. V praxi to znamen\u00e1, \u017ee spole\u010dnost \u010cEZ ESCO ve spolupr\u00e1ci se \u0160koda X budou p\u0159ipravovat bateriov\u00e1 \u00falo\u017ei\u0161t\u011b z doslou\u017eil\u00fdch akumul\u00e1tor\u016f elektromobil\u016f pro dal\u0161\u00ed vyu\u017eit\u00ed v energetice.<\/p>\n<p>Sou\u010dasn\u011b budou zkou\u0161eny chytr\u00e9 syst\u00e9my \u0159\u00edzen\u00ed dob\u00edjen\u00ed a spole\u010dn\u011b se budou oba partne\u0159i pod\u00edlet na dal\u0161\u00edch etap\u00e1ch recyklace akumul\u00e1tor\u016f z elektromobil\u016f. Vlastn\u00ed syst\u00e9my chytr\u00e9ho \u0159\u00edzen\u00ed energetick\u00fdch hospod\u00e1\u0159stv\u00ed jsou zam\u011b\u0159en\u00e9 tak\u00e9 na obce, podniky i developersk\u00e9 projekty, \u0159e\u0161en\u00ed pro vyt\u00e1p\u011bn\u00ed, osv\u011btlen\u00ed, st\u0159e\u0161n\u00ed fotovoltaiku, bateriov\u00e1 \u00falo\u017ei\u0161t\u011b i dob\u00edjen\u00ed elektromobil\u016f. L\u00edd\u0159i \u010desk\u00e9 elektromobility, spole\u010dnosti \u0160KODA AUTO a \u010cEZ t\u00edmto krokem p\u0159edstavili sv\u016fj p\u0159\u00edsp\u011bvek k realizaci velk\u00e9 transformace dom\u00e1c\u00edho autopr\u016fmyslu a energetiky.<\/p>\n<p>V r\u00e1mci \u0161ir\u0161\u00ed spolupr\u00e1ce v modern\u00ed energetice cht\u011bj\u00ed \u0160KODA X a \u010cEZ ESCO, dce\u0159in\u00e9 spole\u010dnosti obou koncern\u016f, siln\u011bji zapojit elektromobily do slu\u017eeb energetiky, pop\u0159\u00edpad\u011b nach\u00e1zet nov\u00e1 uplatn\u011bn\u00ed pro baterie z elektroaut. Prvn\u00ed baterie slou\u017e\u00edc\u00ed druh\u00e9mu vyu\u017eit\u00ed, jako \u00falo\u017ei\u0161t\u011b u\u017e putuj\u00ed k z\u00e1kazn\u00edk\u016fm v \u010cesku i zahrani\u010d\u00ed.<\/p>\n<p>V t\u00e9to souvislosti \u010dlen p\u0159edstavenstva \u0160koda Auto Martin Jahn uvedl: \u201eAktivn\u011b podporujeme rozvoj dob\u00edjec\u00ed infrastruktury a cel\u00e9ho ekosyst\u00e9mu elektromobility. Intenzivn\u011b \u0159e\u0161\u00edme nap\u0159\u00edklad second-life vyu\u017eit\u00ed a n\u00e1slednou recyklaci trak\u010dn\u00edch bateri\u00ed elektromobil\u016f. Baterie, kter\u00e1 ve voze ji\u017e doslou\u017eila, m\u00e1 st\u00e1le velk\u00fd potenci\u00e1l, nap\u0159\u00edklad v \u00falo\u017ei\u0161ti elektrick\u00e9 energie. Jej\u00edm druh\u00fdm \u017eivotn\u00edm cyklem budeme nejen sni\u017eovat uhl\u00edkovou stopu, ale z\u00e1rove\u0148 tak poskytneme z\u00e1kazn\u00edk\u016fm mo\u017enost vyu\u017e\u00edt rychl\u00e9ho dob\u00edjen\u00ed i tam, kde to distribu\u010dn\u00ed s\u00ed\u0165 jinak neumo\u017e\u0148uje. Jsme proto r\u00e1di, \u017ee m\u016f\u017eeme na t\u011bchto \u0159e\u0161en\u00edch spolupracovat se siln\u00fdmi partnery, jako je Skupina \u010cEZ\u201c.<\/p>\n<p>Gener\u00e1ln\u00ed \u0159editel \u010cEZ ESCO Kamil \u010cerm\u00e1k na dan\u00e9 t\u00e9ma \u0159ekl: \u201eBateriov\u00e9 syst\u00e9my se st\u00e1vaj\u00ed integr\u00e1ln\u00ed sou\u010d\u00e1st\u00ed modern\u00ed energetiky a daj\u00ed se vyu\u017e\u00edvat v elektromobilit\u011b, n\u00edzkoemisn\u00edm tepl\u00e1renstv\u00ed, v kombinaci s obnoviteln\u00fdmi zdroji. Prvn\u00ed takov\u00e9 baterie u\u017e zam\u00ed\u0159ily k z\u00e1kazn\u00edk\u016fm v \u010cesku i v zahrani\u010d\u00ed a dal\u0161\u00ed projekty te\u010f finalizujeme. Celkov\u011b chceme letos z\u00e1kazn\u00edk\u016fm v \u010cR i v zahrani\u010d\u00ed dodat a\u017e 30 syst\u00e9m\u016f sestaven\u00fdch z bateri\u00ed elektromobil\u016f. Zaj\u00edmav\u011b t\u00edm roz\u0161i\u0159ujeme na\u0161e portfolio, proto\u017ee baterie lze vhodn\u011b kombinovat s na\u0161imi dal\u0161\u00edmi produkty\u201c.<\/p>\n<p><img loading=\"lazy\" decoding=\"async\" class=\"alignnone size-large wp-image-56105\" src=\"http:\/\/www.automakersnews.cz\/wp-content\/uploads\/2023\/06\/CZ-Esco-Skoda-X-1024x683.jpg\" alt=\"\" width=\"1024\" height=\"683\" srcset=\"https:\/\/www.automakersnews.cz\/wp-content\/uploads\/2023\/06\/CZ-Esco-Skoda-X-1024x683.jpg 1024w, https:\/\/www.automakersnews.cz\/wp-content\/uploads\/2023\/06\/CZ-Esco-Skoda-X-300x200.jpg 300w, https:\/\/www.automakersnews.cz\/wp-content\/uploads\/2023\/06\/CZ-Esco-Skoda-X-768x512.jpg 768w, https:\/\/www.automakersnews.cz\/wp-content\/uploads\/2023\/06\/CZ-Esco-Skoda-X.jpg 1353w\" sizes=\"auto, (max-width: 1024px) 100vw, 1024px\" \/><\/p>\n<p>Dekarbonizace, bezemisn\u00ed mobilita a \u010dist\u00e9 energie z\u00edt\u0159ka jsou velmi aktu\u00e1ln\u00ed t\u00e9mata a p\u0159edstavuj\u00ed p\u0159edev\u0161\u00edm velk\u00e9 v\u00fdzvy s \u0159adou dnes je\u0161t\u011b nezn\u00e1m\u00fdch aspekt\u016f. C\u00edle a pl\u00e1ny jsou jasn\u00e9, ale realita se vyv\u00edj\u00ed doslova za pochodu, a proto je ka\u017ed\u00fd krok v t\u00e9to oblasti v\u00edtanou iniciativou.<\/p>\n<p><strong>Karel Ber\u00e1nek, TK \u010cEZ, Michle<\/strong><\/p>\n","protected":false},"excerpt":{"rendered":"<div class=\"mh-excerpt\"><p>V s\u00eddle spole\u010dnosti \u010cEZ bylo 15. \u010dervna podeps\u00e1no memorandum se \u0160kodou Auto, na jeho\u017e z\u00e1klad\u011b se rozjede je\u0161t\u011b intenzivn\u011bj\u0161\u00ed spolupr\u00e1ci v oblasti dekarbonizace energetiky a <a class=\"mh-excerpt-more\" href=\"https:\/\/www.automakersnews.cz\/index.php\/2023\/06\/16\/jahn-podepsal-memorandum-skody-s-cez-esco\/\" title=\"\u0160koda podepsala memorandum s \u010cEZ ESCO\">[&#8230;]<\/a><\/p>\n<\/div>","protected":false},"author":1,"featured_media":56104,"comment_status":"open","ping_status":"open","sticky":false,"template":"","format":"standard","meta":{"footnotes":""},"categories":[55],"tags":[],"class_list":["post-56102","post","type-post","status-publish","format-standard","has-post-thumbnail","hentry","category-alternativni-pohony"],"_links":{"self":[{"href":"https:\/\/www.automakersnews.cz\/index.php\/wp-json\/wp\/v2\/posts\/56102","targetHints":{"allow":["GET"]}}],"collection":[{"href":"https:\/\/www.automakersnews.cz\/index.php\/wp-json\/wp\/v2\/posts"}],"about":[{"href":"https:\/\/www.automakersnews.cz\/index.php\/wp-json\/wp\/v2\/types\/post"}],"author":[{"embeddable":true,"href":"https:\/\/www.automakersnews.cz\/index.php\/wp-json\/wp\/v2\/users\/1"}],"replies":[{"embeddable":true,"href":"https:\/\/www.automakersnews.cz\/index.php\/wp-json\/wp\/v2\/comments?post=56102"}],"version-history":[{"count":0,"href":"https:\/\/www.automakersnews.cz\/index.php\/wp-json\/wp\/v2\/posts\/56102\/revisions"}],"wp:featuredmedia":[{"embeddable":true,"href":"https:\/\/www.automakersnews.cz\/index.php\/wp-json\/wp\/v2\/media\/56104"}],"wp:attachment":[{"href":"https:\/\/www.automakersnews.cz\/index.php\/wp-json\/wp\/v2\/media?parent=56102"}],"wp:term":[{"taxonomy":"category","embeddable":true,"href":"https:\/\/www.automakersnews.cz\/index.php\/wp-json\/wp\/v2\/categories?post=56102"},{"taxonomy":"post_tag","embeddable":true,"href":"https:\/\/www.automakersnews.cz\/index.php\/wp-json\/wp\/v2\/tags?post=56102"}],"curies":[{"name":"wp","href":"https:\/\/api.w.org\/{rel}","templated":true}]}}