{"id":5665,"date":"2022-11-30T09:36:32","date_gmt":"2022-11-30T09:36:32","guid":{"rendered":"https:\/\/www.automakersnews.cz\/?p=5665"},"modified":"2022-11-30T09:36:32","modified_gmt":"2022-11-30T09:36:32","slug":"bmw-rozsiruje-sklady-v-bratislave","status":"publish","type":"post","link":"https:\/\/www.automakersnews.cz\/index.php\/2022\/11\/30\/bmw-rozsiruje-sklady-v-bratislave\/","title":{"rendered":"BMW roz\u0161i\u0159uje sklady v Bratislav\u011b"},"content":{"rendered":"<p><strong>BMW Group se rozhodla roz\u0161\u00ed\u0159it sv\u00e9 skladovac\u00ed prostory v Bratislav\u011b, jde o novou p\u0159\u00edstavbu v are\u00e1lu Prologisu s plochou 10 000 metr\u016f \u010dtvere\u010dn\u00edch. Jedn\u00e1n\u00ed o expanzi za\u010dala koncem lo\u0148sk\u00e9ho roku, dlouhodob\u00fd pron\u00e1jem roz\u0161\u00ed\u0159en\u00e9 budovy by m\u011bl b\u00fdt zah\u00e1jen ve 2. \u010dtvrtlet\u00ed roku 2023.<\/strong><!--more--><\/p>\n<p>Nov\u00fdch 10 000 metr\u016f \u010dtvere\u010dn\u00edch poskytne spole\u010dnosti je\u0161t\u011b v\u00edce personalizovan\u00fdch prvk\u016f. Sou\u010d\u00e1st\u00ed stavby bude tak\u00e9 spole\u010densk\u00e1 z\u00f3na, kter\u00e1 m\u00e1 zv\u00fd\u0161it spokojenost zam\u011bstnanc\u016f na pracovi\u0161ti. Mezi dal\u0161\u00ed \u0159e\u0161en\u00ed na m\u00edru pro BMW Group pat\u0159\u00ed otev\u00edrac\u00ed sv\u011btl\u00edky, osv\u011btlen\u00e9 p\u0159\u00edst\u0159e\u0161ky, \u201ejumbo doky\u201c nebo elektrick\u00e9 a datov\u00e9 instalace.<\/p>\n<p>Soci\u00e1ln\u00ed z\u00f3na dopln\u00ed sd\u00edlen\u00e9 prostory v bratislavsk\u00e9m parku, je\u017e spole\u010dnost Prologis buduje v r\u00e1mci iniciativy\u00a0<a href=\"https:\/\/www.prologisce.eu\/cs\/nase-aktivity\/parklife\">PARKlife\u2122<\/a>. Pat\u0159\u00ed mezi n\u011b nap\u0159\u00edklad fotbalov\u00e9 h\u0159i\u0161t\u011b, grilovac\u00ed z\u00f3na, venkovn\u00ed posilovna nebo p\u0159\u00edst\u0159e\u0161ky pro kola. Toto dopl\u0148kov\u00e9 vybaven\u00ed posouv\u00e1 hranice standardn\u00edch slu\u017eeb developera sklad\u016f a pom\u00e1h\u00e1 z\u00e1kazn\u00edk\u016fm oslovit a udr\u017eet pracovn\u00ed s\u00edlu.<\/p>\n<p>\u201eT\u011b\u0161\u00edme se, a\u017e BMW Group pln\u011b vyu\u017eije n\u00e1\u0161 nov\u00fd projekt,\u201c \u0159ekl Jakub Randa, mana\u017eer pron\u00e1jmu a z\u00e1kaznick\u00e9 zku\u0161enosti Prologis na Slovensku. \u201eToto roz\u0161\u00ed\u0159en\u00ed plochy je v souladu s na\u0161\u00ed filozofi\u00ed poskytovat z\u00e1kazn\u00edk\u016fm hodnotu nad r\u00e1mec nemovitost\u00ed. Po dokon\u010den\u00ed bude moci p\u0159edn\u00ed automotive spole\u010dnost vyu\u017e\u00edvat prostory, kter\u00e9 aktivn\u011b podpo\u0159\u00ed wellbeing jej\u00edch zam\u011bstnanc\u016f a zefektivn\u00ed jej\u00ed provoz v parku.\u201c<\/p>\n<p>&nbsp;<\/p>\n","protected":false},"excerpt":{"rendered":"<div class=\"mh-excerpt\"><p>BMW Group se rozhodla roz\u0161\u00ed\u0159it sv\u00e9 skladovac\u00ed prostory v Bratislav\u011b, jde o novou p\u0159\u00edstavbu v are\u00e1lu Prologisu s plochou 10 000 metr\u016f \u010dtvere\u010dn\u00edch. Jedn\u00e1n\u00ed o <a class=\"mh-excerpt-more\" href=\"https:\/\/www.automakersnews.cz\/index.php\/2022\/11\/30\/bmw-rozsiruje-sklady-v-bratislave\/\" title=\"BMW roz\u0161i\u0159uje sklady v Bratislav\u011b\">[&#8230;]<\/a><\/p>\n<\/div>","protected":false},"author":1,"featured_media":5666,"comment_status":"open","ping_status":"open","sticky":false,"template":"","format":"standard","meta":{"footnotes":""},"categories":[26],"tags":[],"class_list":["post-5665","post","type-post","status-publish","format-standard","has-post-thumbnail","hentry","category-logistika"],"_links":{"self":[{"href":"https:\/\/www.automakersnews.cz\/index.php\/wp-json\/wp\/v2\/posts\/5665","targetHints":{"allow":["GET"]}}],"collection":[{"href":"https:\/\/www.automakersnews.cz\/index.php\/wp-json\/wp\/v2\/posts"}],"about":[{"href":"https:\/\/www.automakersnews.cz\/index.php\/wp-json\/wp\/v2\/types\/post"}],"author":[{"embeddable":true,"href":"https:\/\/www.automakersnews.cz\/index.php\/wp-json\/wp\/v2\/users\/1"}],"replies":[{"embeddable":true,"href":"https:\/\/www.automakersnews.cz\/index.php\/wp-json\/wp\/v2\/comments?post=5665"}],"version-history":[{"count":0,"href":"https:\/\/www.automakersnews.cz\/index.php\/wp-json\/wp\/v2\/posts\/5665\/revisions"}],"wp:featuredmedia":[{"embeddable":true,"href":"https:\/\/www.automakersnews.cz\/index.php\/wp-json\/wp\/v2\/media\/5666"}],"wp:attachment":[{"href":"https:\/\/www.automakersnews.cz\/index.php\/wp-json\/wp\/v2\/media?parent=5665"}],"wp:term":[{"taxonomy":"category","embeddable":true,"href":"https:\/\/www.automakersnews.cz\/index.php\/wp-json\/wp\/v2\/categories?post=5665"},{"taxonomy":"post_tag","embeddable":true,"href":"https:\/\/www.automakersnews.cz\/index.php\/wp-json\/wp\/v2\/tags?post=5665"}],"curies":[{"name":"wp","href":"https:\/\/api.w.org\/{rel}","templated":true}]}}