{"id":568,"date":"2022-10-16T19:18:07","date_gmt":"2022-10-16T19:18:07","guid":{"rendered":"https:\/\/www.automakersnews.cz\/?p=568"},"modified":"2022-10-16T19:18:07","modified_gmt":"2022-10-16T19:18:07","slug":"dorazil-druhy-tanker-s-lng-pro-cesko","status":"publish","type":"post","link":"https:\/\/www.automakersnews.cz\/index.php\/2022\/10\/16\/dorazil-druhy-tanker-s-lng-pro-cesko\/","title":{"rendered":"Dorazil druh\u00fd tanker s LNG pro \u010cesko"},"content":{"rendered":"<p><strong><span style=\"color: #63666a;\"><span style=\"font-size: medium;\">Prvn\u00ed LNG termin\u00e1l zprovozn\u011bn\u00fd v Evrop\u011b po za\u010d\u00e1tku v\u00e1lky na Ukrajin\u011b funguje a p\u0159ij\u00edm\u00e1 tankery s LNG podle napl\u00e1novan\u00e9ho rozvrhu. Do Eemshavenu tak dorazila u\u017e druh\u00e1 lo\u010f se zkapaln\u011bn\u00fdm plynem pro \u010ceskou republiku. Tentokr\u00e1t jde o tanker Maran Gas Delphi, kter\u00fd p\u0159iplul op\u011bt ze Spojen\u00fdch st\u00e1t\u016f.<\/span><\/span><\/strong><!--more--><\/p>\n<p><span style=\"color: #63666a;\">\u201e<span style=\"font-size: small;\">Termin\u00e1l v\u00a0Eemshavenu se poda\u0159ilo spustit nejen v\u00a0neuv\u011b\u0159iteln\u011b rychl\u00e9m \u010dase, ale tak\u00e9 zat\u00edm funguje tak, jak jsme \u010dekali. Spolupr\u00e1ce jak s\u00a0Gasuni\u00ed, tak s\u00a0dal\u0161\u00edmi u\u017eivateli termin\u00e1lu funguje velmi dob\u0159e. D\u016fkazem je, \u017ee n\u00e1klad LNG pro na\u0161i druhou lo\u010f jsme se objednali u spole\u010dnosti Shell, kter\u00e1 si tak\u00e9 v\u00a0Eemshavenu pronaj\u00edm\u00e1 spole\u010dn\u011b s\u00a0n\u00e1mi \u010d\u00e1st kapacity,\u201c <\/span><\/span><span style=\"color: #63666a;\"><span style=\"font-size: small;\">uvedl m\u00edstop\u0159edseda p\u0159edstavenstva \u010cEZ Pavel Cyrani <\/span><\/span><\/p>\n<p align=\"JUSTIFY\"><span style=\"color: #63666a;\"><span style=\"font-size: small;\">Tanker Maran Gas Delphi p\u0159iplul z\u00a0Lousiany z\u00a0LNG termin\u00e1lu Calcasieu Pass, odkud vyrazil na konci srpna. Lo\u010f dlouh\u00e1 290 a \u0161irok\u00e1 44 metr\u016f p\u0159ivezla n\u00e1klad 170\u00a0000 metr\u016f krychlov\u00fdch LNG (odpov\u00eddaj\u00edc\u00ed 100 milion\u016fm kubick\u00fdch metr\u016f v\u00a0plynn\u00e9m skupenstv\u00ed). Dodavatelem plynu je spole\u010dnost Shell. <\/span><\/span><\/p>\n<p align=\"JUSTIFY\"><span style=\"color: #63666a;\"><span style=\"font-size: small;\">LNG u\u017e byl p\u0159e\u010derp\u00e1n do termin\u00e1lu a nyn\u00ed prob\u00edh\u00e1 jeho p\u0159eveden\u00ed do plynn\u00e9 podoby a proud\u00ed do p\u0159epravn\u00ed soustavy.<\/span><\/span><\/p>\n<p align=\"JUSTIFY\"><span style=\"color: #63666a;\"><span style=\"font-size: small;\">Termin\u00e1l v\u00a0Eemshavenu je prvn\u00ed za\u0159\u00edzen\u00ed sv\u00e9ho druhu spu\u0161t\u011bn\u00e9 v\u00a0Evrop\u011b od leto\u0161n\u00edho \u00fanora, kdy za\u010dala v\u00e1lka na Ukrajin\u011b. LNG termin\u00e1l se tak poda\u0159ilo p\u0159ipravit a zprovoznit v\u00a0rekordn\u00edm \u010dase b\u011bhem n\u011bkolika m\u011bs\u00edc\u016f. Za\u0159\u00edzen\u00ed umo\u017en\u00ed dodat a\u017e osm miliard kub\u00edk\u016f plynu ro\u010dn\u011b, z\u00a0toho t\u0159i miliardy jsou ur\u010deny pro \u010ceskou republiku, co\u017e je objem rovnaj\u00edc\u00ed se p\u0159ibli\u017en\u011b t\u0159etin\u011b \u010desk\u00e9 ro\u010dn\u00ed spot\u0159eby. <\/span><\/span><\/p>\n<p align=\"JUSTIFY\"><span style=\"color: #63666a;\"><span style=\"font-size: small;\">Termin\u00e1l tvo\u0159\u00ed dv\u011b plavidla, Golar Igloo a Eemshaven LNG, umo\u017e\u0148uj\u00edc\u00ed skladov\u00e1n\u00ed a zp\u011btn\u00e9 zply\u0148ov\u00e1n\u00ed (FSRU). Vedle \u010cEZ si kapacity v\u00a0termin\u00e1lu vyblokovaly dal\u0161\u00ed zn\u00e1m\u00e9 energetick\u00e9 spole\u010dnost, nizozemsk\u00fd Shell a francouzsk\u00e1 Engie.<\/span><\/span><\/p>\n<p align=\"JUSTIFY\"><span style=\"color: #63666a;\"><span style=\"font-size: small;\">Ministerstvo pr\u016fmyslu a obchodu ve spolupr\u00e1ci se Skupinou \u010cEZ zajistilo ji\u017e d\u0159\u00edve jak pron\u00e1jem \u010d\u00e1sti kapacity v\u00a0nov\u00e9m termin\u00e1lu, tak i cesty pro p\u0159epravu plynu do \u010ceska. <\/span><\/span><\/p>\n","protected":false},"excerpt":{"rendered":"<div class=\"mh-excerpt\"><p>Prvn\u00ed LNG termin\u00e1l zprovozn\u011bn\u00fd v Evrop\u011b po za\u010d\u00e1tku v\u00e1lky na Ukrajin\u011b funguje a p\u0159ij\u00edm\u00e1 tankery s LNG podle napl\u00e1novan\u00e9ho rozvrhu. Do Eemshavenu tak dorazila u\u017e <a class=\"mh-excerpt-more\" href=\"https:\/\/www.automakersnews.cz\/index.php\/2022\/10\/16\/dorazil-druhy-tanker-s-lng-pro-cesko\/\" title=\"Dorazil druh\u00fd tanker s LNG pro \u010cesko\">[&#8230;]<\/a><\/p>\n<\/div>","protected":false},"author":1,"featured_media":569,"comment_status":"open","ping_status":"open","sticky":false,"template":"","format":"standard","meta":{"footnotes":""},"categories":[26],"tags":[],"class_list":["post-568","post","type-post","status-publish","format-standard","has-post-thumbnail","hentry","category-logistika"],"_links":{"self":[{"href":"https:\/\/www.automakersnews.cz\/index.php\/wp-json\/wp\/v2\/posts\/568","targetHints":{"allow":["GET"]}}],"collection":[{"href":"https:\/\/www.automakersnews.cz\/index.php\/wp-json\/wp\/v2\/posts"}],"about":[{"href":"https:\/\/www.automakersnews.cz\/index.php\/wp-json\/wp\/v2\/types\/post"}],"author":[{"embeddable":true,"href":"https:\/\/www.automakersnews.cz\/index.php\/wp-json\/wp\/v2\/users\/1"}],"replies":[{"embeddable":true,"href":"https:\/\/www.automakersnews.cz\/index.php\/wp-json\/wp\/v2\/comments?post=568"}],"version-history":[{"count":0,"href":"https:\/\/www.automakersnews.cz\/index.php\/wp-json\/wp\/v2\/posts\/568\/revisions"}],"wp:featuredmedia":[{"embeddable":true,"href":"https:\/\/www.automakersnews.cz\/index.php\/wp-json\/wp\/v2\/media\/569"}],"wp:attachment":[{"href":"https:\/\/www.automakersnews.cz\/index.php\/wp-json\/wp\/v2\/media?parent=568"}],"wp:term":[{"taxonomy":"category","embeddable":true,"href":"https:\/\/www.automakersnews.cz\/index.php\/wp-json\/wp\/v2\/categories?post=568"},{"taxonomy":"post_tag","embeddable":true,"href":"https:\/\/www.automakersnews.cz\/index.php\/wp-json\/wp\/v2\/tags?post=568"}],"curies":[{"name":"wp","href":"https:\/\/api.w.org\/{rel}","templated":true}]}}