{"id":5697,"date":"2022-11-30T13:18:31","date_gmt":"2022-11-30T13:18:31","guid":{"rendered":"https:\/\/www.automakersnews.cz\/?p=5697"},"modified":"2022-11-30T13:18:42","modified_gmt":"2022-11-30T13:18:42","slug":"eu-chce-jednu-rychlonabijecku-kazdych-60-km","status":"publish","type":"post","link":"https:\/\/www.automakersnews.cz\/index.php\/2022\/11\/30\/eu-chce-jednu-rychlonabijecku-kazdych-60-km\/","title":{"rendered":"EU chce rychlonab\u00edje\u010dku ka\u017ed\u00fdch 60 km"},"content":{"rendered":"<div class=\"e_a7\" data-dot=\"mol-paragraph\">\n<p class=\"c_a7\"><strong><span class=\"c_bU\">Evropsk\u00e1 unie schv\u00e1lila nov\u00e9 na\u0159\u00edzen\u00ed, kter\u00e9 \u010dlensk\u00fdm st\u00e1t\u016fm ukl\u00e1d\u00e1 povinnost do t\u0159\u00ed let m\u00edt nab\u00edjec\u00ed stanici pro elektromobily na ka\u017ed\u00fdch 60\u00a0kilometrech hlavn\u00edch silni\u010dn\u00edch tah\u016f. Zpr\u00e1vu p\u0159in\u00e1\u0161\u00ed web iDnes.cz.<\/span><\/strong><\/p>\n<\/div>\n<p><!--more--><\/p>\n<div class=\"e_a7\" data-dot=\"mol-paragraph\">\n<p class=\"c_a7\"><span class=\"c_bU\">Fin\u00e1ln\u00ed n\u00e1vrh na\u0159\u00edzen\u00ed, o\u00a0kter\u00e9m se debatuje u\u017e od \u010dervna leto\u0161n\u00edho roku a\u00a0kter\u00fd byl schv\u00e1len, stanovuje uveden\u00e9 vzd\u00e1lenosti mezi nab\u00edje\u010dkami jako povinn\u00e9 pro transevropskou dopravn\u00ed s\u00ed\u0165 TEN-T, co\u017e v\u00a0\u010cesku znamen\u00e1 zejm\u00e9na d\u00e1lnice.<\/span><\/p>\n<p>Ka\u017ed\u00e1 nab\u00edjec\u00ed stanice m\u00e1 m\u00edt celkov\u00fd v\u00fdkon nejm\u00e9n\u011b 300\u00a0kW a\u00a0alespo\u0148 jedna p\u0159\u00edpojka u\u00a0n\u00ed mus\u00ed d\u00e1vat nejm\u00e9n\u011b 150\u00a0kW, a\u00a0to do konce roku 2025.\u00a0O\u00a0p\u011bt let pozd\u011bji, tedy do konce roku 2030, se po\u017eadavky na celkov\u00fd v\u00fdkon a\u00a0po\u010det 150kW p\u0159\u00edpojek zdvojn\u00e1sob\u00ed.<\/p>\n<p>V \u010cesku stoj\u00ed stovky nab\u00edjec\u00edch stanic o\u00a0v\u00fdkonu do 100\u00a0kW, stopades\u00e1tikilowattov\u00fdch je v\u00a0\u0159\u00e1du des\u00edtek. Zcela v\u0161ak chyb\u00ed na d\u00e1lnic\u00edch D3, D4, D6, D7, D11\u00a0a\u00a0na \u010d\u00e1sti D1\u00a0mezi P\u0159erovem a\u00a0Ostravou, nehled\u011b na silnice prvn\u00edch t\u0159\u00edd, kter\u00e9 ve velk\u00fdch \u010d\u00e1stech \u010ceska jsou p\u00e1te\u0159n\u00edmi komunikacemi.<\/p>\n<\/div>\n","protected":false},"excerpt":{"rendered":"<div class=\"mh-excerpt\"><p>Evropsk\u00e1 unie schv\u00e1lila nov\u00e9 na\u0159\u00edzen\u00ed, kter\u00e9 \u010dlensk\u00fdm st\u00e1t\u016fm ukl\u00e1d\u00e1 povinnost do t\u0159\u00ed let m\u00edt nab\u00edjec\u00ed stanici pro elektromobily na ka\u017ed\u00fdch 60\u00a0kilometrech hlavn\u00edch silni\u010dn\u00edch tah\u016f. Zpr\u00e1vu <a class=\"mh-excerpt-more\" href=\"https:\/\/www.automakersnews.cz\/index.php\/2022\/11\/30\/eu-chce-jednu-rychlonabijecku-kazdych-60-km\/\" title=\"EU chce rychlonab\u00edje\u010dku ka\u017ed\u00fdch 60 km\">[&#8230;]<\/a><\/p>\n<\/div>","protected":false},"author":1,"featured_media":338,"comment_status":"open","ping_status":"open","sticky":false,"template":"","format":"standard","meta":{"footnotes":""},"categories":[22],"tags":[],"class_list":["post-5697","post","type-post","status-publish","format-standard","has-post-thumbnail","hentry","category-elektromobily"],"_links":{"self":[{"href":"https:\/\/www.automakersnews.cz\/index.php\/wp-json\/wp\/v2\/posts\/5697","targetHints":{"allow":["GET"]}}],"collection":[{"href":"https:\/\/www.automakersnews.cz\/index.php\/wp-json\/wp\/v2\/posts"}],"about":[{"href":"https:\/\/www.automakersnews.cz\/index.php\/wp-json\/wp\/v2\/types\/post"}],"author":[{"embeddable":true,"href":"https:\/\/www.automakersnews.cz\/index.php\/wp-json\/wp\/v2\/users\/1"}],"replies":[{"embeddable":true,"href":"https:\/\/www.automakersnews.cz\/index.php\/wp-json\/wp\/v2\/comments?post=5697"}],"version-history":[{"count":0,"href":"https:\/\/www.automakersnews.cz\/index.php\/wp-json\/wp\/v2\/posts\/5697\/revisions"}],"wp:featuredmedia":[{"embeddable":true,"href":"https:\/\/www.automakersnews.cz\/index.php\/wp-json\/wp\/v2\/media\/338"}],"wp:attachment":[{"href":"https:\/\/www.automakersnews.cz\/index.php\/wp-json\/wp\/v2\/media?parent=5697"}],"wp:term":[{"taxonomy":"category","embeddable":true,"href":"https:\/\/www.automakersnews.cz\/index.php\/wp-json\/wp\/v2\/categories?post=5697"},{"taxonomy":"post_tag","embeddable":true,"href":"https:\/\/www.automakersnews.cz\/index.php\/wp-json\/wp\/v2\/tags?post=5697"}],"curies":[{"name":"wp","href":"https:\/\/api.w.org\/{rel}","templated":true}]}}