{"id":5701,"date":"2022-11-30T13:24:51","date_gmt":"2022-11-30T13:24:51","guid":{"rendered":"https:\/\/www.automakersnews.cz\/?p=5701"},"modified":"2022-11-30T13:24:51","modified_gmt":"2022-11-30T13:24:51","slug":"most-otestuje-na-lince-17-vodikovy-bus","status":"publish","type":"post","link":"https:\/\/www.automakersnews.cz\/index.php\/2022\/11\/30\/most-otestuje-na-lince-17-vodikovy-bus\/","title":{"rendered":"Most otestuje na lince 17 vod\u00edkov\u00fd bus"},"content":{"rendered":"<p><b>Most otestuje ve dnech 6.\u20138. prosince na lince \u010d. 17 autobus na vod\u00edk. Testov\u00e1n\u00ed se uskute\u010dn\u00ed d\u00edky zapojen\u00ed \u010cesk\u00e9 vod\u00edkov\u00e9 technologick\u00e9 platformy (HYTEP) do celoevropsk\u00e9ho projektu JIVE 2, kter\u00fd m\u00e1 za c\u00edl dostat do ulic evropsk\u00fdch m\u011bst a\u017e 310 ekologick\u00fdch, bezemisn\u00edch vod\u00edkov\u00fdch autobus\u016f.<\/b><!--more--><\/p>\n<p>Vod\u00edkov\u00fd autobus spole\u010dnosti CaetanoBus, kter\u00fd byl zkonstruov\u00e1n ve spolupr\u00e1ci se spole\u010dnost\u00ed Toyota, bude za\u0159azen do b\u011b\u017en\u00e9ho provozu m\u011bstsk\u00e9 hromadn\u00e9 dopravy a denn\u011b ujede zhruba 200 kilometr\u016f. Na lince \u010d\u00edslo 17 bude v\u00a0provozu od \u00fater\u00fd 6. do \u010dtvrtka 8. prosince od 8 do 17 hodin.<\/p>\n<p>\u201a\u201aM\u00e1me velkou radost, \u017ee se poda\u0159ilo dostat celoevropsk\u00fd projekt JIVE 2 i do \u010cesk\u00e9 republiky. V\u011b\u0159\u00edme, \u017ee demonstrace uk\u00e1\u017ee v\u00fdhody vod\u00edkov\u00e9ho pohonu pro m\u011bstskou hromadnou dopravu,\u2018\u2018 zm\u00ednil Ale\u0161 Doucek, p\u0159edseda p\u0159edstavenstva \u010cesk\u00e9 vod\u00edkov\u00e9 technologick\u00e9 platformy (HYTEP). V\u00fdsledky testov\u00e1n\u00ed budou k\u00a0dispozici i dal\u0161\u00edm m\u011bst\u016fm a mohou poslou\u017eit k\u00a0lep\u0161\u00ed informovanosti jak lok\u00e1ln\u011b, tak celorepublikov\u011b.<\/p>\n<p>\u201a\u201aOrganizaci zaji\u0161\u0165uje HYTEP spole\u010dn\u011b s Hospod\u00e1\u0159skou a soci\u00e1ln\u00ed radou \u00dasteck\u00e9ho kraje. Autobus bude pln\u011bn vod\u00edkem, kter\u00fd zajist\u00ed spole\u010dnost Messer Technogas, a to pomoc\u00ed mobiln\u00ed plnic\u00ed stanice,\u2018\u2018 uzav\u0159el Jan Sochor, analytik \u010cesk\u00e9 vod\u00edkov\u00e9 technologick\u00e9 platformy (HYTEP).<\/p>\n<p>Autobus poh\u00e1n\u011bn\u00fd vod\u00edkem v pr\u016fb\u011bhu \u0159\u00edjna a listopadu testovali ji\u017e ve Slovinsku a Chorvatsku, v pr\u016fb\u011bhu prosince bude testov\u00e1n v Most\u011b a Ostrav\u011b a po Nov\u00e9m roce zam\u00ed\u0159\u00ed na Slovensko.<\/p>\n","protected":false},"excerpt":{"rendered":"<div class=\"mh-excerpt\"><p>Most otestuje ve dnech 6.\u20138. prosince na lince \u010d. 17 autobus na vod\u00edk. Testov\u00e1n\u00ed se uskute\u010dn\u00ed d\u00edky zapojen\u00ed \u010cesk\u00e9 vod\u00edkov\u00e9 technologick\u00e9 platformy (HYTEP) do celoevropsk\u00e9ho <a class=\"mh-excerpt-more\" href=\"https:\/\/www.automakersnews.cz\/index.php\/2022\/11\/30\/most-otestuje-na-lince-17-vodikovy-bus\/\" title=\"Most otestuje na lince 17 vod\u00edkov\u00fd bus\">[&#8230;]<\/a><\/p>\n<\/div>","protected":false},"author":1,"featured_media":5730,"comment_status":"open","ping_status":"open","sticky":false,"template":"","format":"standard","meta":{"footnotes":""},"categories":[35,38],"tags":[],"class_list":["post-5701","post","type-post","status-publish","format-standard","has-post-thumbnail","hentry","category-doprava","category-ekologie"],"_links":{"self":[{"href":"https:\/\/www.automakersnews.cz\/index.php\/wp-json\/wp\/v2\/posts\/5701","targetHints":{"allow":["GET"]}}],"collection":[{"href":"https:\/\/www.automakersnews.cz\/index.php\/wp-json\/wp\/v2\/posts"}],"about":[{"href":"https:\/\/www.automakersnews.cz\/index.php\/wp-json\/wp\/v2\/types\/post"}],"author":[{"embeddable":true,"href":"https:\/\/www.automakersnews.cz\/index.php\/wp-json\/wp\/v2\/users\/1"}],"replies":[{"embeddable":true,"href":"https:\/\/www.automakersnews.cz\/index.php\/wp-json\/wp\/v2\/comments?post=5701"}],"version-history":[{"count":0,"href":"https:\/\/www.automakersnews.cz\/index.php\/wp-json\/wp\/v2\/posts\/5701\/revisions"}],"wp:featuredmedia":[{"embeddable":true,"href":"https:\/\/www.automakersnews.cz\/index.php\/wp-json\/wp\/v2\/media\/5730"}],"wp:attachment":[{"href":"https:\/\/www.automakersnews.cz\/index.php\/wp-json\/wp\/v2\/media?parent=5701"}],"wp:term":[{"taxonomy":"category","embeddable":true,"href":"https:\/\/www.automakersnews.cz\/index.php\/wp-json\/wp\/v2\/categories?post=5701"},{"taxonomy":"post_tag","embeddable":true,"href":"https:\/\/www.automakersnews.cz\/index.php\/wp-json\/wp\/v2\/tags?post=5701"}],"curies":[{"name":"wp","href":"https:\/\/api.w.org\/{rel}","templated":true}]}}