{"id":57070,"date":"2023-06-19T08:40:58","date_gmt":"2023-06-19T08:40:58","guid":{"rendered":"https:\/\/www.automakersnews.cz\/?p=57070"},"modified":"2023-06-19T08:40:58","modified_gmt":"2023-06-19T08:40:58","slug":"skoda-zajisti-mobilitu-smetanovy-litomysle","status":"publish","type":"post","link":"https:\/\/www.automakersnews.cz\/index.php\/2023\/06\/19\/skoda-zajisti-mobilitu-smetanovy-litomysle\/","title":{"rendered":"\u0160koda zajist\u00ed mobilitu Smetanovy Litomy\u0161le"},"content":{"rendered":"<p><strong>\u0160koda Auto letos op\u011bt poskytla organiz\u00e1tor\u016fm festivalu Smetanova Litomy\u0161l flotilu 10 voz\u016f pro p\u0159epravu um\u011blc\u016f a d\u016fle\u017eit\u00fdch host\u016f. Jedn\u00e1 se o modely \u0160koda Enyaq a \u0160koda Superb iV s elektrifikovan\u00fdm pohonem.<\/strong><!--more--><\/p>\n<p>Tich\u00fd a lok\u00e1ln\u011b bezemisn\u00ed provoz t\u011bchto voz\u016f se hod\u00ed pro vyu\u017eit\u00ed ve slavnostn\u00ed atmosf\u00e9\u0159e, kter\u00e1 Litomy\u0161l b\u011bhem tradi\u010dn\u00edho festivalu prov\u00e1z\u00ed. \u0160koda Auto je ofici\u00e1ln\u00edm partnerem tohoto v\u00fdznamn\u00e9ho sv\u00e1tku v\u00e1\u017en\u00e9 hudby od roku 1996.<\/p>\n<p>Leto\u0161n\u00ed ro\u010dn\u00edk festivalu prob\u00edh\u00e1 netradi\u010dn\u011b mimo n\u00e1dvo\u0159\u00ed litomy\u0161lsk\u00e9ho z\u00e1mku. Kv\u016fli rekonstrukci pam\u00e1tky vybudovali organiz\u00e1to\u0159i hlavn\u00ed koncertn\u00ed s\u00ed\u0148 uvnit\u0159 haly m\u00edstn\u00edho stadionu. Jeho konstrukci tvo\u0159\u00ed vzdu\u0161n\u00fd d\u0159ev\u011bn\u00fd strop a st\u011bny budovy obklopuje pr\u016fsvitn\u00fd materi\u00e1l, z vnit\u0159n\u00ed strany oblo\u017een\u00fd tlumic\u00edm materi\u00e1lem. Akustika prostoru tak je adekv\u00e1tn\u011b decentn\u00ed a vyhov\u00ed i klasick\u00e9 hudb\u011b. Dal\u0161\u00ed vystoupen\u00ed se jako obvykle odehraj\u00ed v kostelech, j\u00edzd\u00e1rn\u011b \u010di ve Smetanov\u011b dom\u011b.<\/p>\n<p>V bohat\u00e9m programu se mohou n\u00e1v\u0161t\u011bvn\u00edci t\u011b\u0161it nejen na \u010desk\u00e9 opern\u00ed p\u011bvce Pavla \u010cernocha nebo Adama Plachetku, ale i slavn\u00e9 zahrani\u010dn\u00ed s\u00f3listy. P\u0159ipravena je nov\u00e1 inscenace Smetanovy Prodan\u00e9 nev\u011bsty \u010di Verdiho Otella.<\/p>\n<p>K festivalu pat\u0159\u00ed i vedlej\u0161\u00ed sc\u00e9na Festivalov\u00e9 zahrady s voln\u00fdm p\u0159\u00edstupem pro ve\u0159ejnost. Hlavn\u00edmi l\u00e1kadly doprovodn\u00e9ho programu jsou Jan Cina s Mal\u00fdm princem, Laco D\u00e9czi \u010di Bert &amp; Friends a z nehudebn\u00edch produkc\u00ed tane\u010dn\u00ed skupina Dekkadancers.<\/p>\n<p>Festival Smetanova Litomy\u0161l je druhou nejstar\u0161\u00ed hudebn\u00ed p\u0159ehl\u00eddkou v \u010cesk\u00e9 republice, z\u00e1rove\u0148 se jedn\u00e1 o jeden z nejv\u011bt\u0161\u00edch festival\u016f klasick\u00e9 hudby u n\u00e1s. Hlavn\u00ed programovou n\u00e1pln\u00ed jsou opern\u00ed inscenace, nechyb\u00ed ale tak\u00e9 galakoncerty, oratoria, kant\u00e1ty a p\u00eds\u0148ov\u00e9 ve\u010dery.<\/p>\n<p>\u0160koda Auto je partnerem festivalu Smetanova Litomy\u0161l od roku 1996. Podpora a rozvoj kultury je jednou z dlouhodob\u00fdch sou\u010d\u00e1st\u00ed spole\u010densk\u00e9 odpov\u011bdnosti mladoboleslavsk\u00e9 automobilky. \u0160koda Auto rovn\u011b\u017e spolupracuje s \u010ceskou filharmoni\u00ed, pra\u017esk\u00fdm N\u00e1rodn\u00edm divadlem nebo N\u00e1rodn\u00edm technick\u00fdm muzeem \u010di mezin\u00e1rodn\u00ed p\u0159ehl\u00eddkou film\u016f pro d\u011bti a ml\u00e1de\u017e Zl\u00edn Film Festival.<\/p>\n<p><img loading=\"lazy\" decoding=\"async\" class=\"alignnone wp-image-57072\" src=\"http:\/\/www.automakersnews.cz\/wp-content\/uploads\/2023\/06\/koda-Auto-zapujci-na-festival-Smetanova-Litomysl-small-7-300x204.jpg\" alt=\"\" width=\"938\" height=\"638\" srcset=\"https:\/\/www.automakersnews.cz\/wp-content\/uploads\/2023\/06\/koda-Auto-zapujci-na-festival-Smetanova-Litomysl-small-7-300x204.jpg 300w, https:\/\/www.automakersnews.cz\/wp-content\/uploads\/2023\/06\/koda-Auto-zapujci-na-festival-Smetanova-Litomysl-small-7-1024x696.jpg 1024w, https:\/\/www.automakersnews.cz\/wp-content\/uploads\/2023\/06\/koda-Auto-zapujci-na-festival-Smetanova-Litomysl-small-7-768x522.jpg 768w\" sizes=\"auto, (max-width: 938px) 100vw, 938px\" \/><\/p>\n","protected":false},"excerpt":{"rendered":"<div class=\"mh-excerpt\"><p>\u0160koda Auto letos op\u011bt poskytla organiz\u00e1tor\u016fm festivalu Smetanova Litomy\u0161l flotilu 10 voz\u016f pro p\u0159epravu um\u011blc\u016f a d\u016fle\u017eit\u00fdch host\u016f. Jedn\u00e1 se o modely \u0160koda Enyaq a <a class=\"mh-excerpt-more\" href=\"https:\/\/www.automakersnews.cz\/index.php\/2023\/06\/19\/skoda-zajisti-mobilitu-smetanovy-litomysle\/\" title=\"\u0160koda zajist\u00ed mobilitu Smetanovy Litomy\u0161le\">[&#8230;]<\/a><\/p>\n<\/div>","protected":false},"author":4,"featured_media":57071,"comment_status":"open","ping_status":"open","sticky":false,"template":"","format":"standard","meta":{"footnotes":""},"categories":[2],"tags":[],"class_list":["post-57070","post","type-post","status-publish","format-standard","has-post-thumbnail","hentry","category-news"],"_links":{"self":[{"href":"https:\/\/www.automakersnews.cz\/index.php\/wp-json\/wp\/v2\/posts\/57070","targetHints":{"allow":["GET"]}}],"collection":[{"href":"https:\/\/www.automakersnews.cz\/index.php\/wp-json\/wp\/v2\/posts"}],"about":[{"href":"https:\/\/www.automakersnews.cz\/index.php\/wp-json\/wp\/v2\/types\/post"}],"author":[{"embeddable":true,"href":"https:\/\/www.automakersnews.cz\/index.php\/wp-json\/wp\/v2\/users\/4"}],"replies":[{"embeddable":true,"href":"https:\/\/www.automakersnews.cz\/index.php\/wp-json\/wp\/v2\/comments?post=57070"}],"version-history":[{"count":0,"href":"https:\/\/www.automakersnews.cz\/index.php\/wp-json\/wp\/v2\/posts\/57070\/revisions"}],"wp:featuredmedia":[{"embeddable":true,"href":"https:\/\/www.automakersnews.cz\/index.php\/wp-json\/wp\/v2\/media\/57071"}],"wp:attachment":[{"href":"https:\/\/www.automakersnews.cz\/index.php\/wp-json\/wp\/v2\/media?parent=57070"}],"wp:term":[{"taxonomy":"category","embeddable":true,"href":"https:\/\/www.automakersnews.cz\/index.php\/wp-json\/wp\/v2\/categories?post=57070"},{"taxonomy":"post_tag","embeddable":true,"href":"https:\/\/www.automakersnews.cz\/index.php\/wp-json\/wp\/v2\/tags?post=57070"}],"curies":[{"name":"wp","href":"https:\/\/api.w.org\/{rel}","templated":true}]}}