{"id":57075,"date":"2023-06-19T08:44:51","date_gmt":"2023-06-19T08:44:51","guid":{"rendered":"https:\/\/www.automakersnews.cz\/?p=57075"},"modified":"2023-06-19T08:44:51","modified_gmt":"2023-06-19T08:44:51","slug":"clfa-podil-elektromobilu-v-cr-jen-021","status":"publish","type":"post","link":"https:\/\/www.automakersnews.cz\/index.php\/2023\/06\/19\/clfa-podil-elektromobilu-v-cr-jen-021\/","title":{"rendered":"\u010cLFA: pod\u00edl elektromobil\u016f v \u010cR jen 0,21 %"},"content":{"rendered":"<p><strong>Statistiky hovo\u0159\u00ed ne\u00faprosn\u011b. Zat\u00edmco pod\u00edl elektromobil\u016f v r\u00e1mci cel\u00e9 Evropsk\u00e9 unie byl na konci prvn\u00edho \u010dtvrtlet\u00ed leto\u0161n\u00edho roku 1,14 %, v \u010cesk\u00e9 republice to bylo pouze 0,21 % (tedy jen necel\u00e1 p\u011btin\u011b EU pr\u016fm\u011bru). <\/strong><!--more--><\/p>\n<p>Dom\u00e1c\u00ed statistiky p\u0159itom zachra\u0148uje \u010cesk\u00e1 leasingov\u00e1 a finan\u010dn\u00ed asociace (\u010cLFA), kde pod\u00edl elektromobil\u016f na financov\u00e1n\u00ed osobn\u00edch voz\u016f byl prakticky shodn\u00fd s pr\u016fm\u011brem v EU &#8211; 1,1 %. St\u00e1t pl\u00e1nuje do rozvoje elektromobility v\u00fdrazn\u011b zas\u00e1hnout.<\/p>\n<p>V p\u0159\u00edprav\u011b elektromobility je \u010cR na 21. m\u00edst\u011b z 22 sledovan\u00fdch zem\u00ed v Evrop\u011b, n\u00e1klady na parkovac\u00ed m\u00edsto z d\u016fvodu budov\u00e1n\u00ed infrastruktury pro elekromobily v nov\u011b stav\u011bn\u00fdch residen\u010dn\u00edch projektech vzrostou o 600 tis\u00edc K\u010d, v \u010cR je jen 0,7 % nab\u00edjec\u00edch stanic v r\u00e1mci cel\u00e9 Evropsk\u00e9 unie. To jsou jen n\u011bkter\u00e9 z informac\u00ed, kter\u00e9 zazn\u011bly na Konferenci \u010dist\u00e9 mobility po\u0159\u00e1dan\u00e9 v kv\u011btnu Ministerstvem \u017eivotn\u00edho prost\u0159ed\u00ed. \u017de \u010cesko v r\u00e1mci Evropy v elektromobilit\u011b zaost\u00e1v\u00e1, je realita. Podstatn\u00e9 je, a jasn\u011b to na konferenci zazn\u011blo, \u017ee st\u00e1t chce tuto situaci zm\u011bnit.<\/p>\n<p>\u201eMinisterstvo \u017eivotn\u00edho prost\u0159ed\u00ed bylo velmi aktivn\u00ed na evropsk\u00e9 \u00farovni p\u0159i vyjedn\u00e1v\u00e1n\u00ed bal\u00ed\u010dku podpor pro rozvoj \u010dist\u00e9 mobility v r\u00e1mci \u010desk\u00e9ho p\u0159edsednictv\u00ed. Ten podle m\u00e9ho n\u00e1zoru v\u00fdrazn\u011b nastartuje pot\u0159ebn\u00e9 zm\u011bny i v dal\u0161\u00edch resortech. Vl\u00e1da rovn\u011b\u017e p\u0159ipravuje zm\u011bnu z\u00e1kona o obchodov\u00e1n\u00ed s emisn\u00edmi povolenkami a jednozna\u010dn\u011b chce j\u00edt cestou podpory ekologick\u00fdch investic. Z pohledu podnikatelsk\u00fdch subjekt\u016f je kl\u00ed\u010dov\u00fdm \u00fakolem v tomto sm\u011bru p\u0159\u00edprava pl\u00e1nu \u010dist\u00e9 mobility od Ministerstva pr\u016fmyslu a obchodu, kter\u00fd by m\u011bl b\u00fdt schv\u00e1len do konce leto\u0161n\u00edho roku,\u201c uvedla Jana Hanu\u0161ov\u00e1, p\u0159edsedkyn\u011b \u010cesk\u00e9 leasingov\u00e9 a finan\u010dn\u00ed asociace s t\u00edm, \u017ee v legislativn\u00edm procesu je n\u00e1vrh na prodlou\u017een\u00ed mimo\u0159\u00e1dn\u00fdch odpis\u016f u bezemisn\u00edch vozidel pro dal\u0161\u00edch p\u011bt let.<\/p>\n<p>V prvn\u00edm \u010dtvrtlet\u00ed bylo prod\u00e1no v \u010cR podle dat Svazu dovozc\u016f automobil\u016f (SDA) celkem 1352 nov\u00fdch elektromobil\u016f (osobn\u00ed i u\u017eitkov\u00e9), z toho 371 (27,4 %) financovaly \u010dlensk\u00e9 spole\u010dnosti \u010cesk\u00e9 leasingov\u00e9 a finan\u010dn\u00ed asociace (\u010cLFA). K posledn\u00edmu b\u0159eznu 2023 evidovaly \u010dlensk\u00e9 spole\u010dnosti \u010cLFA ve sv\u00fdch portfoli\u00edch celkem 2609 automobil\u016f na elektrick\u00fd pohon.<\/p>\n<p><img loading=\"lazy\" decoding=\"async\" class=\"alignnone size-large wp-image-57113\" src=\"http:\/\/www.automakersnews.cz\/wp-content\/uploads\/2023\/06\/61ae84ab5f4ff8731ed06c2d_elektromobilitae-small-22-1024x576.jpg\" alt=\"\" width=\"1024\" height=\"576\" srcset=\"https:\/\/www.automakersnews.cz\/wp-content\/uploads\/2023\/06\/61ae84ab5f4ff8731ed06c2d_elektromobilitae-small-22-1024x576.jpg 1024w, https:\/\/www.automakersnews.cz\/wp-content\/uploads\/2023\/06\/61ae84ab5f4ff8731ed06c2d_elektromobilitae-small-22-300x169.jpg 300w, https:\/\/www.automakersnews.cz\/wp-content\/uploads\/2023\/06\/61ae84ab5f4ff8731ed06c2d_elektromobilitae-small-22-768x432.jpg 768w, https:\/\/www.automakersnews.cz\/wp-content\/uploads\/2023\/06\/61ae84ab5f4ff8731ed06c2d_elektromobilitae-small-22-1536x864.jpg 1536w, https:\/\/www.automakersnews.cz\/wp-content\/uploads\/2023\/06\/61ae84ab5f4ff8731ed06c2d_elektromobilitae-small-22-678x381.jpg 678w, https:\/\/www.automakersnews.cz\/wp-content\/uploads\/2023\/06\/61ae84ab5f4ff8731ed06c2d_elektromobilitae-small-22.jpg 1920w\" sizes=\"auto, (max-width: 1024px) 100vw, 1024px\" \/><\/p>\n","protected":false},"excerpt":{"rendered":"<div class=\"mh-excerpt\"><p>Statistiky hovo\u0159\u00ed ne\u00faprosn\u011b. Zat\u00edmco pod\u00edl elektromobil\u016f v r\u00e1mci cel\u00e9 Evropsk\u00e9 unie byl na konci prvn\u00edho \u010dtvrtlet\u00ed leto\u0161n\u00edho roku 1,14 %, v \u010cesk\u00e9 republice to bylo <a class=\"mh-excerpt-more\" href=\"https:\/\/www.automakersnews.cz\/index.php\/2023\/06\/19\/clfa-podil-elektromobilu-v-cr-jen-021\/\" title=\"\u010cLFA: pod\u00edl elektromobil\u016f v \u010cR jen 0,21 %\">[&#8230;]<\/a><\/p>\n<\/div>","protected":false},"author":4,"featured_media":286,"comment_status":"open","ping_status":"open","sticky":false,"template":"","format":"standard","meta":{"footnotes":""},"categories":[22,8],"tags":[],"class_list":["post-57075","post","type-post","status-publish","format-standard","has-post-thumbnail","hentry","category-elektromobily","category-statistika"],"_links":{"self":[{"href":"https:\/\/www.automakersnews.cz\/index.php\/wp-json\/wp\/v2\/posts\/57075","targetHints":{"allow":["GET"]}}],"collection":[{"href":"https:\/\/www.automakersnews.cz\/index.php\/wp-json\/wp\/v2\/posts"}],"about":[{"href":"https:\/\/www.automakersnews.cz\/index.php\/wp-json\/wp\/v2\/types\/post"}],"author":[{"embeddable":true,"href":"https:\/\/www.automakersnews.cz\/index.php\/wp-json\/wp\/v2\/users\/4"}],"replies":[{"embeddable":true,"href":"https:\/\/www.automakersnews.cz\/index.php\/wp-json\/wp\/v2\/comments?post=57075"}],"version-history":[{"count":0,"href":"https:\/\/www.automakersnews.cz\/index.php\/wp-json\/wp\/v2\/posts\/57075\/revisions"}],"wp:featuredmedia":[{"embeddable":true,"href":"https:\/\/www.automakersnews.cz\/index.php\/wp-json\/wp\/v2\/media\/286"}],"wp:attachment":[{"href":"https:\/\/www.automakersnews.cz\/index.php\/wp-json\/wp\/v2\/media?parent=57075"}],"wp:term":[{"taxonomy":"category","embeddable":true,"href":"https:\/\/www.automakersnews.cz\/index.php\/wp-json\/wp\/v2\/categories?post=57075"},{"taxonomy":"post_tag","embeddable":true,"href":"https:\/\/www.automakersnews.cz\/index.php\/wp-json\/wp\/v2\/tags?post=57075"}],"curies":[{"name":"wp","href":"https:\/\/api.w.org\/{rel}","templated":true}]}}