{"id":57077,"date":"2023-06-19T08:34:25","date_gmt":"2023-06-19T08:34:25","guid":{"rendered":"https:\/\/www.automakersnews.cz\/?p=57077"},"modified":"2023-06-19T08:34:25","modified_gmt":"2023-06-19T08:34:25","slug":"toyota-chce-menit-budoucnost-autoprumyslu","status":"publish","type":"post","link":"https:\/\/www.automakersnews.cz\/index.php\/2023\/06\/19\/toyota-chce-menit-budoucnost-autoprumyslu\/","title":{"rendered":"Toyota chce m\u011bnit budoucnost autopr\u016fmyslu"},"content":{"rendered":"<p><strong>Toyota Motor Corporation ozn\u00e1mila n\u011bkolik nov\u00fdch p\u0159\u00edstup\u016f, kter\u00e9 ovlivn\u00ed budoucnost automobilov\u00e9ho pr\u016fmyslu a d\u00edky kter\u00fdm se japonsk\u00e1 automobilka stane tak\u00e9 firmou poskytuj\u00edc\u00ed slu\u017eby mobility. Kl\u00ed\u010dem jsou t\u0159i p\u0159\u00edstupy, elektrifikace, inteligence a diverzifikace.<\/strong><!--more--><\/p>\n<p>V oblasti elektrifikace p\u016fjde Toyota i nad\u00e1le cestou r\u016fznorod\u00fdch sm\u011br\u016f v\u010detn\u011b uv\u00e1d\u011bn\u00ed optim\u00e1ln\u00edch druh\u016f pohonu v jednotliv\u00fdch regionech.<\/p>\n<p>V r\u00e1mci inteligence bude krom\u011b samotn\u00fdch vozidel a slu\u017eeb podporovat iniciativy napom\u00e1haj\u00edc\u00ed k u\u017e\u0161\u00edmu propojen\u00ed se spole\u010dnost\u00ed, jako je nap\u0159\u00edklad m\u011bsto Woven City.<\/p>\n<p>A diverzifikace podnikatelsk\u00fdch aktivit Toyoty znamen\u00e1 roz\u0161i\u0159ovat z\u00e1b\u011br z aut v\u00edce na spole\u010dnost. C\u00edlem je svoboda pohybu a mo\u017enost volby mezi r\u016fzn\u00fdmi druhy energie pro ka\u017ed\u00e9ho u\u017eivatele.<\/p>\n<p><strong>Technologick\u00e1 strategie Toyoty a dal\u0161\u00ed sm\u011b\u0159ov\u00e1n\u00ed v\u00fdroby automobil\u016f <\/strong><\/p>\n<p><strong>Hiroki Nakad\u017eima, v\u00fdkonn\u00fd viceprezident a hlavn\u00ed technick\u00fd \u0159editel (CTO)<\/strong><\/p>\n<p>V dubnov\u00e9m briefingu byla vysv\u011btlena tzv. koncepce mobility Toyota (\u201eToyota Mobility Concept\u201c).<\/p>\n<p>Do b\u0159ezna 2023 jsme tak p\u0159esunuli p\u0159es polovinu na\u0161ich pracovn\u00edk\u016f v\u00fdzkumu a v\u00fdvoje; d\u00e1le p\u0159ibli\u017en\u011b polovina v\u00fddaj\u016f na v\u00fdzkum a v\u00fdvoj sm\u011b\u0159uje do oblasti pokro\u010dil\u00e9ho v\u00fdvoje, p\u0159i\u010dem\u017e absolutn\u00ed \u010d\u00e1stka neust\u00e1le roste. V tomto trendu pl\u00e1nujeme pokra\u010dovat i do budoucna.<\/p>\n<p><img loading=\"lazy\" decoding=\"async\" class=\"alignnone wp-image-57110\" src=\"http:\/\/www.automakersnews.cz\/wp-content\/uploads\/2023\/06\/Aerodynamic_technology_based_20on_rocket_hypersonic_technology-fit-594x305-1-300x154.jpg\" alt=\"\" width=\"886\" height=\"455\" srcset=\"https:\/\/www.automakersnews.cz\/wp-content\/uploads\/2023\/06\/Aerodynamic_technology_based_20on_rocket_hypersonic_technology-fit-594x305-1-300x154.jpg 300w, https:\/\/www.automakersnews.cz\/wp-content\/uploads\/2023\/06\/Aerodynamic_technology_based_20on_rocket_hypersonic_technology-fit-594x305-1.jpg 594w\" sizes=\"auto, (max-width: 886px) 100vw, 886px\" \/><\/p>\n","protected":false},"excerpt":{"rendered":"<div class=\"mh-excerpt\"><p>Toyota Motor Corporation ozn\u00e1mila n\u011bkolik nov\u00fdch p\u0159\u00edstup\u016f, kter\u00e9 ovlivn\u00ed budoucnost automobilov\u00e9ho pr\u016fmyslu a d\u00edky kter\u00fdm se japonsk\u00e1 automobilka stane tak\u00e9 firmou poskytuj\u00edc\u00ed slu\u017eby mobility. Kl\u00ed\u010dem <a class=\"mh-excerpt-more\" href=\"https:\/\/www.automakersnews.cz\/index.php\/2023\/06\/19\/toyota-chce-menit-budoucnost-autoprumyslu\/\" title=\"Toyota chce m\u011bnit budoucnost autopr\u016fmyslu\">[&#8230;]<\/a><\/p>\n<\/div>","protected":false},"author":4,"featured_media":57081,"comment_status":"open","ping_status":"open","sticky":false,"template":"","format":"standard","meta":{"footnotes":""},"categories":[2],"tags":[],"class_list":["post-57077","post","type-post","status-publish","format-standard","has-post-thumbnail","hentry","category-news"],"_links":{"self":[{"href":"https:\/\/www.automakersnews.cz\/index.php\/wp-json\/wp\/v2\/posts\/57077","targetHints":{"allow":["GET"]}}],"collection":[{"href":"https:\/\/www.automakersnews.cz\/index.php\/wp-json\/wp\/v2\/posts"}],"about":[{"href":"https:\/\/www.automakersnews.cz\/index.php\/wp-json\/wp\/v2\/types\/post"}],"author":[{"embeddable":true,"href":"https:\/\/www.automakersnews.cz\/index.php\/wp-json\/wp\/v2\/users\/4"}],"replies":[{"embeddable":true,"href":"https:\/\/www.automakersnews.cz\/index.php\/wp-json\/wp\/v2\/comments?post=57077"}],"version-history":[{"count":0,"href":"https:\/\/www.automakersnews.cz\/index.php\/wp-json\/wp\/v2\/posts\/57077\/revisions"}],"wp:featuredmedia":[{"embeddable":true,"href":"https:\/\/www.automakersnews.cz\/index.php\/wp-json\/wp\/v2\/media\/57081"}],"wp:attachment":[{"href":"https:\/\/www.automakersnews.cz\/index.php\/wp-json\/wp\/v2\/media?parent=57077"}],"wp:term":[{"taxonomy":"category","embeddable":true,"href":"https:\/\/www.automakersnews.cz\/index.php\/wp-json\/wp\/v2\/categories?post=57077"},{"taxonomy":"post_tag","embeddable":true,"href":"https:\/\/www.automakersnews.cz\/index.php\/wp-json\/wp\/v2\/tags?post=57077"}],"curies":[{"name":"wp","href":"https:\/\/api.w.org\/{rel}","templated":true}]}}