{"id":57288,"date":"2023-06-19T08:59:20","date_gmt":"2023-06-19T08:59:20","guid":{"rendered":"https:\/\/www.automakersnews.cz\/?p=57288"},"modified":"2023-06-19T09:36:42","modified_gmt":"2023-06-19T09:36:42","slug":"mercedes-benz-trucks-otevrel-servisni-centrum-na-morave","status":"publish","type":"post","link":"https:\/\/www.automakersnews.cz\/index.php\/2023\/06\/19\/mercedes-benz-trucks-otevrel-servisni-centrum-na-morave\/","title":{"rendered":"Mercedes-Benz Trucks otev\u0159el servisn\u00ed centrum na Morav\u011b"},"content":{"rendered":"<p><strong> P\u0159esn\u011b rok po polo\u017een\u00ed z\u00e1kladn\u00edho kamene bylo 16. \u010dervna slavnostn\u011b otev\u0159eno Truck Centrum Mercedes-Benz ve Velk\u00e9m T\u00fdnci u Olomouce, v \u010d\u00e1sti obce Vsisko. Jedn\u00e1 se o pobo\u010dku importu, kter\u00fd je akreditovan\u00fdm dovozcem n\u00e1kladn\u00edch vozidel zna\u010dek Mercedes-Benz a Fuso.<\/strong><!--more--><\/p>\n<p>Za developmentem cel\u00e9ho projektu stoj\u00ed spole\u010dnost Linkcity, kter\u00e1 z\u00e1rove\u0148 zajistila v\u00fdstavbu prost\u0159ednictv\u00edm sv\u00e9 sestersk\u00e9 spole\u010dnosti VCES.<\/p>\n<figure id=\"attachment_25902\" aria-describedby=\"caption-attachment-25902\" style=\"width: 627px\" class=\"wp-caption alignnone\"><img loading=\"lazy\" decoding=\"async\" class=\"size-full wp-image-25902\" src=\"http:\/\/www.automakersnews.cz\/wp-content\/uploads\/2023\/03\/Josef-Marik.jpeg\" alt=\"\" width=\"627\" height=\"418\" srcset=\"https:\/\/www.automakersnews.cz\/wp-content\/uploads\/2023\/03\/Josef-Marik.jpeg 627w, https:\/\/www.automakersnews.cz\/wp-content\/uploads\/2023\/03\/Josef-Marik-300x200.jpeg 300w\" sizes=\"auto, (max-width: 627px) 100vw, 627px\" \/><figcaption id=\"caption-attachment-25902\" class=\"wp-caption-text\">Josef Ma\u0159\u00edk<\/figcaption><\/figure>\n<p><strong>Josef Ma\u0159\u00edk, CEO spole\u010dnosti Mercedes-Benz Trucks \u010cesk\u00e1 republika, k tomu \u0159ekl:<\/strong><\/p>\n<p>\u201eJsem velmi pot\u011b\u0161en, \u017ee se n\u00e1m poda\u0159ilo prakticky za rok postavit na zelen\u00e9 louce kompletn\u00ed novou pobo\u010dku a uv\u00e9st ji do provozu. Vyplatila se n\u00e1m d\u016fkladn\u00e1 p\u0159\u00edprava, v\u010dasn\u00e9 objedn\u00e1n\u00ed ve\u0161ker\u00fdch pot\u0159ebn\u00fdch za\u0159\u00edzen\u00ed a materi\u00e1lu a tak\u00e9 pr\u016fb\u011b\u017en\u00e1 komunikace se v\u0161emi z\u00fa\u010dastn\u011bn\u00fdmi stranami. D\u00edky intenzivn\u00ed pr\u00e1ci na\u0161eho odd\u011blen\u00ed lidsk\u00fdch zdroj\u016f se n\u00e1m povedlo novou pobo\u010dku obsadit i person\u00e1lem, tak\u017ee ji\u017e pracujeme v pln\u00e9 pracovn\u00ed dob\u011b na dv\u011b sm\u011bny sedm dn\u00ed v t\u00fddnu. V\u011b\u0159\u00edm, \u017ee zv\u00fd\u0161en\u00ed kapacity a kvality na\u0161\u00ed servisn\u00ed s\u00edt\u011b v bl\u00edzkosti uzlu hlavn\u00edch tah\u016f moravsk\u00fdch d\u00e1lnic p\u0159inese o\u010dek\u00e1van\u00e9 zlep\u0161en\u00ed dostupnosti servisn\u00edch i prodejn\u00edch slu\u017eeb nejen pro z\u00e1kazn\u00edky z tohoto regionu, ale i pro proj\u00ed\u017ed\u011bj\u00edc\u00ed vozidla. Cht\u011bl bych pod\u011bkovat na\u0161im dodavatel\u016fm \u2013 v prvn\u00ed \u0159ad\u011b stavebn\u00ed spole\u010dnosti VCES za realizaci stavby, ale i mnoh\u00fdm dal\u0161\u00edm, za spolupr\u00e1ci a pln\u011bn\u00ed n\u00e1ro\u010dn\u00fdch term\u00edn\u016f dod\u00e1vek jednotliv\u00fdch za\u0159\u00edzen\u00ed a materi\u00e1lu. Cht\u011bl bych pod\u011bkovat i veden\u00ed obce Velk\u00fd T\u00fdnec za v\u00fdznamnou podporu a vst\u0159\u00edcnost k n\u00e1m,<br \/>\nnov\u00fdm soused\u016fm.\u201c<\/p>\n<p><img loading=\"lazy\" decoding=\"async\" class=\"alignnone size-large wp-image-57291\" src=\"http:\/\/www.automakersnews.cz\/wp-content\/uploads\/2023\/06\/Mercedes-Truck-Olomouc-kamiony-1024x768.jpg\" alt=\"\" width=\"1024\" height=\"768\" \/><\/p>\n<p><strong>Krist\u00fdna Zavrt\u00e1lkov\u00e1, CEO Linkcity Czech Republic, zhodnotila vz\u00e1jemnou spolupr\u00e1ci:<\/strong><\/p>\n<p>\u201eP\u0159\u00edb\u011bh nov\u00e9 pobo\u010dky pro Mercedes-Benz Trucks \u010cR za\u010dal v roce 2020 vytipov\u00e1n\u00edm vhodn\u00e9 lokality dle po\u017eadavk\u016f klienta, n\u00e1sledovala detailn\u00ed p\u0159\u00edprava projektu a samotn\u00e1 v\u00fdstavba. V\u00e1\u017e\u00edme si toho, \u017ee jsme dostali p\u0159\u00edle\u017eitost pod\u00edlet se na expanzi prodejn\u00ed a servisn\u00ed s\u00edt\u011b na\u0161eho v\u00fdznamn\u00e9ho klienta, kter\u00fd je nositelem \u0161pi\u010dkov\u00e9 zna\u010dky v automobilov\u00e9m pr\u016fmyslu.\u201c<\/p>\n<p><strong>Zden\u011bk Pokorn\u00fd, CEO stavebn\u00ed spole\u010dnosti VCES, ke stavb\u011b uvedl:<\/strong><\/p>\n<p>\u201eSpolupr\u00e1ci se spole\u010dnost\u00ed Mercedes-Benz Trucks \u010cR mohu jednodu\u0161e shrnout slovy profesionalita a nasazen\u00ed. D\u00edky t\u011bmto dv\u011bma vlastnostem a pe\u010dliv\u00e9 p\u0159\u00edprav\u011b, kterou v\u011bnovaly t\u00fdmy investora, developera Linkcity, technick\u00e9ho odd\u011blen\u00ed VCES a projektanta v p\u0159ipraven\u00e9 f\u00e1zi, m\u016f\u017eeme dnes, p\u0159esn\u011b rok od polo\u017een\u00ed z\u00e1kladn\u00edho kamene spole\u010dn\u011b otev\u00edrat nov\u00e9 servisn\u00ed centrum ve Velk\u00e9m T\u00fdnci. V pr\u016fb\u011bhu v\u00fdstavby se k nim p\u0159idala i v\u00fdborn\u00e1 vz\u00e1jemn\u00e1 komunikace, d\u00edky kter\u00e9 jsme byli schopni flexibiln\u011b reagovat na \u00fapravy zad\u00e1n\u00ed a nov\u00e9 po\u017eadavky ze strany investora. V\u011b\u0159\u00edm, \u017ee jsme i napodruh\u00e9 naplnili jeho o\u010dek\u00e1v\u00e1n\u00ed a p\u0159eji spole\u010dnosti Mercedes-Benz Trucks \u010cR a jejich nov\u00e9 pobo\u010dce spoustu spokojen\u00fdch klient\u016f.\u201c<\/p>\n<p><strong>Starosta obce Velk\u00fd T\u00fdnec PhDr. Petr Hanu\u0161ka, Ph.D., vyj\u00e1d\u0159il stavb\u011b podporu: <\/strong><\/p>\n<p>\u201eObec Velk\u00fd T\u00fdnec v\u00edt\u00e1 vstup firmy Mercedes-Benz Trucks \u010cesk\u00e1 republika s.r.o. do st\u0159edomoravsk\u00e9ho regionu. Zastupitelstvo obce velmi obez\u0159etn\u011b zv\u00e1\u017eilo v\u0161echny plusy a minusy spojen\u00e9 s p\u0159\u00edchodem p\u0159\u00edtomn\u00e9ho investora a dosp\u011blo k jednozna\u010dn\u00e9mu n\u00e1zoru, \u017ee p\u016fsoben\u00ed renomovan\u00e9 firmy pozitivn\u011b p\u0159isp\u011bje k rozvoji na\u0161\u00ed oblasti, resp. nab\u00eddne velk\u00e9 mno\u017estv\u00ed pracovn\u00edch p\u0159\u00edle\u017eitost\u00ed, a to nejen pro na\u0161e ob\u010dany. Charakter provozu a zp\u016fsob napojen\u00ed na d\u00e1lni\u010dn\u00ed s\u00ed\u0165 odpov\u00edd\u00e1 zvolen\u00e9 lokaci, resp. v \u017e\u00e1dn\u00e9m p\u0159\u00edpad\u011b negativn\u011b neovlivn\u00ed \u017eivotn\u00ed prost\u0159ed\u00ed obyvatel \u017eij\u00edc\u00edch v m\u00edstn\u00ed \u010d\u00e1sti Vsisko. V\u011b\u0159\u00edme, \u017ee obec bude s firmou udr\u017eovat oboustrann\u011b v\u00fdhodn\u00e9 vztahy, kter\u00e9 mj. prosp\u011bj\u00ed na\u0161\u00ed obci v jej\u00edm zviditeln\u011bn\u00ed na podnikatelsk\u00e9 map\u011b \u010cesk\u00e9 republiky.\u201c<\/p>\n<p><img loading=\"lazy\" decoding=\"async\" class=\"alignnone size-large wp-image-57323\" src=\"http:\/\/www.automakersnews.cz\/wp-content\/uploads\/2023\/06\/Mercedes-Charged-Ready-1024x768.jpg\" alt=\"\" width=\"1024\" height=\"768\" \/><\/p>\n<p>Z\u00e1kladn\u00ed informace o stavb\u011b Mercedes-Benz Trucks \u010cR hledal vhodnou lokaci na st\u0159edn\u00ed Morav\u011b v bl\u00edzkosti hlavn\u00edch sm\u011br\u016f n\u00e1kladn\u00ed dopravy. Lokalita u Velk\u00e9ho T\u00fdnce je dob\u0159e dostupn\u00e1 ze sm\u011br\u016f od Hradce Kr\u00e1lov\u00e9, Brna, Ostravy i Opavy. Nov\u00fd are\u00e1l bude situov\u00e1n u k\u0159i\u017eovatky d\u00e1lnice D35 s hlavn\u00ed silnic\u00ed \u010d.55. Ve spojen\u00ed s ji\u017e existuj\u00edc\u00edm nov\u00fdm servisem Mercedes-Benz pro n\u00e1kladn\u00ed vozidla a autobusy Mercedes-Benz autorizovan\u00e9 dealersk\u00e9 spole\u010dnosti Ho\u0161ek Motor v Ostrova\u010dic\u00edch u Brna p\u0159\u00edmo u sjezdu z d\u00e1lnice D1 a s nov\u011b budovan\u00fdm servisem n\u00e1kladn\u00edch vozidel dal\u0161\u00ed autorizovan\u00e9 dealersk\u00e9 spole\u010dnosti Croy u Ostravy se velmi v\u00fdrazn\u00fdm zp\u016fsobem pos\u00edl\u00ed kapacita servisn\u00ed s\u00edt\u011b Mercedes-Benz Trucks na moravsk\u00e9 \u010d\u00e1sti hlavn\u00edho tahu<br \/>\nze z\u00e1padu na v\u00fdchod i ze severu na jih.<\/p>\n<p><strong>Fakta o nov\u00e9m servisn\u00edm a prodejn\u00edm centru Mercedes-Benz Trucks<\/strong><\/p>\n<p>Are\u00e1l m\u00e1 celkovou rozlohu v\u00edce ne\u017e 50.000 m2<br \/>\n. V are\u00e1lu je um\u00edst\u011bn servis n\u00e1kladn\u00edch vozidel, v bl\u00edzk\u00e9 budoucnosti i autobus\u016f, kter\u00fd je pln\u011b vybaven pro prov\u00e1d\u011bn\u00ed v\u0161ech b\u011b\u017en\u00fdch \u00fadr\u017ebov\u00fdch a servisn\u00edch prac\u00ed. V p\u0159ipojen\u00e9 spr\u00e1vn\u00ed budov\u011b je v p\u0159\u00edzem\u00ed um\u00edst\u011bn p\u0159\u00edjem servisu, prodej n\u00e1hradn\u00edch d\u00edl\u016f a m\u00edsto pro odpo\u010dinek a \u010dek\u00e1n\u00ed \u0159idi\u010d\u016f. V pat\u0159e pak jsou kancel\u00e1\u0159e a jednac\u00ed prostory prodejc\u016f nov\u00fdch i pou\u017eit\u00fdch n\u00e1kladn\u00edch vozidel a tak\u00e9 z\u00e1zem\u00ed pro zam\u011bstnance \u2013 \u0161atny, um\u00fdv\u00e1rny a j\u00eddelna. Okolo budovy je dostatek parkovac\u00edch m\u00edst jak pro osobn\u00ed, tak pro n\u00e1kladn\u00ed auta. Sou\u010d\u00e1st\u00ed are\u00e1lu je i plocha pro pou\u017eit\u00e1 vozidla, nab\u00edzen\u00e1 k prodeji.<\/p>\n<p>Stavba je navr\u017eena jako modul\u00e1rn\u00ed a nyn\u011bj\u0161\u00ed podoba odpov\u00edd\u00e1 dokon\u010den\u00e9 prvn\u00ed etap\u011b. Po\u010d\u00edt\u00e1 se s t\u00edm, \u017ee se do budoucna m\u016f\u017ee v r\u00e1mci druh\u00e9 etapy kapacita servisu i parkovac\u00edch prostor\u016f v r\u00e1mci platn\u00e9ho stavebn\u00edho povolen\u00ed a \u00fazemn\u00edho rozhodnut\u00ed d\u00e1le zv\u011bt\u0161ovat.<\/p>\n<p>Co se t\u00fdk\u00e1 vlivu na \u017eivotn\u00ed prost\u0159ed\u00ed, are\u00e1l a v\u0161echny pou\u017eit\u00e9 technologie spl\u0148uj\u00ed ve\u0161ker\u00e9 z\u00e1konn\u00e9 po\u017eadavky. Vzhledem k um\u00edst\u011bn\u00ed u hlavn\u00edch tah\u016f a k p\u0159\u00edjezdu p\u0159es pr\u016fmyslovou z\u00f3nu na okraji Olomouce nedojde k \u017e\u00e1dn\u00e9mu zv\u00fd\u0161en\u00ed zat\u00ed\u017een\u00ed obyvatelstva v okol\u00ed hlukem nebo emisemi.<\/p>\n<p>V\u00fdznamnou \u010d\u00e1st are\u00e1lu zaberou zelen\u00e9 plochy. Sou\u010d\u00e1st\u00ed are\u00e1lu budou i nab\u00edjec\u00ed stanice pro elektromobily, jejich\u017e po\u010det by m\u011bl v bl\u00edzk\u00e9 budoucnosti rychle stoupat.<\/p>\n<p><img loading=\"lazy\" decoding=\"async\" class=\"alignnone size-large wp-image-57290\" src=\"http:\/\/www.automakersnews.cz\/wp-content\/uploads\/2023\/06\/Mercedes-Benz-budova-Olomouc-1024x768.jpg\" alt=\"\" width=\"1024\" height=\"768\" \/><\/p>\n<p><strong>Servisn\u00ed a prodejn\u00ed centrum nab\u00edz\u00ed pracovn\u00ed p\u0159\u00edle\u017eitosti<\/strong><\/p>\n<p>V dob\u011b spu\u0161t\u011bn\u00ed provozu pracuje v nov\u00e9m Truck Centru okolo 50 zam\u011bstnanc\u016f. Z\u00e1jemci se mohou o voln\u00fdch m\u00edstech informovat pr\u016fb\u011b\u017en\u011b na webov\u00e9 str\u00e1nce.<\/p>\n<p><strong>Zdroj: Mercedes-Benz Truck, David Chleboun<\/strong><\/p>\n","protected":false},"excerpt":{"rendered":"<div class=\"mh-excerpt\"><p>P\u0159esn\u011b rok po polo\u017een\u00ed z\u00e1kladn\u00edho kamene bylo 16. \u010dervna slavnostn\u011b otev\u0159eno Truck Centrum Mercedes-Benz ve Velk\u00e9m T\u00fdnci u Olomouce, v \u010d\u00e1sti obce Vsisko. Jedn\u00e1 se <a class=\"mh-excerpt-more\" href=\"https:\/\/www.automakersnews.cz\/index.php\/2023\/06\/19\/mercedes-benz-trucks-otevrel-servisni-centrum-na-morave\/\" title=\"Mercedes-Benz Trucks otev\u0159el servisn\u00ed centrum na Morav\u011b\">[&#8230;]<\/a><\/p>\n<\/div>","protected":false},"author":1,"featured_media":57289,"comment_status":"open","ping_status":"open","sticky":false,"template":"","format":"standard","meta":{"footnotes":""},"categories":[17],"tags":[],"class_list":["post-57288","post","type-post","status-publish","format-standard","has-post-thumbnail","hentry","category-servis"],"_links":{"self":[{"href":"https:\/\/www.automakersnews.cz\/index.php\/wp-json\/wp\/v2\/posts\/57288","targetHints":{"allow":["GET"]}}],"collection":[{"href":"https:\/\/www.automakersnews.cz\/index.php\/wp-json\/wp\/v2\/posts"}],"about":[{"href":"https:\/\/www.automakersnews.cz\/index.php\/wp-json\/wp\/v2\/types\/post"}],"author":[{"embeddable":true,"href":"https:\/\/www.automakersnews.cz\/index.php\/wp-json\/wp\/v2\/users\/1"}],"replies":[{"embeddable":true,"href":"https:\/\/www.automakersnews.cz\/index.php\/wp-json\/wp\/v2\/comments?post=57288"}],"version-history":[{"count":0,"href":"https:\/\/www.automakersnews.cz\/index.php\/wp-json\/wp\/v2\/posts\/57288\/revisions"}],"wp:featuredmedia":[{"embeddable":true,"href":"https:\/\/www.automakersnews.cz\/index.php\/wp-json\/wp\/v2\/media\/57289"}],"wp:attachment":[{"href":"https:\/\/www.automakersnews.cz\/index.php\/wp-json\/wp\/v2\/media?parent=57288"}],"wp:term":[{"taxonomy":"category","embeddable":true,"href":"https:\/\/www.automakersnews.cz\/index.php\/wp-json\/wp\/v2\/categories?post=57288"},{"taxonomy":"post_tag","embeddable":true,"href":"https:\/\/www.automakersnews.cz\/index.php\/wp-json\/wp\/v2\/tags?post=57288"}],"curies":[{"name":"wp","href":"https:\/\/api.w.org\/{rel}","templated":true}]}}