{"id":5733,"date":"2022-11-30T13:35:17","date_gmt":"2022-11-30T13:35:17","guid":{"rendered":"https:\/\/www.automakersnews.cz\/?p=5733"},"modified":"2022-11-30T13:36:49","modified_gmt":"2022-11-30T13:36:49","slug":"zumtobel-partnerem-porsche-centra-brno","status":"publish","type":"post","link":"https:\/\/www.automakersnews.cz\/index.php\/2022\/11\/30\/zumtobel-partnerem-porsche-centra-brno\/","title":{"rendered":"Zumtobel osv\u011btlil Porsche Centrum Brno"},"content":{"rendered":"<p align=\"JUSTIFY\"><span style=\"font-family: Arial, serif;\"><span style=\"font-size: small;\"><span lang=\"cs-CZ\"><b>Skupina Zumtobel navrhla a dodala po pra\u017esk\u00e9m Porsche Centru kompletn\u00ed syst\u00e9m osv\u011btlen\u00ed tak\u00e9 v nov\u00e9m Porsche Centru Brno. Jeho \u010dinnost diriguje \u0159\u00eddic\u00ed elektronika, kter\u00e1 je sou\u010d\u00e1st\u00ed kompletn\u00ed digitalizace a automatizace cel\u00e9 budovy. T\u00edm se poda\u0159ilo skloubit zd\u00e1nliv\u011b protich\u016fdn\u00e9 po\u017eadavky na intenzivn\u00ed osv\u011btlen\u00ed i ochranu \u017eivotn\u00edho prost\u0159ed\u00ed.<\/b><\/span><\/span><\/span><!--more--><\/p>\n<p lang=\"cs-CZ\" align=\"JUSTIFY\"><span style=\"color: #000000;\"><span style=\"color: #00000a;\">\u201e<span style=\"font-family: Arial, serif;\"><span style=\"font-size: medium;\"><span style=\"font-size: small;\">Z \u00fasp\u011b\u0161n\u00e9 spolupr\u00e1ce se spole\u010dnost\u00ed Porsche Inter Auto CZ na modernizaci jej\u00edch prodejn\u00edch a servisn\u00edch center, nejprve v\u00a0Praze a nyn\u00ed i v\u00a0Brn\u011b, m\u00e1m velkou radost, proto\u017ee inovativn\u00ed technika a exkluzivn\u00ed design na\u0161ich sv\u00edtidel Zumtobel dokonale lad\u00ed s\u00a0hodnotami a produkty zna\u010dky Porsche,\u201c uvedl Jan Vacek, gener\u00e1ln\u00ed \u0159editel spole\u010dnosti ZG Lighting, \u010desk\u00e9 pobo\u010dky nadn\u00e1rodn\u00ed spole\u010dnosti Zumtobel Group. \u201eStejn\u011b jako v\u00a0Praze jsme i v\u00a0Brn\u011b zrealizovali kompletn\u00ed osv\u011btlen\u00ed nov\u00e9 budovy v\u010detn\u011b \u0159\u00eddic\u00edho syst\u00e9mu, kter\u00fd vych\u00e1z\u00ed vst\u0159\u00edc aktu\u00e1ln\u00edm po\u017eadavk\u016fm na maxim\u00e1ln\u00ed digitalizaci a automatizaci.\u201c<\/span><\/span><\/span><\/span><\/span><\/p>\n<p lang=\"cs-CZ\" align=\"JUSTIFY\"><span style=\"color: #000000;\"><span style=\"font-family: Arial, serif;\"><span style=\"font-size: medium;\"><span style=\"color: #00000a;\"><span style=\"font-size: small;\">Porsche Centrum Brno zaji\u0161\u0165uje majitel\u016fm \u00fadr\u017ebu a servis voz\u016f Porsche a nab\u00eddka jeho slu\u017eeb zahrnuje tak\u00e9 prodej nov\u00fdch a ojet\u00fdch automobil\u016f. Tomu byl p\u0159izp\u016fsoben i v\u00fdb\u011br sv\u00edtidel pro celou budovu i jej\u00ed jednotliv\u00e9 z\u00f3ny se specifick\u00fdmi funkcemi, kter\u00e9 umo\u017e\u0148uj\u00ed zam\u011bstnanc\u016fm pobo\u010dky Porsche Brno budovat s\u00a0klienty u\u017e\u0161\u00ed vztahy na z\u00e1klad\u011b vysoce osobn\u00edho p\u0159\u00edstupu. <\/span><\/span><\/span><\/span><\/span><\/p>\n<p lang=\"cs-CZ\" align=\"JUSTIFY\"><span style=\"color: #000000;\"><span style=\"font-family: Arial, serif;\"><span style=\"font-size: medium;\"><span style=\"color: #00000a;\"><span style=\"font-size: small;\">Interi\u00e9r budovy na plo\u0161e 400 m2 je rozd\u011blen do \u010dty\u0159 modul\u016f: Highlight (exkluzivn\u00ed modely), E-Performance (elektrick\u00e9 vozy a PHEV), Porsche Approved (ojet\u00e9 vozy, p\u0159\u00edslu\u0161enstv\u00ed Tequipment a Lifestyle) a Porsche Platz (kav\u00e1rna).<\/span><\/span><\/span><\/span><\/span><\/p>\n<p lang=\"cs-CZ\" align=\"JUSTIFY\"><span style=\"color: #000000;\"><span style=\"font-family: Arial, serif;\"><span style=\"font-size: medium;\"><span style=\"color: #00000a;\"><span style=\"font-size: small;\">Samoz\u0159ejmost\u00ed byla \u00fazk\u00e1 spolupr\u00e1ce s\u00a0architekty, aby inovativn\u00ed osv\u011btlen\u00ed dokonale ladilo s\u00a0esteticky vyt\u0159\u00edben\u00fdm architektonick\u00fdm \u0159e\u0161en\u00edm exteri\u00e9ru a interi\u00e9ru cel\u00e9ho objektu a zohled\u0148ovalo specifick\u00e9 po\u017eadavky jednotliv\u00fdch aplikac\u00ed. Zat\u00edmco celkov\u00e9 osv\u011btlen\u00ed maj\u00ed na starosti sv\u00edtidla Cardan, spr\u00e1vn\u00e9 nasv\u00edcen\u00ed \u010dty\u0159 vystaven\u00fdch automobil\u016f zaji\u0161\u0165uje sestava v\u00fdkonn\u00fdch reflektor\u016f VIVO II. <\/span><\/span><span style=\"font-size: small;\">V\u00a0prostor\u00e1ch p\u0159\u00edm\u00e9ho p\u0159\u00edjmu vytv\u00e1\u0159ej\u00ed p\u0159\u00edjemnou atmosf\u00e9ru sv\u00edtidla Sloin<\/span><span style=\"color: #00000a;\"><span style=\"font-size: small;\">. V\u00a0kombinaci s\u00a0vestav\u011bn\u00fdmi stropn\u00edmi sv\u00edtidly MIREL umo\u017e\u0148uj\u00ed reflektory VIVO II \u00fa\u010dinn\u00e9 osv\u011btlen\u00ed s\u00a0mimo\u0159\u00e1dnou \u00faspornost\u00ed.<\/span><\/span><\/span><\/span><\/span><\/p>\n<p lang=\"cs-CZ\" align=\"JUSTIFY\">K<span style=\"color: #000000;\"><span style=\"font-family: Arial, serif;\"><span style=\"font-size: medium;\"><span style=\"color: #00000a;\"><span style=\"font-size: small;\">ompletn\u00ed syst\u00e9m osv\u011btlen\u00ed Zumtobel v\u00a0z\u00e1kaznicky orientovan\u00e9m\u00a0Porsche Centru Brno byl od za\u010d\u00e1tku koncipov\u00e1n tak, aby mohl b\u00fdt ned\u00edlnou sou\u010d\u00e1st\u00ed digitalizovan\u00e9 a automatizovan\u00e9 budovy. T\u00edm se zvy\u0161uje nejen provozn\u00ed hospod\u00e1rnost osv\u011btlen\u00ed, ale tak\u00e9 u\u017eivatelsk\u00e1 p\u0159\u00edv\u011btivost, proto\u017ee ve\u0161ker\u00e9 syst\u00e9my od hudby p\u0159es televizi a\u017e po osv\u011btlen\u00ed lze ovl\u00e1dat z\u00a0jednoho tabletu. Ve v\u0161ech p\u0159\u00edpadech je zdrojem sv\u011btla vysp\u011bl\u00e1 technologie LED, kter\u00e1 sni\u017euje spot\u0159ebu elektrick\u00e9 energie, a t\u00edm i emise CO<\/span><\/span><span style=\"color: #00000a;\"><sub><span style=\"font-size: small;\">2<\/span><\/sub><\/span><span style=\"color: #00000a;\"><span style=\"font-size: small;\">.<\/span><\/span><\/span><\/span><\/span><\/p>\n<p lang=\"cs-CZ\" align=\"JUSTIFY\"><span style=\"color: #000000;\"><span style=\"font-family: Arial, serif;\"><span style=\"font-size: medium;\"><span style=\"color: #00000a;\"><span style=\"font-size: small;\">Nov\u00e9 Porsche Centrum Brno je jedn\u00edm z\u00a0prvn\u00edch koncept\u016f nov\u00e9ho stylu \u201eDestination Porsche\u201c nejen v\u00a0regionu st\u0159edn\u00ed a v\u00fdchodn\u00ed Evropy, ale i v\u00a0glob\u00e1ln\u00edm m\u011b\u0159\u00edtku. C\u00edlem nov\u00e9ho designov\u00e9ho pojet\u00ed bylo vytvo\u0159it prostor, v\u00a0n\u011bm\u017e na fanou\u0161ky zna\u010dky Porsche a majitele t\u011bchto v\u00fdjime\u010dn\u00fdch sportovn\u00edch voz\u016f \u010dekaj\u00ed nev\u0161edn\u00ed z\u00e1kaznick\u00e9 z\u00e1\u017eitky vych\u00e1zej\u00edc\u00ed ze vzru\u0161uj\u00edc\u00edho digit\u00e1ln\u00edho \u017eivotn\u00edho stylu. Stavba nov\u00e9ho Porsche Centra Brno za\u010dala 1. listopadu 2021 a trvala 9 m\u011bs\u00edc\u016f. Vy\u017e\u00e1dala si investici ve v\u00fd\u0161i 1,7 milionu eur.<\/span><\/span><\/span><\/span><\/span><\/p>\n<p lang=\"cs-CZ\" align=\"JUSTIFY\"><img loading=\"lazy\" decoding=\"async\" class=\"alignnone size-medium wp-image-5736\" src=\"http:\/\/www.automakersnews.cz\/wp-content\/uploads\/2022\/11\/Porsche_Brno6_-showroom-scaled-e1669815384816-300x200.jpg\" alt=\"\" width=\"300\" height=\"200\" srcset=\"https:\/\/www.automakersnews.cz\/wp-content\/uploads\/2022\/11\/Porsche_Brno6_-showroom-scaled-e1669815384816-300x200.jpg 300w, https:\/\/www.automakersnews.cz\/wp-content\/uploads\/2022\/11\/Porsche_Brno6_-showroom-scaled-e1669815384816.jpg 560w\" sizes=\"auto, (max-width: 300px) 100vw, 300px\" \/><\/p>\n","protected":false},"excerpt":{"rendered":"<div class=\"mh-excerpt\"><p>Skupina Zumtobel navrhla a dodala po pra\u017esk\u00e9m Porsche Centru kompletn\u00ed syst\u00e9m osv\u011btlen\u00ed tak\u00e9 v nov\u00e9m Porsche Centru Brno. Jeho \u010dinnost diriguje \u0159\u00eddic\u00ed elektronika, kter\u00e1 je <a class=\"mh-excerpt-more\" href=\"https:\/\/www.automakersnews.cz\/index.php\/2022\/11\/30\/zumtobel-partnerem-porsche-centra-brno\/\" title=\"Zumtobel osv\u011btlil Porsche Centrum Brno\">[&#8230;]<\/a><\/p>\n<\/div>","protected":false},"author":1,"featured_media":5734,"comment_status":"open","ping_status":"open","sticky":false,"template":"","format":"standard","meta":{"footnotes":""},"categories":[39,19],"tags":[],"class_list":["post-5733","post","type-post","status-publish","format-standard","has-post-thumbnail","hentry","category-dealeri","category-design"],"_links":{"self":[{"href":"https:\/\/www.automakersnews.cz\/index.php\/wp-json\/wp\/v2\/posts\/5733","targetHints":{"allow":["GET"]}}],"collection":[{"href":"https:\/\/www.automakersnews.cz\/index.php\/wp-json\/wp\/v2\/posts"}],"about":[{"href":"https:\/\/www.automakersnews.cz\/index.php\/wp-json\/wp\/v2\/types\/post"}],"author":[{"embeddable":true,"href":"https:\/\/www.automakersnews.cz\/index.php\/wp-json\/wp\/v2\/users\/1"}],"replies":[{"embeddable":true,"href":"https:\/\/www.automakersnews.cz\/index.php\/wp-json\/wp\/v2\/comments?post=5733"}],"version-history":[{"count":0,"href":"https:\/\/www.automakersnews.cz\/index.php\/wp-json\/wp\/v2\/posts\/5733\/revisions"}],"wp:featuredmedia":[{"embeddable":true,"href":"https:\/\/www.automakersnews.cz\/index.php\/wp-json\/wp\/v2\/media\/5734"}],"wp:attachment":[{"href":"https:\/\/www.automakersnews.cz\/index.php\/wp-json\/wp\/v2\/media?parent=5733"}],"wp:term":[{"taxonomy":"category","embeddable":true,"href":"https:\/\/www.automakersnews.cz\/index.php\/wp-json\/wp\/v2\/categories?post=5733"},{"taxonomy":"post_tag","embeddable":true,"href":"https:\/\/www.automakersnews.cz\/index.php\/wp-json\/wp\/v2\/tags?post=5733"}],"curies":[{"name":"wp","href":"https:\/\/api.w.org\/{rel}","templated":true}]}}