{"id":5739,"date":"2022-11-30T13:47:15","date_gmt":"2022-11-30T13:47:15","guid":{"rendered":"https:\/\/www.automakersnews.cz\/?p=5739"},"modified":"2022-11-30T14:16:50","modified_gmt":"2022-11-30T14:16:50","slug":"sda-najal-noveho-pr-manazera","status":"publish","type":"post","link":"https:\/\/www.automakersnews.cz\/index.php\/2022\/11\/30\/sda-najal-noveho-pr-manazera\/","title":{"rendered":"SDA najal nov\u00e9ho PR mana\u017eera"},"content":{"rendered":"<p><strong>Svaz dovozc\u016f automobil\u016f se rozhodl pos\u00edlit komunikaci sm\u011brem k m\u00e9di\u00edm a najmout specialistu na PR komunikaci. Do v\u00fdb\u011brov\u00e9ho \u0159\u00edzen\u00ed se p\u0159ihl\u00e1silo sedm uchaze\u010d\u016f.<\/strong><!--more--><\/p>\n<p>Mezi z\u00e1jemci se objevili b\u00fdval\u00ed PR mana\u017ee\u0159i \u010dlensk\u00fdch firem SDA, novin\u00e1\u0159i i kandid\u00e1ti z obor\u016f mimo import\u00e9rskou oblast.<\/p>\n<p>Tendr byl ukon\u010den 28. listopadu, v\u00fdkonn\u00fd v\u00fdbor svazu po pohovorech s kandid\u00e1ty vybral \u0161\u00e9fredaktora kon\u010d\u00edc\u00edho \u010dasopisu Speed Petra Hor\u00e1ka. Na pozici by m\u011bl nastoupit za\u010d\u00e1tkem prosince.<\/p>\n<p>Mezi jeho nejbli\u017e\u0161\u00ed \u00fakoly bude pat\u0159it koordinace ankety Auto roku 2023 v \u010cR a d\u00e1le pak po\u0159\u00e1d\u00e1n\u00ed tiskov\u00fdch konferenc\u00ed \u010di medializace kl\u00ed\u010dov\u00fdch t\u00e9mat svazu.<\/p>\n<p><img loading=\"lazy\" decoding=\"async\" class=\"alignnone size-medium wp-image-5743\" src=\"http:\/\/www.automakersnews.cz\/wp-content\/uploads\/2022\/11\/Petr-Horak-Speed-202x300.jpeg\" alt=\"\" width=\"202\" height=\"300\" srcset=\"https:\/\/www.automakersnews.cz\/wp-content\/uploads\/2022\/11\/Petr-Horak-Speed-202x300.jpeg 202w, https:\/\/www.automakersnews.cz\/wp-content\/uploads\/2022\/11\/Petr-Horak-Speed.jpeg 347w\" sizes=\"auto, (max-width: 202px) 100vw, 202px\" \/><\/p>\n","protected":false},"excerpt":{"rendered":"<div class=\"mh-excerpt\"><p>Svaz dovozc\u016f automobil\u016f se rozhodl pos\u00edlit komunikaci sm\u011brem k m\u00e9di\u00edm a najmout specialistu na PR komunikaci. Do v\u00fdb\u011brov\u00e9ho \u0159\u00edzen\u00ed se p\u0159ihl\u00e1silo sedm uchaze\u010d\u016f.<\/p>\n<\/div>","protected":false},"author":1,"featured_media":5740,"comment_status":"open","ping_status":"open","sticky":false,"template":"","format":"standard","meta":{"footnotes":""},"categories":[3,34],"tags":[],"class_list":["post-5739","post","type-post","status-publish","format-standard","has-post-thumbnail","hentry","category-personalie","category-pr"],"_links":{"self":[{"href":"https:\/\/www.automakersnews.cz\/index.php\/wp-json\/wp\/v2\/posts\/5739","targetHints":{"allow":["GET"]}}],"collection":[{"href":"https:\/\/www.automakersnews.cz\/index.php\/wp-json\/wp\/v2\/posts"}],"about":[{"href":"https:\/\/www.automakersnews.cz\/index.php\/wp-json\/wp\/v2\/types\/post"}],"author":[{"embeddable":true,"href":"https:\/\/www.automakersnews.cz\/index.php\/wp-json\/wp\/v2\/users\/1"}],"replies":[{"embeddable":true,"href":"https:\/\/www.automakersnews.cz\/index.php\/wp-json\/wp\/v2\/comments?post=5739"}],"version-history":[{"count":0,"href":"https:\/\/www.automakersnews.cz\/index.php\/wp-json\/wp\/v2\/posts\/5739\/revisions"}],"wp:featuredmedia":[{"embeddable":true,"href":"https:\/\/www.automakersnews.cz\/index.php\/wp-json\/wp\/v2\/media\/5740"}],"wp:attachment":[{"href":"https:\/\/www.automakersnews.cz\/index.php\/wp-json\/wp\/v2\/media?parent=5739"}],"wp:term":[{"taxonomy":"category","embeddable":true,"href":"https:\/\/www.automakersnews.cz\/index.php\/wp-json\/wp\/v2\/categories?post=5739"},{"taxonomy":"post_tag","embeddable":true,"href":"https:\/\/www.automakersnews.cz\/index.php\/wp-json\/wp\/v2\/tags?post=5739"}],"curies":[{"name":"wp","href":"https:\/\/api.w.org\/{rel}","templated":true}]}}