{"id":576,"date":"2022-10-16T19:57:01","date_gmt":"2022-10-16T19:57:01","guid":{"rendered":"https:\/\/www.automakersnews.cz\/?p=576"},"modified":"2022-10-16T19:57:01","modified_gmt":"2022-10-16T19:57:01","slug":"blizi-se-konec-velkeho-technickeho-prukazu","status":"publish","type":"post","link":"https:\/\/www.automakersnews.cz\/index.php\/2022\/10\/16\/blizi-se-konec-velkeho-technickeho-prukazu\/","title":{"rendered":"Bl\u00ed\u017e\u00ed se konec velk\u00e9ho technick\u00e9ho pr\u016fkazu"},"content":{"rendered":"<p><strong>\u00da\u0159ady u\u017e od roku 2024 z\u0159ejm\u011b nebudou vyd\u00e1vat takzvan\u00fd velk\u00fd technick\u00fd pr\u016fkaz k vozidlu. Nahrad\u00ed jej osv\u011bd\u010den\u00ed o registraci vozidla, takzvan\u00fd mal\u00fd technick\u00fd pr\u016fkaz, kter\u00fd ale bude obsahovat v\u00edc \u00fadaj\u016f.<\/strong> <!--more--><\/p>\n<p>Schv\u00e1lila to Sn\u011bmovna v novele z\u00e1kona o podm\u00ednk\u00e1ch provozu vozidel na pozemn\u00edch komunikac\u00edch na z\u00e1klad\u011b pozm\u011b\u0148ovac\u00edho n\u00e1vrhu Stanislava Blahy (ODS), kter\u00fd p\u0159ipravilo ministerstvo dopravy.<\/p>\n<p>Motorist\u00e9 a dopravn\u00ed firmy by si tak\u00e9 mohli v budoucnu rezervovat p\u0159edem registra\u010dn\u00ed zna\u010dky na auta. P\u0159edev\u0161\u00edm firmy by si tak mohly vy\u0159izovat pot\u0159ebn\u00e1 povolen\u00ed je\u0161t\u011b p\u0159edt\u00edm, ne\u017e \u00fa\u0159ad vozidlo zap\u00ed\u0161e do registru. \u017d\u00e1dosti o z\u00e1pis do registru vozidel by tak\u00e9 mohlo j\u00edt pod\u00e1vat elektronicky. P\u0159edlohu mus\u00ed projednat Sen\u00e1t a podepsat prezident.<\/p>\n<div class=\"e_a7\" data-dot=\"mol-paragraph\">\n<p class=\"c_a7\"><span class=\"c_bU\">Zm\u011bna t\u00fdkaj\u00edc\u00ed se technick\u00fdch pr\u016fkaz\u016f, kterou podpo\u0159il i\u00a0hospod\u00e1\u0159sk\u00fd v\u00fdbor a\u00a0tak\u00e9 ministr dopravy Martin Kupka (ODS), p\u0159edpokl\u00e1d\u00e1, \u017ee osv\u011bd\u010den\u00ed o\u00a0registraci vozidla, co\u017e je mal\u00fd technick\u00fd pr\u016fkaz, by obsahovalo v\u00edce \u00fadaj\u016f ne\u017e dosud. <\/span><\/p>\n<\/div>\n<div class=\"e_a7\" data-dot=\"mol-paragraph\">\n<p class=\"c_a7\"><span class=\"c_bU\">Zru\u0161en\u00ed velk\u00e9ho technick\u00e9ho pr\u016fkazu zd\u016fvodnil Blaha mimo jin\u00e9 \u00fasporami, ale i\u00a0omezen\u00edm administrativy. \u201eVelk\u00fd technick\u00fd pr\u016fkaz nem\u00e1 smysl. Jeho obsah je dnes stejn\u00fd jako to, co najdete v\u00a0registru silni\u010dn\u00edch vozidel,\u201c uvedl ji\u017e d\u0159\u00edve.<\/span><\/p>\n<\/div>\n<div class=\"e_a7\" data-dot=\"mol-paragraph\">\n<p class=\"c_a7\"><span class=\"c_bU\">Ministerstvo dopravy uvedlo, \u017ee registra\u010dn\u00ed doklad budou \u00fa\u0159ady st\u00e1le vyd\u00e1vat, ale bude se skl\u00e1dat pouze z\u00a0jedn\u00e9 \u010d\u00e1sti. U\u00a0star\u0161\u00edch vozidel se po\u010d\u00edt\u00e1 s\u00a0t\u00edm, \u017ee p\u0159i nejbli\u017e\u0161\u00edm \u00fakonu proveden\u00e9m na registra\u010dn\u00edm m\u00edst\u011b se odeberou oba doklady a\u00a0vyd\u00e1 se doklad nov\u00fd. <\/span><\/p>\n<\/div>\n<p>&nbsp;<\/p>\n","protected":false},"excerpt":{"rendered":"<div class=\"mh-excerpt\"><p>\u00da\u0159ady u\u017e od roku 2024 z\u0159ejm\u011b nebudou vyd\u00e1vat takzvan\u00fd velk\u00fd technick\u00fd pr\u016fkaz k vozidlu. Nahrad\u00ed jej osv\u011bd\u010den\u00ed o registraci vozidla, takzvan\u00fd mal\u00fd technick\u00fd pr\u016fkaz, kter\u00fd <a class=\"mh-excerpt-more\" href=\"https:\/\/www.automakersnews.cz\/index.php\/2022\/10\/16\/blizi-se-konec-velkeho-technickeho-prukazu\/\" title=\"Bl\u00ed\u017e\u00ed se konec velk\u00e9ho technick\u00e9ho pr\u016fkazu\">[&#8230;]<\/a><\/p>\n<\/div>","protected":false},"author":1,"featured_media":577,"comment_status":"open","ping_status":"open","sticky":false,"template":"","format":"standard","meta":{"footnotes":""},"categories":[21],"tags":[],"class_list":["post-576","post","type-post","status-publish","format-standard","has-post-thumbnail","hentry","category-legislativa"],"_links":{"self":[{"href":"https:\/\/www.automakersnews.cz\/index.php\/wp-json\/wp\/v2\/posts\/576","targetHints":{"allow":["GET"]}}],"collection":[{"href":"https:\/\/www.automakersnews.cz\/index.php\/wp-json\/wp\/v2\/posts"}],"about":[{"href":"https:\/\/www.automakersnews.cz\/index.php\/wp-json\/wp\/v2\/types\/post"}],"author":[{"embeddable":true,"href":"https:\/\/www.automakersnews.cz\/index.php\/wp-json\/wp\/v2\/users\/1"}],"replies":[{"embeddable":true,"href":"https:\/\/www.automakersnews.cz\/index.php\/wp-json\/wp\/v2\/comments?post=576"}],"version-history":[{"count":0,"href":"https:\/\/www.automakersnews.cz\/index.php\/wp-json\/wp\/v2\/posts\/576\/revisions"}],"wp:featuredmedia":[{"embeddable":true,"href":"https:\/\/www.automakersnews.cz\/index.php\/wp-json\/wp\/v2\/media\/577"}],"wp:attachment":[{"href":"https:\/\/www.automakersnews.cz\/index.php\/wp-json\/wp\/v2\/media?parent=576"}],"wp:term":[{"taxonomy":"category","embeddable":true,"href":"https:\/\/www.automakersnews.cz\/index.php\/wp-json\/wp\/v2\/categories?post=576"},{"taxonomy":"post_tag","embeddable":true,"href":"https:\/\/www.automakersnews.cz\/index.php\/wp-json\/wp\/v2\/tags?post=576"}],"curies":[{"name":"wp","href":"https:\/\/api.w.org\/{rel}","templated":true}]}}