{"id":58073,"date":"2023-06-22T05:56:02","date_gmt":"2023-06-22T05:56:02","guid":{"rendered":"https:\/\/www.automakersnews.cz\/?p=58073"},"modified":"2023-06-22T05:56:02","modified_gmt":"2023-06-22T05:56:02","slug":"dachser-investuje-do-vystavby-v-kladne","status":"publish","type":"post","link":"https:\/\/www.automakersnews.cz\/index.php\/2023\/06\/22\/dachser-investuje-do-vystavby-v-kladne\/","title":{"rendered":"Dachser investuje do v\u00fdstavby v Kladn\u011b"},"content":{"rendered":"<p><strong>\u010cesk\u00fd Dachser postav\u00ed nov\u00fd p\u0159ekl\u00e1dkov\u00fd sklad a administrativn\u00ed prostory na sv\u00e9 hlavn\u00ed pobo\u010dce v Kladn\u011b. S dal\u0161\u00ed halou o velikosti 4.000 m2, kter\u00e1 roz\u0161\u00ed\u0159\u00ed st\u00e1vaj\u00edc\u00ed logistick\u00e9 centrum, vznikne nejv\u011bt\u0161\u00ed Dachser termin\u00e1l pro z\u00e1silky sb\u011brn\u00e9 slu\u017eby v \u010cesk\u00e9 republice.<\/strong><!--more--><\/p>\n<p>Dvoupodla\u017en\u00ed administrativn\u00ed vestavba nab\u00eddne 1.340 m2 modern\u00edch kancel\u00e1\u0159\u00ed a z\u00e1zem\u00ed. Nov\u00e1 v\u00fdstavba bude \u0161etrn\u00e1 v\u016f\u010di \u017eivotn\u00edmu prost\u0159ed\u00ed. Stavba bude zah\u00e1jena v \u010dervenci 2023 a jej\u00ed dokon\u010den\u00ed se p\u0159edpokl\u00e1d\u00e1 v polovin\u011b roku 2024. Dachser zde pl\u00e1nuje investovat 12,6 milion\u016f eur (300 milion\u016f korun). Logistick\u00e9 centrum Dachser Kladno nab\u00eddne po dokon\u010den\u00ed stavby celkem 18.500 m\u00b2 skladov\u00fdch ploch s 92 nakl\u00e1dac\u00edmi branami a t\u00e9m\u011b\u0159 4.500 m\u00b2 administrativn\u00edch prostor.<\/p>\n<p>Nov\u00e9 prostory spole\u010dnosti Dachser Czech Republic roz\u0161\u00ed\u0159\u00ed st\u00e1vaj\u00edc\u00ed pobo\u010dku v revitalizovan\u00fdch prostor\u00e1ch b\u00fdval\u00e9 Huti Kon\u011bv v pr\u016fmyslov\u00e9 z\u00f3n\u011b v Kladn\u011b. P\u0159ekl\u00e1dkov\u00fd sklad bude m\u00edt po dokon\u010den\u00ed 8.000 m\u00b2 a bude osazen celkem 76 nakl\u00e1dac\u00edmi branami, v\u00fdznamn\u011b se zv\u011bt\u0161\u00ed i venkovn\u00ed logistick\u00e9 plochy. Stavba v tzv. \u201eDachser standardu\u201c spole\u010dn\u00e9m pro v\u0161echny vlastn\u00ed budovy spole\u010dnosti po cel\u00e9 Evrop\u011b, bude zahrnovat i udr\u017eiteln\u00e9 technologie \u2013 na st\u0159e\u0161e nov\u00e9 budovy budou um\u00edst\u011bny fotovoltaick\u00e9 panely, kter\u00e9 poskytnou elektrickou energii vyu\u017eitelnou pro provoz are\u00e1lu, nab\u00edjen\u00ed manipula\u010dn\u00ed techniky \u010di dob\u00edjec\u00ed stanice pro n\u00e1kladn\u00ed a osobn\u00ed firemn\u00ed vozidla, a \u0159ada dal\u0161\u00edch prvk\u016f pro ochranu klimatu a vodn\u00edch zdroj\u016f.<\/p>\n<p><img loading=\"lazy\" decoding=\"async\" class=\"alignnone wp-image-58102\" src=\"http:\/\/www.automakersnews.cz\/wp-content\/uploads\/2023\/06\/Dachser_Kladno_vizualizace_1-small-2-300x169.jpg\" alt=\"\" width=\"911\" height=\"513\" srcset=\"https:\/\/www.automakersnews.cz\/wp-content\/uploads\/2023\/06\/Dachser_Kladno_vizualizace_1-small-2-300x169.jpg 300w, https:\/\/www.automakersnews.cz\/wp-content\/uploads\/2023\/06\/Dachser_Kladno_vizualizace_1-small-2-1024x576.jpg 1024w, https:\/\/www.automakersnews.cz\/wp-content\/uploads\/2023\/06\/Dachser_Kladno_vizualizace_1-small-2-768x432.jpg 768w, https:\/\/www.automakersnews.cz\/wp-content\/uploads\/2023\/06\/Dachser_Kladno_vizualizace_1-small-2-1536x864.jpg 1536w, https:\/\/www.automakersnews.cz\/wp-content\/uploads\/2023\/06\/Dachser_Kladno_vizualizace_1-small-2-2048x1152.jpg 2048w, https:\/\/www.automakersnews.cz\/wp-content\/uploads\/2023\/06\/Dachser_Kladno_vizualizace_1-small-2-678x381.jpg 678w\" sizes=\"auto, (max-width: 911px) 100vw, 911px\" \/><\/p>\n<p>\u201eRoz\u0161\u00ed\u0159en\u00ed pobo\u010dky v Kladn\u011b reaguje na na\u0161e pot\u0159eby a pot\u0159eby na\u0161ich z\u00e1kazn\u00edk\u016f a umo\u017en\u00ed n\u00e1m je\u0161t\u011b rychlej\u0161\u00ed a komfortn\u011bj\u0161\u00ed odbaven\u00ed z\u00e1silek sb\u011brn\u00e9 slu\u017eby do cel\u00e9 Evropy,\u201c \u0159\u00edk\u00e1 Ing. Jan Pihar, gener\u00e1ln\u00ed \u0159editel Dachser Czech Republic, a dod\u00e1v\u00e1, \u201ecelou stavbu jsme koncipovali jako modern\u00ed projekt s ohledem na budouc\u00ed n\u00e1roky logistiky a v souladu s na\u0161imi c\u00edli udr\u017eiteln\u00e9ho rozvoje.\u201c<\/p>\n<p>Vedle nov\u00fdch logistick\u00fdch ploch vyroste na pobo\u010dce Dachser Kladno tak\u00e9 nov\u00e1 administrativn\u00ed budova. Architekti ji navrhli jako dvoupodla\u017en\u00ed vestavbu um\u00edst\u011bnou ve v\u00fd\u0161ce \u010dty\u0159i metry nad podlahou nov\u00e9 skladov\u00e9 budovy. Kladensk\u00e9 pobo\u010dce poskytne na plo\u0161e o velikosti 1.340 m\u00b2 modern\u00ed kancel\u00e1\u0159e a z\u00e1zem\u00ed pro pracovn\u00edky skladu. Soub\u011b\u017en\u011b s novou v\u00fdstavbou budou kompletn\u011b redesignov\u00e1ny i st\u00e1vaj\u00edc\u00ed administrativn\u00ed prostory tak, aby odpov\u00eddaly nejmodern\u011bj\u0161\u00edm trend\u016fm a spl\u0148ovaly pot\u0159eby nejr\u016fzn\u011bj\u0161\u00edch logistick\u00fdch profes\u00ed.<\/p>\n<p><img loading=\"lazy\" decoding=\"async\" class=\"alignnone wp-image-58103\" src=\"http:\/\/www.automakersnews.cz\/wp-content\/uploads\/2023\/06\/Dachser_Kladno_vizualizace_1_2-small-3-300x169.jpg\" alt=\"\" width=\"808\" height=\"455\" srcset=\"https:\/\/www.automakersnews.cz\/wp-content\/uploads\/2023\/06\/Dachser_Kladno_vizualizace_1_2-small-3-300x169.jpg 300w, https:\/\/www.automakersnews.cz\/wp-content\/uploads\/2023\/06\/Dachser_Kladno_vizualizace_1_2-small-3-1024x576.jpg 1024w, https:\/\/www.automakersnews.cz\/wp-content\/uploads\/2023\/06\/Dachser_Kladno_vizualizace_1_2-small-3-768x432.jpg 768w, https:\/\/www.automakersnews.cz\/wp-content\/uploads\/2023\/06\/Dachser_Kladno_vizualizace_1_2-small-3-1536x864.jpg 1536w, https:\/\/www.automakersnews.cz\/wp-content\/uploads\/2023\/06\/Dachser_Kladno_vizualizace_1_2-small-3-678x381.jpg 678w, https:\/\/www.automakersnews.cz\/wp-content\/uploads\/2023\/06\/Dachser_Kladno_vizualizace_1_2-small-3.jpg 1920w\" sizes=\"auto, (max-width: 808px) 100vw, 808px\" \/><\/p>\n","protected":false},"excerpt":{"rendered":"<div class=\"mh-excerpt\"><p>\u010cesk\u00fd Dachser postav\u00ed nov\u00fd p\u0159ekl\u00e1dkov\u00fd sklad a administrativn\u00ed prostory na sv\u00e9 hlavn\u00ed pobo\u010dce v Kladn\u011b. S dal\u0161\u00ed halou o velikosti 4.000 m2, kter\u00e1 roz\u0161\u00ed\u0159\u00ed st\u00e1vaj\u00edc\u00ed <a class=\"mh-excerpt-more\" href=\"https:\/\/www.automakersnews.cz\/index.php\/2023\/06\/22\/dachser-investuje-do-vystavby-v-kladne\/\" title=\"Dachser investuje do v\u00fdstavby v Kladn\u011b\">[&#8230;]<\/a><\/p>\n<\/div>","protected":false},"author":4,"featured_media":58104,"comment_status":"open","ping_status":"open","sticky":false,"template":"","format":"standard","meta":{"footnotes":""},"categories":[9],"tags":[],"class_list":["post-58073","post","type-post","status-publish","format-standard","has-post-thumbnail","hentry","category-investice"],"_links":{"self":[{"href":"https:\/\/www.automakersnews.cz\/index.php\/wp-json\/wp\/v2\/posts\/58073","targetHints":{"allow":["GET"]}}],"collection":[{"href":"https:\/\/www.automakersnews.cz\/index.php\/wp-json\/wp\/v2\/posts"}],"about":[{"href":"https:\/\/www.automakersnews.cz\/index.php\/wp-json\/wp\/v2\/types\/post"}],"author":[{"embeddable":true,"href":"https:\/\/www.automakersnews.cz\/index.php\/wp-json\/wp\/v2\/users\/4"}],"replies":[{"embeddable":true,"href":"https:\/\/www.automakersnews.cz\/index.php\/wp-json\/wp\/v2\/comments?post=58073"}],"version-history":[{"count":0,"href":"https:\/\/www.automakersnews.cz\/index.php\/wp-json\/wp\/v2\/posts\/58073\/revisions"}],"wp:featuredmedia":[{"embeddable":true,"href":"https:\/\/www.automakersnews.cz\/index.php\/wp-json\/wp\/v2\/media\/58104"}],"wp:attachment":[{"href":"https:\/\/www.automakersnews.cz\/index.php\/wp-json\/wp\/v2\/media?parent=58073"}],"wp:term":[{"taxonomy":"category","embeddable":true,"href":"https:\/\/www.automakersnews.cz\/index.php\/wp-json\/wp\/v2\/categories?post=58073"},{"taxonomy":"post_tag","embeddable":true,"href":"https:\/\/www.automakersnews.cz\/index.php\/wp-json\/wp\/v2\/tags?post=58073"}],"curies":[{"name":"wp","href":"https:\/\/api.w.org\/{rel}","templated":true}]}}