{"id":58117,"date":"2023-06-22T05:54:50","date_gmt":"2023-06-22T05:54:50","guid":{"rendered":"https:\/\/www.automakersnews.cz\/?p=58117"},"modified":"2023-06-22T05:54:50","modified_gmt":"2023-06-22T05:54:50","slug":"k-dealerum-peugeotu-prichazi-novy-2008","status":"publish","type":"post","link":"https:\/\/www.automakersnews.cz\/index.php\/2023\/06\/22\/k-dealerum-peugeotu-prichazi-novy-2008\/","title":{"rendered":"K dealer\u016fm Peugeotu p\u0159ich\u00e1z\u00ed nov\u00fd 2008"},"content":{"rendered":"<p><strong>Nov\u00fd Peugeot 2008 se vyr\u00e1b\u00ed ve \u0161pan\u011blsk\u00e9m m\u011bst\u011b Vigo. Do prodeje se na evropsk\u00e9m trhu dostal pr\u00e1v\u011b nyn\u00ed, jeho nab\u00eddka bude zahrnovat t\u0159i \u00farovn\u011b v\u00fdbavy \u2013 Active, Allure, GT \u2013 a \u010dty\u0159i motorizace, v\u010detn\u011b nov\u00e9ho 100% elektrick\u00e9ho motoru o v\u00fdkonu 115 kW\/156 k s dojezdem a\u017e 406 km1. <\/strong><!--more--><\/p>\n<p>V roce 2024 bude nab\u00eddka roz\u0161\u00ed\u0159ena o zcela nov\u00fd hybridn\u00ed motor.<\/p>\n<p>Na \u00fasp\u011bchu modelu se od roku 2019 pod\u00edl\u00ed tak\u00e9 elektrick\u00e1 verze e-2008, kter\u00e1 byla od roku 2019 s v\u00edce ne\u017e 75 000 vyroben\u00fdmi kusy pr\u016fkopn\u00edkem elektromobility ve sv\u00e9m segmentu. V roce 2022 \u010dinil jej\u00ed pod\u00edl na prodej\u00edch modelu 17,4 %, co\u017e znamenalo um\u00edst\u011bn\u00ed na stupn\u00edch v\u00edt\u011bz\u016f mezi prodeji elektrick\u00fdch SUV segmentu B v Evrop\u011b.<\/p>\n<p><strong>Matthias Hossann, \u0161\u00e9fdesign\u00e9r zna\u010dky Peugeot: <\/strong><\/p>\n<p>\u201ePeugeot s nov\u00fdm modelem 2008 nad\u00e1le posiluje svou technologickou identitu a drav\u00fd charakter. Jedn\u00edm z kl\u00ed\u010dov\u00fdch prvk\u016f pr\u00e1ce design\u00e9r\u016f je koncepce p\u0159edn\u00ed \u010d\u00e1sti vozu, jej\u00edm\u017e z\u00e1sadn\u00edm rysem je podpis ve tvaru t\u0159\u00ed dr\u00e1p\u016f. Zv\u00fdraz\u0148uje se tak propracovan\u00fd osobit\u00fd styl, d\u00edky n\u011bmu\u017e je toto SUV tak \u00fasp\u011b\u0161n\u00e9 na v\u0161ech trz\u00edch, i posun nov\u00e9ho Peugeotu 2008 do kategorie luxusn\u00edch voz\u016f.\u201c<\/p>\n","protected":false},"excerpt":{"rendered":"<div class=\"mh-excerpt\"><p>Nov\u00fd Peugeot 2008 se vyr\u00e1b\u00ed ve \u0161pan\u011blsk\u00e9m m\u011bst\u011b Vigo. Do prodeje se na evropsk\u00e9m trhu dostal pr\u00e1v\u011b nyn\u00ed, jeho nab\u00eddka bude zahrnovat t\u0159i \u00farovn\u011b v\u00fdbavy <a class=\"mh-excerpt-more\" href=\"https:\/\/www.automakersnews.cz\/index.php\/2023\/06\/22\/k-dealerum-peugeotu-prichazi-novy-2008\/\" title=\"K dealer\u016fm Peugeotu p\u0159ich\u00e1z\u00ed nov\u00fd 2008\">[&#8230;]<\/a><\/p>\n<\/div>","protected":false},"author":4,"featured_media":58118,"comment_status":"open","ping_status":"open","sticky":false,"template":"","format":"standard","meta":{"footnotes":""},"categories":[39],"tags":[],"class_list":["post-58117","post","type-post","status-publish","format-standard","has-post-thumbnail","hentry","category-dealeri"],"_links":{"self":[{"href":"https:\/\/www.automakersnews.cz\/index.php\/wp-json\/wp\/v2\/posts\/58117","targetHints":{"allow":["GET"]}}],"collection":[{"href":"https:\/\/www.automakersnews.cz\/index.php\/wp-json\/wp\/v2\/posts"}],"about":[{"href":"https:\/\/www.automakersnews.cz\/index.php\/wp-json\/wp\/v2\/types\/post"}],"author":[{"embeddable":true,"href":"https:\/\/www.automakersnews.cz\/index.php\/wp-json\/wp\/v2\/users\/4"}],"replies":[{"embeddable":true,"href":"https:\/\/www.automakersnews.cz\/index.php\/wp-json\/wp\/v2\/comments?post=58117"}],"version-history":[{"count":0,"href":"https:\/\/www.automakersnews.cz\/index.php\/wp-json\/wp\/v2\/posts\/58117\/revisions"}],"wp:featuredmedia":[{"embeddable":true,"href":"https:\/\/www.automakersnews.cz\/index.php\/wp-json\/wp\/v2\/media\/58118"}],"wp:attachment":[{"href":"https:\/\/www.automakersnews.cz\/index.php\/wp-json\/wp\/v2\/media?parent=58117"}],"wp:term":[{"taxonomy":"category","embeddable":true,"href":"https:\/\/www.automakersnews.cz\/index.php\/wp-json\/wp\/v2\/categories?post=58117"},{"taxonomy":"post_tag","embeddable":true,"href":"https:\/\/www.automakersnews.cz\/index.php\/wp-json\/wp\/v2\/tags?post=58117"}],"curies":[{"name":"wp","href":"https:\/\/api.w.org\/{rel}","templated":true}]}}