{"id":58154,"date":"2023-06-22T06:06:42","date_gmt":"2023-06-22T06:06:42","guid":{"rendered":"https:\/\/www.automakersnews.cz\/?p=58154"},"modified":"2023-06-22T06:06:42","modified_gmt":"2023-06-22T06:06:42","slug":"volkswagen-chce-vice-synergie-mezi-znackami","status":"publish","type":"post","link":"https:\/\/www.automakersnews.cz\/index.php\/2023\/06\/22\/volkswagen-chce-vice-synergie-mezi-znackami\/","title":{"rendered":"Volkswagen chce v\u00edce synergie mezi zna\u010dkami"},"content":{"rendered":"<div class=\"c_jK _608bd5f5042d89402533b190\">\n<p class=\"e_bj c_g3 speakable\" data-dot=\"ogm-article-perex\"><strong>Koncern Volkswagen p\u0159edstavil na tiskov\u00e9 konferenci zm\u011bny, kter\u00e9 nov\u011b pl\u00e1nuje prosazovat ve sv\u00fdch tov\u00e1rn\u00e1ch. Transformace se nevyhne ani mladoboleslavsk\u00e9 \u0160kod\u011b Auto. Nepotvrdily se zpr\u00e1vy, \u017ee by se \u010desk\u00e1 automobilka m\u011bla v\u011bnovat jen v\u00fdrob\u011b spalovac\u00edch motor\u016f.<\/strong><\/p>\n<\/div>\n<p><!--more--><\/p>\n<div class=\"c_jK _608bd6b73316103f15d31ccc\">\n<div class=\"c_c\" data-e2e=\"ogm-article-layout\">\n<article class=\"c_hz\" role=\"article\" aria-labelledby=\"accessibility-article\">\n<h6 id=\"accessibility-article\" class=\"e_h e_bc\"><strong><span style=\"font-size: 16px;\">Volkswagen po spekulac\u00edch o budoucnosti jeho tov\u00e1ren p\u0159edstavil pl\u00e1n zm\u011bn. Zam\u011b\u0159it se hodl\u00e1 na elektromobilitu a digitalizaci.<\/span><\/strong><\/h6>\n<div class=\"c_d4\" data-dot=\"ogm-article-content\">\n<div class=\"g_d5 mol-rich-content--for-article\">\n<div class=\"g_bj speakable\" data-dot=\"mol-paragraph\">\n<p class=\"e_bj\"><span class=\"atm-text-decorator\">\u201eV sou\u010dasn\u00e9 dob\u011b se nach\u00e1z\u00edme ve vzru\u0161uj\u00edc\u00ed, ale z\u00e1rove\u0148 n\u00e1ro\u010dn\u00e9 dob\u011b. Automobilov\u00fd pr\u016fmysl se prom\u011b\u0148uje neb\u00fdval\u00fdm tempem, e-mobilita a\u00a0digitalizace jsou v\u00a0kurzu. Mus\u00edme je\u0161t\u011b v\u00edce urychlit na\u0161i vlastn\u00ed transformaci, abychom si zajistili a\u00a0pos\u00edlili na\u0161i konkurenceschopnost,\u201c uvedl Oliver Blume, gener\u00e1ln\u00ed \u0159editel skupiny Volkswagen.<\/span><\/p>\n<\/div>\n<div class=\"g_bj speakable\" data-dot=\"mol-paragraph\">\n<p class=\"e_bj\"><span class=\"atm-text-decorator\">Sp\u0159\u00edzn\u011bn\u00e9 tov\u00e1rny jednotliv\u00fdch zna\u010dek by m\u011bly d\u00edky nov\u00e9mu pl\u00e1nu za\u010d\u00edt vyr\u00e1b\u011bt efektivn\u011bji a\u00a0tak\u00e9 levn\u011bji. Jak? Zna\u010dky budou muset za\u010d\u00edt v\u00edce spolupracovat.<\/span><\/p>\n<\/div>\n<div class=\"g_d6\" data-dot=\"mol-self-promo\">\n<div class=\"g_gt js-ad g_bF\">Nap\u0159\u00edklad pr\u00e1v\u011b \u0160kodovka se chyst\u00e1 do v\u011bt\u0161\u00ed spolupr\u00e1ce s ostatn\u00edmi zna\u010dkami koncernu, jako jsou nap\u0159\u00edklad SEAT nebo Cupra nebo Volkswagen. V\u00fdrobn\u00ed z\u00e1vody by tak mohla vyu\u017e\u00edt i pro modely jin\u00fdch model\u016f voz\u016f skupiny.<\/div>\n<\/div>\n<div class=\"g_bj speakable\" data-dot=\"mol-paragraph\">\n<p class=\"e_bj\"><span class=\"atm-text-decorator\">\u201eC\u00edlem je dal\u0161\u00ed z\u00faro\u010den\u00ed spole\u010dn\u00fdch synergi\u00ed a\u00a0potenci\u00e1lu zisku. \u00dast\u0159edn\u00edm ukazatelem v\u00fdkonnosti pro skupinu velkoobjemov\u00fdch zna\u010dek koncernu Volkswagen je konsolidovan\u00e1 provozn\u00ed n\u00e1vratnost tr\u017eeb ve v\u00fd\u0161i osmi\u00a0procent od roku 2025,\u201c uvedl tiskov\u00fd mluv\u010d\u00ed \u0160koda Auto Pavel J\u00edna.<\/span><\/p>\n<div class=\"g_bj speakable\" data-dot=\"mol-paragraph\">\n<p class=\"e_bj\"><span class=\"atm-text-decorator\">V praxi by to podle informac\u00ed, kter\u00e9 sd\u011blil redakci SZ Byznys, m\u011blo znamenat, \u017ee se v\u00fdroba model\u016f voz\u016f r\u016fzn\u00fdch zna\u010dek, kter\u00e9 v\u0161ak maj\u00ed n\u011bkter\u00e9 spole\u010dn\u00e9 d\u00edly, jako nap\u0159\u00edklad platformy voz\u016f, budou vyr\u00e1b\u011bt na jednom m\u00edst\u011b. Nez\u00e1visle na zna\u010dce.<\/span><\/p>\n<\/div>\n<div class=\"g_bj speakable\" data-dot=\"mol-paragraph\">\n<p class=\"e_bj\"><span class=\"atm-text-decorator\">Dosud se v\u00a0tuzemsk\u00fdch tov\u00e1rn\u00e1ch vyr\u00e1b\u011bly t\u00e9m\u011b\u0159 v\u00fdhradn\u011b automobily zna\u010dky \u0160koda.<\/span><\/p>\n<\/div>\n<div class=\"g_bj speakable\" data-dot=\"mol-paragraph\">\n<p class=\"e_bj\"><span class=\"atm-text-decorator\">Jak\u00e9 rozd\u011blen\u00ed v\u00fdroby bude koncernem nastaveno zat\u00edm nen\u00ed jasn\u00e9 ani veden\u00ed tuzemsk\u00e9 automobilky. Bude se o\u00a0n\u011bm definitivn\u011b rozhodovat v\u00a0n\u00e1sleduj\u00edc\u00edch t\u00fddnech.<\/span><\/p>\n<\/div>\n<div class=\"g_bj speakable\" data-dot=\"mol-paragraph\">\n<p class=\"e_bj\"><span class=\"atm-text-decorator\">N\u011bmeck\u00fd list Handelsblatt p\u0159ed n\u011bkolika dny uvedl, \u017ee se do \u010ceska v\u00a0r\u00e1mci nov\u00e9ho rozd\u011blen\u00ed rol\u00ed p\u0159est\u011bhuje v\u00fdroba model\u016f se spalovac\u00edm motorem, zat\u00edmco elektroauta se budou vyr\u00e1b\u011bt jinde. To u\u017e ostatn\u011b bylo v\u00a0p\u0159\u00edpad\u011b mal\u00fdch elektromobil\u016f schv\u00e1leno, prvn\u00ed mal\u00e1 elektrick\u00e1 vozidla VW, \u0160koda a\u00a0Cupra by se m\u011bla vyr\u00e1b\u011bt ve \u0160pan\u011blsku.<\/span><\/p>\n<\/div>\n<div class=\"g_bj speakable\" data-dot=\"mol-paragraph\">\n<p class=\"e_bj\"><span class=\"atm-text-decorator\">Informace Handelsblattu vyvolaly v\u00a0\u010desk\u00fdch automobilov\u00fdch kruz\u00edch pozdvi\u017een\u00ed\u00a0\u2013 vzhledem k\u00a0tomu, \u017ee zb\u00fdv\u00e1 dvan\u00e1ct let do okam\u017eiku, kdy se v\u00a0Evrop\u011b p\u0159estanou prod\u00e1vat nov\u00e9 vozy se spalovac\u00edm motorem. Pro \u010desk\u00fd automotive by to znamenalo, \u017ee bude odstaven na druhou kolej z\u00e1sobuj\u00edc\u00ed zem\u011b, kter\u00e9 je\u0161t\u011b umo\u017en\u00ed prod\u00e1vat vozy se spalovac\u00edm motorem.<\/span><\/p>\n<p><img loading=\"lazy\" decoding=\"async\" class=\"alignnone size-large wp-image-51383\" src=\"http:\/\/www.automakersnews.cz\/wp-content\/uploads\/2023\/06\/Pavel-Jina-1024x683.jpg\" alt=\"\" width=\"1024\" height=\"683\" \/><\/p>\n<\/div>\n<\/div>\n<\/div>\n<\/div>\n<\/article>\n<\/div>\n<\/div>\n","protected":false},"excerpt":{"rendered":"<div class=\"mh-excerpt\"><p>Koncern Volkswagen p\u0159edstavil na tiskov\u00e9 konferenci zm\u011bny, kter\u00e9 nov\u011b pl\u00e1nuje prosazovat ve sv\u00fdch tov\u00e1rn\u00e1ch. Transformace se nevyhne ani mladoboleslavsk\u00e9 \u0160kod\u011b Auto. Nepotvrdily se zpr\u00e1vy, \u017ee <a class=\"mh-excerpt-more\" href=\"https:\/\/www.automakersnews.cz\/index.php\/2023\/06\/22\/volkswagen-chce-vice-synergie-mezi-znackami\/\" title=\"Volkswagen chce v\u00edce synergie mezi zna\u010dkami\">[&#8230;]<\/a><\/p>\n<\/div>","protected":false},"author":1,"featured_media":263,"comment_status":"open","ping_status":"open","sticky":false,"template":"","format":"standard","meta":{"footnotes":""},"categories":[29],"tags":[],"class_list":["post-58154","post","type-post","status-publish","format-standard","has-post-thumbnail","hentry","category-tiskovky"],"_links":{"self":[{"href":"https:\/\/www.automakersnews.cz\/index.php\/wp-json\/wp\/v2\/posts\/58154","targetHints":{"allow":["GET"]}}],"collection":[{"href":"https:\/\/www.automakersnews.cz\/index.php\/wp-json\/wp\/v2\/posts"}],"about":[{"href":"https:\/\/www.automakersnews.cz\/index.php\/wp-json\/wp\/v2\/types\/post"}],"author":[{"embeddable":true,"href":"https:\/\/www.automakersnews.cz\/index.php\/wp-json\/wp\/v2\/users\/1"}],"replies":[{"embeddable":true,"href":"https:\/\/www.automakersnews.cz\/index.php\/wp-json\/wp\/v2\/comments?post=58154"}],"version-history":[{"count":0,"href":"https:\/\/www.automakersnews.cz\/index.php\/wp-json\/wp\/v2\/posts\/58154\/revisions"}],"wp:featuredmedia":[{"embeddable":true,"href":"https:\/\/www.automakersnews.cz\/index.php\/wp-json\/wp\/v2\/media\/263"}],"wp:attachment":[{"href":"https:\/\/www.automakersnews.cz\/index.php\/wp-json\/wp\/v2\/media?parent=58154"}],"wp:term":[{"taxonomy":"category","embeddable":true,"href":"https:\/\/www.automakersnews.cz\/index.php\/wp-json\/wp\/v2\/categories?post=58154"},{"taxonomy":"post_tag","embeddable":true,"href":"https:\/\/www.automakersnews.cz\/index.php\/wp-json\/wp\/v2\/tags?post=58154"}],"curies":[{"name":"wp","href":"https:\/\/api.w.org\/{rel}","templated":true}]}}