{"id":583,"date":"2022-10-16T20:15:57","date_gmt":"2022-10-16T20:15:57","guid":{"rendered":"https:\/\/www.automakersnews.cz\/?p=583"},"modified":"2022-10-16T20:15:57","modified_gmt":"2022-10-16T20:15:57","slug":"armadni-hiluxy-maji-technicke-problemy","status":"publish","type":"post","link":"https:\/\/www.automakersnews.cz\/index.php\/2022\/10\/16\/armadni-hiluxy-maji-technicke-problemy\/","title":{"rendered":"Arm\u00e1dn\u00ed Hiluxy maj\u00ed technick\u00e9 probl\u00e9my"},"content":{"rendered":"<div class=\"e_a7\" data-dot=\"mol-paragraph\">\n<p class=\"c_a7\"><span class=\"c_bU\"><strong>Ter\u00e9nn\u00ed Toyoty Hilux v \u010desk\u00e9 arm\u00e1d\u011b maj\u00ed probl\u00e9my se vst\u0159ikova\u010di a filtry pevn\u00fdch \u010d\u00e1stic. Novin\u00e1\u0159\u016fm to \u0159ekl mluv\u010d\u00ed dodavatelsk\u00e9 firmy Glomex MS Jaroslav Major. Dodal, \u017ee p\u0159\u00ed\u010dinou je vadn\u00e1 s\u00e9rie z Jihoafrick\u00e9 republiky.<\/strong> <\/span><\/p>\n<\/div>\n<p><!--more--><\/p>\n<div class=\"e_a7\" data-dot=\"mol-paragraph\">\n<p class=\"c_a7\"><span class=\"c_bU\">Probl\u00e9my se objevily asi u\u00a0170\u00a0vozidel, tento t\u00fdden arm\u00e1da dostane tis\u00edc\u00ed vozidlo. V\u00a0\u010desk\u00e9 arm\u00e1d\u011b Toyoty Hilux nahrazuj\u00ed letit\u00e1 vozidla UAZ a\u00a0Land Rover.<\/span><\/p>\n<\/div>\n<div class=\"e_a7\" data-dot=\"mol-paragraph\">\n<p class=\"c_a7\"><span class=\"c_bU\">Ministerstvo obrany uzav\u0159elo s\u00a0Glomex MS smlouvu na dod\u00e1vky ter\u00e9nn\u00edch voz\u016f a\u017e za dv\u011b miliardy korun. Podle Miloslava Muzikanta ze sekce logistiky jich \u010desk\u00e1 arm\u00e1da celkem po\u0159\u00edd\u00ed 1500.\u00a0Na n\u00e1kupy m\u011bla vy\u010dlen\u011bny a\u017e dv\u011b miliardy korun, tato \u010d\u00e1stka vy\u010derp\u00e1na nebude, doplnil. Muzikant p\u0159edpokl\u00e1d\u00e1, \u017ee vy\u0159azovan\u00e9 vozy UAZ a\u00a0Land Rover arm\u00e1da nab\u00eddne k\u00a0prodeji.<\/span><\/p>\n<div class=\"e_a7\" data-dot=\"mol-paragraph\">\n<p class=\"c_a7\"><span class=\"c_bU\">\u010cesk\u00e1 televize v\u00a0l\u00e9t\u011b informovala, \u017ee zak\u00e1zku doprov\u00e1zej\u00ed pot\u00ed\u017ee u\u00a0n\u011bkter\u00fdch dodan\u00fdch vozidel. N\u00e1m\u011bstek ministryn\u011b obrany Lubor Koudelka v\u00a0z\u00e1\u0159\u00ed \u0159ekl, \u017ee z\u00a0asi 950\u00a0dodan\u00fdch vozidel byly z\u00e1vady zji\u0161t\u011bny u\u00a0246\u00a0stroj\u016f. Podle Majora jde \u010dasto o\u00a0snadno odstraniteln\u00e9 z\u00e1vady, ve 160\u00a0a\u017e 170\u00a0p\u0159\u00edpadech byla ale chyba u\u00a0vst\u0159ikova\u010d\u016f a\u00a0filtr\u016f pevn\u00fdch \u010d\u00e1stic.<\/span><\/p>\n<\/div>\n<div class=\"e_a7\" data-dot=\"mol-paragraph\">\n<p class=\"c_a7\"><span class=\"c_bU\">Novin\u00e1\u0159\u016fm \u0159ekl, \u017ee ve spolupr\u00e1ci s\u00a0Toyotou se firma sna\u017e\u00ed o\u00a0co nejrychlej\u0161\u00ed v\u00fdm\u011bnu vadn\u00fdch sou\u010d\u00e1stek. Vozidla jsou podle n\u011bj opravov\u00e1na do t\u00fddne. \u201eSamoz\u0159ejm\u011b cel\u00e1 operace prob\u00edh\u00e1 na n\u00e1klady v\u00fdrobce a\u00a0je v\u00a0r\u00e1mci z\u00e1ru\u010dn\u00edch podm\u00ednek,\u201c doplnil. Filtry pevn\u00fdch \u010d\u00e1stic ozna\u010dil za \u201eno\u010dn\u00ed m\u016fru\u201c v\u011bt\u0161iny automobilov\u00fdch v\u00fdrobc\u016f.<\/span><\/p>\n<div class=\"e_a7\" data-dot=\"mol-paragraph\">\n<p class=\"c_a7\"><span class=\"c_bU\">Pot\u00ed\u017ee podle n\u011bj postihly s\u00e9rii vyrobenou v\u00a0kr\u00e1tk\u00e9m obdob\u00ed v\u00a0Jihoafrick\u00e9 republice. Do civiln\u00ed sf\u00e9ry se vozy s\u00a0vadn\u00fdmi vst\u0159ikova\u010di podle n\u011bj v\u00a0\u010cesk\u00e9 republice nedostaly.<\/span><\/p>\n<\/div>\n<div class=\"e_a7\" data-dot=\"mol-paragraph\">\n<p class=\"c_a7\"><span class=\"c_bU\">Podle Majora je nyn\u00ed na jedn\u00e1n\u00ed Glomex MS a\u00a0v\u00fdrobce, zda bude dvoulet\u00e1 z\u00e1ru\u010dn\u00ed lh\u016fta kv\u016fli pot\u00ed\u017e\u00edm prodlou\u017eena, nebo jestli bude zvolena jin\u00e1 forma kompenzace. <\/span><\/p>\n<\/div>\n<div class=\"e_a7\" data-dot=\"mol-paragraph\">\n<p class=\"c_a7\"><span class=\"c_bU\">Toyoty Hilux budou v\u00a0arm\u00e1d\u011b slou\u017eit k\u00a0p\u0159eprav\u011b lid\u00ed \u010di k\u00a0z\u00e1sobov\u00e1n\u00ed, auta by se m\u011bla pohybovat v\u00fdhradn\u011b mimo p\u0159\u00edpadn\u00e9 boji\u0161t\u011b. Ministerstvo obrany ji\u017e d\u0159\u00edve uvedlo, \u017ee arm\u00e1da po\u017eaduje stroje ve stejn\u00e9 podob\u011b, v\u00a0jak\u00e9 se vyr\u00e1b\u011bj\u00ed pro civiln\u00ed vyu\u017eit\u00ed. Nejsou nap\u0159\u00edklad panc\u00e9\u0159ovan\u00e9, voj\u00e1ci ale cht\u011bj\u00ed t\u0159eba dr\u017e\u00e1ky na \u00fato\u010dn\u00e9 pu\u0161ky nebo khaki n\u00e1t\u011br.<\/span><\/p>\n<p><img loading=\"lazy\" decoding=\"async\" class=\"alignnone size-medium wp-image-585\" src=\"http:\/\/www.automakersnews.cz\/wp-content\/uploads\/2022\/10\/Toyota-Hilux-army-scaled-e1665951324449-300x92.jpg\" alt=\"\" width=\"300\" height=\"92\" srcset=\"https:\/\/www.automakersnews.cz\/wp-content\/uploads\/2022\/10\/Toyota-Hilux-army-scaled-e1665951324449-300x92.jpg 300w, https:\/\/www.automakersnews.cz\/wp-content\/uploads\/2022\/10\/Toyota-Hilux-army-scaled-e1665951324449.jpg 560w\" sizes=\"auto, (max-width: 300px) 100vw, 300px\" \/><\/p>\n<\/div>\n<\/div>\n<\/div>\n","protected":false},"excerpt":{"rendered":"<div class=\"mh-excerpt\"><p>Ter\u00e9nn\u00ed Toyoty Hilux v \u010desk\u00e9 arm\u00e1d\u011b maj\u00ed probl\u00e9my se vst\u0159ikova\u010di a filtry pevn\u00fdch \u010d\u00e1stic. Novin\u00e1\u0159\u016fm to \u0159ekl mluv\u010d\u00ed dodavatelsk\u00e9 firmy Glomex MS Jaroslav Major. Dodal, <a class=\"mh-excerpt-more\" href=\"https:\/\/www.automakersnews.cz\/index.php\/2022\/10\/16\/armadni-hiluxy-maji-technicke-problemy\/\" title=\"Arm\u00e1dn\u00ed Hiluxy maj\u00ed technick\u00e9 probl\u00e9my\">[&#8230;]<\/a><\/p>\n<\/div>","protected":false},"author":1,"featured_media":584,"comment_status":"open","ping_status":"open","sticky":false,"template":"","format":"standard","meta":{"footnotes":""},"categories":[25,2],"tags":[],"class_list":["post-583","post","type-post","status-publish","format-standard","has-post-thumbnail","hentry","category-fleety","category-news"],"_links":{"self":[{"href":"https:\/\/www.automakersnews.cz\/index.php\/wp-json\/wp\/v2\/posts\/583","targetHints":{"allow":["GET"]}}],"collection":[{"href":"https:\/\/www.automakersnews.cz\/index.php\/wp-json\/wp\/v2\/posts"}],"about":[{"href":"https:\/\/www.automakersnews.cz\/index.php\/wp-json\/wp\/v2\/types\/post"}],"author":[{"embeddable":true,"href":"https:\/\/www.automakersnews.cz\/index.php\/wp-json\/wp\/v2\/users\/1"}],"replies":[{"embeddable":true,"href":"https:\/\/www.automakersnews.cz\/index.php\/wp-json\/wp\/v2\/comments?post=583"}],"version-history":[{"count":0,"href":"https:\/\/www.automakersnews.cz\/index.php\/wp-json\/wp\/v2\/posts\/583\/revisions"}],"wp:featuredmedia":[{"embeddable":true,"href":"https:\/\/www.automakersnews.cz\/index.php\/wp-json\/wp\/v2\/media\/584"}],"wp:attachment":[{"href":"https:\/\/www.automakersnews.cz\/index.php\/wp-json\/wp\/v2\/media?parent=583"}],"wp:term":[{"taxonomy":"category","embeddable":true,"href":"https:\/\/www.automakersnews.cz\/index.php\/wp-json\/wp\/v2\/categories?post=583"},{"taxonomy":"post_tag","embeddable":true,"href":"https:\/\/www.automakersnews.cz\/index.php\/wp-json\/wp\/v2\/tags?post=583"}],"curies":[{"name":"wp","href":"https:\/\/api.w.org\/{rel}","templated":true}]}}