{"id":58353,"date":"2023-06-23T07:48:50","date_gmt":"2023-06-23T07:48:50","guid":{"rendered":"https:\/\/www.automakersnews.cz\/?p=58353"},"modified":"2023-06-23T07:48:50","modified_gmt":"2023-06-23T07:48:50","slug":"gebruder-weiss-ma-v-praze-nakladni-auto-na-vodik","status":"publish","type":"post","link":"https:\/\/www.automakersnews.cz\/index.php\/2023\/06\/23\/gebruder-weiss-ma-v-praze-nakladni-auto-na-vodik\/","title":{"rendered":"Gebr\u00fcder Weiss m\u00e1 v Praze n\u00e1kladn\u00ed auto na vod\u00edk"},"content":{"rendered":"<p><strong>Gebr\u00fcder Weiss p\u0159edv\u00e1d\u00ed\u00a0 svou vizi udr\u017eiteln\u00e9 mobilit. P\u0159ivezla do Prahy n\u00e1kladn\u00ed auto poh\u00e1n\u011bn\u00e9 vod\u00edkem, aktu\u00e1ln\u011b tu testuje dal\u0161\u00ed mo\u017enosti vyu\u017eit\u00ed unik\u00e1tn\u00edho pohonu, vzhledem k ned\u00e1vno otev\u0159en\u00e9 prvn\u00ed ve\u0159ejn\u00e9 vod\u00edkov\u00e9 \u010derpac\u00ed stanici na Barrandov\u011b.<\/strong><!--more--><\/p>\n<p>\u201eGebr\u00fcder Weiss dlouhodob\u011b sleduje trendy a testuje inovativn\u00ed technologie v bezemisn\u00ed doprav\u011b. T\u011b\u0161\u00ed n\u00e1s, \u017ee se n\u00e1m v \u010cesk\u00e9 republice da\u0159\u00ed ukazovat sm\u011br, kter\u00fdm se m\u016f\u017ee udr\u017eiteln\u00e1 mobilita ub\u00edrat, a p\u0159isp\u00edvat tak do diskuse o alternativn\u00edch pohonech,\u201c \u0159\u00edk\u00e1 Jan Kodada, \u0159editel obchodu a marketingu Gebr\u00fcder Weiss \u010cR.<\/p>\n<p>\u201eBedliv\u011b sledujeme, co v\u0161e se odehr\u00e1v\u00e1 na technologick\u00e9m poli a zaj\u00edmaj\u00ed n\u00e1s nov\u00e9 mo\u017enosti. Nejen v elektromobilit\u011b, ale i ve vod\u00edkov\u00e9 mobilit\u011b jsme nepochybn\u011b teprve na za\u010d\u00e1tku. Nechci rozpoutat debatu o tom, jestli je lep\u0161\u00ed bateriov\u00fd n\u00e1kladn\u00ed automobil, anebo vod\u00edkov\u00fd. Pokl\u00e1d\u00e1m v\u0161ak za d\u016fle\u017eit\u00e9 se s praktick\u00fdm vyu\u017eit\u00edm v\u0161ech nov\u00fdch technologi\u00ed sezn\u00e1mit a zab\u00fdvat se v\u0161emi v\u00fdrobn\u00edmi a provozn\u00edmi vlastnostmi,\u201c uv\u00e1d\u00ed k t\u00e9matu ministr dopravy Martin Kupka a dod\u00e1v\u00e1, \u017ee jeho resort na infrastrukturu pro dob\u00edjen\u00ed elektromobil\u016f nachystal 5 miliard korun a pro vod\u00edkovou infrastrukturu 1 miliardu korun.<\/p>\n<p><img loading=\"lazy\" decoding=\"async\" class=\"alignnone wp-image-58355\" src=\"http:\/\/www.automakersnews.cz\/wp-content\/uploads\/2023\/06\/2023-06-18-GW-HydrogenTruck-Kupka-Jenec-12-small-2-300x200.jpg\" alt=\"\" width=\"881\" height=\"587\" srcset=\"https:\/\/www.automakersnews.cz\/wp-content\/uploads\/2023\/06\/2023-06-18-GW-HydrogenTruck-Kupka-Jenec-12-small-2-300x200.jpg 300w, https:\/\/www.automakersnews.cz\/wp-content\/uploads\/2023\/06\/2023-06-18-GW-HydrogenTruck-Kupka-Jenec-12-small-2-1024x683.jpg 1024w, https:\/\/www.automakersnews.cz\/wp-content\/uploads\/2023\/06\/2023-06-18-GW-HydrogenTruck-Kupka-Jenec-12-small-2-768x512.jpg 768w, https:\/\/www.automakersnews.cz\/wp-content\/uploads\/2023\/06\/2023-06-18-GW-HydrogenTruck-Kupka-Jenec-12-small-2-1536x1024.jpg 1536w, https:\/\/www.automakersnews.cz\/wp-content\/uploads\/2023\/06\/2023-06-18-GW-HydrogenTruck-Kupka-Jenec-12-small-2-2048x1365.jpg 2048w\" sizes=\"auto, (max-width: 881px) 100vw, 881px\" \/><\/p>\n<p>N\u00e1kladn\u00ed v\u016fz na vod\u00edk provozuje Gebr\u00fcder Weiss u\u017e v\u00edce ne\u017e dva roky na b\u011b\u017en\u00fdch tras\u00e1ch ve \u0160v\u00fdcarsku pro distribu\u010dn\u00ed logistiku, a proto\u017ee se pln\u011b osv\u011bd\u010dil, pl\u00e1nuje svou flotilu roz\u0161\u00ed\u0159it o dal\u0161\u00edch 5 voz\u016f, konkr\u00e9tn\u011b v N\u011bmecku. Vod\u00edkov\u00fd pohon se ukazuje jako v\u00fdznamn\u00e1 alternativa pro bezemisn\u00ed a nehlu\u010dnou dopravu vedle klasick\u00fdch elektromobil\u016f, oproti nim\u017e nab\u00edz\u00ed n\u011bkolik v\u00fdhod, nap\u0159\u00edklad zna\u010dn\u011b rychlej\u0161\u00ed dopln\u011bn\u00ed pohonu, del\u0161\u00ed dojezdovou vzd\u00e1lenost \u010di bezprobl\u00e9mov\u00fd provoz i p\u0159i n\u00edzk\u00fdch \u010di naopak vysok\u00fdch venkovn\u00edch teplot\u00e1ch.<\/p>\n<p>\u201eM\u011bl jsem mo\u017enost se tak\u00e9 n\u00e1kladn\u00edm autem na vod\u00edk kr\u00e1tce sv\u00e9zt jako spolujezdec. Na prvn\u00ed poslech je to odli\u0161n\u00fd z\u00e1\u017eitek ne\u017e j\u00edzda s b\u011b\u017en\u00fdm n\u00e1kla\u010f\u00e1kem. Tich\u00fd chod nen\u00ed p\u0159ekvapen\u00edm. Velmi dob\u0159e p\u0159i zrychlen\u00ed p\u016fsob\u00ed dostate\u010dn\u00e1 v\u00fdkonov\u00e1 rezerva. Nepochybn\u011b bude zaj\u00edmav\u00e9 sledovat tuto linii technologick\u00e9ho v\u00fdvoje. Samoz\u0159ejm\u011b se neobejdeme bez dostate\u010dn\u00e9 infrastruktury a zlevn\u011bn\u00ed s\u00e9riov\u011b vyr\u00e1b\u011bn\u00fdch vozidel i masov\u011bj\u0161\u00ed produkce \u010dist\u00e9ho vod\u00edku,\u201c zhodnotil svou prvn\u00ed j\u00edzdu ve vod\u00edkov\u00e9m n\u00e1kladn\u00edm aut\u011b ministr dopravy Martin Kupka.<\/p>\n<p><img loading=\"lazy\" decoding=\"async\" class=\"alignnone wp-image-58356\" src=\"http:\/\/www.automakersnews.cz\/wp-content\/uploads\/2023\/06\/2023-06-18-GW-HydrogenTruck-Kupka-Jenec-14-small-3-300x200.jpg\" alt=\"\" width=\"884\" height=\"589\" srcset=\"https:\/\/www.automakersnews.cz\/wp-content\/uploads\/2023\/06\/2023-06-18-GW-HydrogenTruck-Kupka-Jenec-14-small-3-300x200.jpg 300w, https:\/\/www.automakersnews.cz\/wp-content\/uploads\/2023\/06\/2023-06-18-GW-HydrogenTruck-Kupka-Jenec-14-small-3-1024x683.jpg 1024w, https:\/\/www.automakersnews.cz\/wp-content\/uploads\/2023\/06\/2023-06-18-GW-HydrogenTruck-Kupka-Jenec-14-small-3-768x512.jpg 768w, https:\/\/www.automakersnews.cz\/wp-content\/uploads\/2023\/06\/2023-06-18-GW-HydrogenTruck-Kupka-Jenec-14-small-3-1536x1024.jpg 1536w, https:\/\/www.automakersnews.cz\/wp-content\/uploads\/2023\/06\/2023-06-18-GW-HydrogenTruck-Kupka-Jenec-14-small-3-2048x1365.jpg 2048w\" sizes=\"auto, (max-width: 884px) 100vw, 884px\" \/><\/p>\n","protected":false},"excerpt":{"rendered":"<div class=\"mh-excerpt\"><p>Gebr\u00fcder Weiss p\u0159edv\u00e1d\u00ed\u00a0 svou vizi udr\u017eiteln\u00e9 mobilit. P\u0159ivezla do Prahy n\u00e1kladn\u00ed auto poh\u00e1n\u011bn\u00e9 vod\u00edkem, aktu\u00e1ln\u011b tu testuje dal\u0161\u00ed mo\u017enosti vyu\u017eit\u00ed unik\u00e1tn\u00edho pohonu, vzhledem k ned\u00e1vno <a class=\"mh-excerpt-more\" href=\"https:\/\/www.automakersnews.cz\/index.php\/2023\/06\/23\/gebruder-weiss-ma-v-praze-nakladni-auto-na-vodik\/\" title=\"Gebr\u00fcder Weiss m\u00e1 v Praze n\u00e1kladn\u00ed auto na vod\u00edk\">[&#8230;]<\/a><\/p>\n<\/div>","protected":false},"author":4,"featured_media":58354,"comment_status":"open","ping_status":"open","sticky":false,"template":"","format":"standard","meta":{"footnotes":""},"categories":[2],"tags":[],"class_list":["post-58353","post","type-post","status-publish","format-standard","has-post-thumbnail","hentry","category-news"],"_links":{"self":[{"href":"https:\/\/www.automakersnews.cz\/index.php\/wp-json\/wp\/v2\/posts\/58353","targetHints":{"allow":["GET"]}}],"collection":[{"href":"https:\/\/www.automakersnews.cz\/index.php\/wp-json\/wp\/v2\/posts"}],"about":[{"href":"https:\/\/www.automakersnews.cz\/index.php\/wp-json\/wp\/v2\/types\/post"}],"author":[{"embeddable":true,"href":"https:\/\/www.automakersnews.cz\/index.php\/wp-json\/wp\/v2\/users\/4"}],"replies":[{"embeddable":true,"href":"https:\/\/www.automakersnews.cz\/index.php\/wp-json\/wp\/v2\/comments?post=58353"}],"version-history":[{"count":0,"href":"https:\/\/www.automakersnews.cz\/index.php\/wp-json\/wp\/v2\/posts\/58353\/revisions"}],"wp:featuredmedia":[{"embeddable":true,"href":"https:\/\/www.automakersnews.cz\/index.php\/wp-json\/wp\/v2\/media\/58354"}],"wp:attachment":[{"href":"https:\/\/www.automakersnews.cz\/index.php\/wp-json\/wp\/v2\/media?parent=58353"}],"wp:term":[{"taxonomy":"category","embeddable":true,"href":"https:\/\/www.automakersnews.cz\/index.php\/wp-json\/wp\/v2\/categories?post=58353"},{"taxonomy":"post_tag","embeddable":true,"href":"https:\/\/www.automakersnews.cz\/index.php\/wp-json\/wp\/v2\/tags?post=58353"}],"curies":[{"name":"wp","href":"https:\/\/api.w.org\/{rel}","templated":true}]}}