{"id":58483,"date":"2023-06-23T09:17:34","date_gmt":"2023-06-23T09:17:34","guid":{"rendered":"https:\/\/www.automakersnews.cz\/?p=58483"},"modified":"2023-06-23T11:08:31","modified_gmt":"2023-06-23T11:08:31","slug":"novinari-testovali-extremni-dacie-na-rejstejne","status":"publish","type":"post","link":"https:\/\/www.automakersnews.cz\/index.php\/2023\/06\/23\/novinari-testovali-extremni-dacie-na-rejstejne\/","title":{"rendered":"Novin\u00e1\u0159i testovali extr\u00e9mn\u00ed Dacie na Rej\u0161tejn\u011b"},"content":{"rendered":"<p class=\"xmprfx_MsoNormal\"><strong>Dacia uv\u00e1d\u00ed na trh vozy ve vrcholn\u00e9 v\u00fdbav\u011b Extreme, kter\u00e1 si klade za c\u00edl p\u0159il\u00e1kat z\u00e1kazn\u00edky, kte\u0159\u00ed mezi sv\u00e1 krit\u00e9ria p\u0159i v\u00fdb\u011bru kladou d\u016fraz na outdoor. Novin\u00e1\u0159i mohli tyto modely v\u0161ech \u0159ad otestovat na trase Praha &#8211; Rej\u0161tejn, kde se v t\u00fddnu od 19. \u010dervna konala produktov\u00e1 prezentace model\u016f.<\/strong><\/p>\n<p><!--more--><\/p>\n<p>Uveden\u00ed v\u00fdbavy Extreme je sou\u010d\u00e1st\u00ed strategie roz\u0161i\u0159ov\u00e1n\u00ed pole p\u016fsobnosti zna\u010dky, m\u00e1 posunout\u00a0 \u201erobustn\u00ed a outdoorov\u00fd\u201c p\u0159\u00edstup zna\u010dky o krok d\u00e1le, a to nejen z hlediska designu, ale tak\u00e9 z hlediska funk\u010dnosti.<\/p>\n<p>&#8222;V sou\u010dasnosti jsou ve v\u00fdbav\u011b nab\u00edzeny \u010dty\u0159i vlajkov\u00e9 modely: Spring, Sandero Stepway, Duster a Jogger,&#8220; p\u0159ipomn\u011bla na premi\u00e9\u0159e mluv\u010d\u00ed zna\u010dky Jitka Skali\u010dkov\u00e1.\u00a0<u><b><\/b><\/u><\/p>\n<p><img loading=\"lazy\" decoding=\"async\" class=\"alignnone size-large wp-image-58554\" src=\"http:\/\/www.automakersnews.cz\/wp-content\/uploads\/2023\/06\/Dacia-Extreme-TK-Skalickova-1024x768.jpg\" alt=\"\" width=\"1024\" height=\"768\" srcset=\"https:\/\/www.automakersnews.cz\/wp-content\/uploads\/2023\/06\/Dacia-Extreme-TK-Skalickova-1024x768.jpg 1024w, https:\/\/www.automakersnews.cz\/wp-content\/uploads\/2023\/06\/Dacia-Extreme-TK-Skalickova-300x225.jpg 300w, https:\/\/www.automakersnews.cz\/wp-content\/uploads\/2023\/06\/Dacia-Extreme-TK-Skalickova-768x576.jpg 768w, https:\/\/www.automakersnews.cz\/wp-content\/uploads\/2023\/06\/Dacia-Extreme-TK-Skalickova-1536x1152.jpg 1536w, https:\/\/www.automakersnews.cz\/wp-content\/uploads\/2023\/06\/Dacia-Extreme-TK-Skalickova-678x509.jpg 678w, https:\/\/www.automakersnews.cz\/wp-content\/uploads\/2023\/06\/Dacia-Extreme-TK-Skalickova-326x245.jpg 326w, https:\/\/www.automakersnews.cz\/wp-content\/uploads\/2023\/06\/Dacia-Extreme-TK-Skalickova-80x60.jpg 80w, https:\/\/www.automakersnews.cz\/wp-content\/uploads\/2023\/06\/Dacia-Extreme-TK-Skalickova.jpg 2040w\" sizes=\"auto, (max-width: 1024px) 100vw, 1024px\" \/><\/p>\n<p>Samotnou technickou prezentaci pak moderovala produktov\u00e1 mana\u017eerka zna\u010dky Dominika Beranov\u00e1.<\/p>\n<p><img loading=\"lazy\" decoding=\"async\" class=\"alignnone size-large wp-image-58584\" src=\"http:\/\/www.automakersnews.cz\/wp-content\/uploads\/2023\/06\/Dacia-TK-Annin-2023-1024x684.jpg\" alt=\"\" width=\"1024\" height=\"684\" \/><\/p>\n<p>&#8222;Dacia je v sou\u010dasn\u00e9 chv\u00edli prodejn\u011b na \u010dtvrt\u00e9 pozici v segmentu soukrom\u00fdch z\u00e1kazn\u00edk\u016f s pod\u00edlem 9,3 procenta. Ale za\u010d\u00edn\u00e1me se prosazovat i ve fleetech, nap\u0159\u00edklad robustn\u00ed Jogger za\u010d\u00edn\u00e1 b\u00fdt\u00a0 obl\u00edben\u00fd mezi \u0159emesln\u00edky a taxik\u00e1\u0159i,&#8220; p\u0159ipomn\u011bla leto\u0161n\u00ed statistiky Beranov\u00e1.<\/p>\n<p><img loading=\"lazy\" decoding=\"async\" class=\"alignnone size-large wp-image-58588\" src=\"http:\/\/www.automakersnews.cz\/wp-content\/uploads\/2023\/06\/Dacia-TK-Anni-novinari-1024x681.jpg\" alt=\"\" width=\"1024\" height=\"681\" \/><\/p>\n<p><strong>Prvky v\u00fdbavy Extreme:<\/strong><\/p>\n<p><strong><b>&#8211; Nov\u00e9 barvy laku:<\/b><\/strong>\u00a0zelen\u00e1 C\u00e8dre<em>\u00a0<\/em>pro Sandero Stepway, Duster, Jogger a modr\u00e1 Slate\u00a0pro Spring. Tyto nov\u00e9 barvy dopl\u0148uj\u00ed\u00a0st\u00e1vaj\u00edc\u00ed\u00a0paletu barev.<\/p>\n<p><strong><b>&#8211; Prvky v <\/b><\/strong><strong><b>m\u011bd\u011bn\u00e9 hn\u011bd\u00e9<\/b><\/strong><strong><em><b>\u00a0<\/b><\/em><\/strong>speci\u00e1ln\u011b vyvinut\u00e9 pro Dacia Extreme. Tato m\u011bd\u011bn\u00e1 hn\u011bd\u00e1\u00a0je na krytech zrc\u00e1tek, st\u0159edech kol, logo Dacia na dve\u0159\u00edch zadn\u00edch v\u00fdklopn\u00fdch a n\u011bkolik dal\u0161\u00edch designov\u00fdch prvk\u016f.<\/p>\n<p><strong><b>&#8211; Prvky s\u00a0topografick\u00fdm motivem <\/b><\/strong>odkazuj\u00ed na obrysov\u00e9 linie, kter\u00e9 se nach\u00e1zej\u00ed na map\u00e1ch. Tento vzor se nach\u00e1z\u00ed na bo\u010dn\u00edch ochrann\u00fdch krytech a p\u0159edn\u00edch dve\u0159\u00edch Spring, Sandero Stepway a Jogger Extreme, stejn\u011b\u00a0jako na sloupc\u00edch dve\u0159\u00ed\u00a0(B sloupek) modelu Duster Extreme<strong><b>.<\/b><\/strong><\/p>\n<p><strong><b>&#8211; <\/b><\/strong><strong><b>16\u201c kola z\u00a0lehk\u00fdch slitin v\u00a0\u010dern\u00e9 barv\u011b<\/b><\/strong>\u00a0na Sandero Stepway a Jogger, 17\u201c na Duster<strong><b>.<\/b><\/strong><\/p>\n<p><strong><u><b>Design interi\u00e9ru: hlavn\u00ed spole<\/b><\/u><\/strong><strong><u><b>\u010d<\/b><\/u><\/strong><strong><u><b>n<\/b><\/u><\/strong><strong><u><b>\u00e9<\/b><\/u><\/strong><strong><u><b>\u00a0rysy voz<\/b><\/u><\/strong><strong><u><b>\u016f<\/b><\/u><\/strong><strong><u><b>\u00a0Dacia Extreme<\/b><\/u><\/strong><\/p>\n<p><strong><b>&#8211; Nov\u00fd materi\u00e1l \u00a0MicroCloud. <\/b><\/strong>M\u011bkk\u00e1, sametov\u00e1, vysoce odoln\u00e1\u00a0a snadno \u010distiteln\u00e1\u00a0l\u00e1tka je pou\u017eita na v\u00fdpln\u00edch dve\u0159\u00ed\u00a0a sedadlech (Sandero Stepway, Duster, Jogger) a na palubn\u00ed desce (Sandero Stepway a Jogger) .<\/p>\n<p><strong><b>&#8211; Ozdobn\u00e9 &#8222;topografick\u00e9&#8220; motivy <\/b><\/strong>na prahov\u00fdch li\u0161t\u00e1ch a na gumov\u00fdch roho\u017e\u00edch vp\u0159edu i vzadu (v\u010detn\u011b 3.\u00a0\u0159ady u modelu Jogger, u modelu Spring pouze vp\u0159edu).<\/p>\n<p><strong><b>&#8211; Prvky v m<\/b><\/strong><strong><b>\u011b<\/b><\/strong><strong><b>d<\/b><\/strong><strong><b>\u011b<\/b><\/strong><strong><b>n<\/b><\/strong><strong><b>\u00e9<\/b><\/strong><strong><b>\u00a0barv\u011b<\/b><\/strong><strong><em><b>\u00a0<\/b><\/em><\/strong>na panelech dve\u0159\u00ed\u00a0a kolem ventila\u010dn\u00edch\u00a0otvor\u016f<strong><b>.<\/b><\/strong><\/p>\n<p><strong><b>&#8211; Logo Dacia Link <\/b><\/strong>na p\u0159edn\u00edch sedadlech<strong><b>.<\/b><\/strong><\/p>\n<p><img loading=\"lazy\" decoding=\"async\" class=\"alignnone size-large wp-image-58586\" src=\"http:\/\/www.automakersnews.cz\/wp-content\/uploads\/2023\/06\/Dacia-ryby-Otava-1024x681.jpg\" alt=\"\" width=\"1024\" height=\"681\" \/><\/p>\n<p>Novin\u00e1\u0159i m\u011bli mo\u017enost krom\u011b testov\u00e1n\u00ed outdoorov\u00fdch vlastnost\u00ed nov\u00fdch daci\u00ed tak\u00e9 nav\u0161t\u00edvit hrad Ka\u0161perk a absolvovat certifikovan\u00fd kurs mu\u0161ka\u0159en\u00ed s profesion\u00e1ln\u00edmi lektory na \u0159ece Otav\u011b.<\/p>\n<figure id=\"attachment_58519\" aria-describedby=\"caption-attachment-58519\" style=\"width: 1024px\" class=\"wp-caption alignnone\"><img loading=\"lazy\" decoding=\"async\" class=\"size-large wp-image-58519\" src=\"http:\/\/www.automakersnews.cz\/wp-content\/uploads\/2023\/06\/Dacia-Skalickova-Patrik-brodaky-1024x768.jpg\" alt=\"\" width=\"1024\" height=\"768\" srcset=\"https:\/\/www.automakersnews.cz\/wp-content\/uploads\/2023\/06\/Dacia-Skalickova-Patrik-brodaky-1024x768.jpg 1024w, https:\/\/www.automakersnews.cz\/wp-content\/uploads\/2023\/06\/Dacia-Skalickova-Patrik-brodaky-300x225.jpg 300w, https:\/\/www.automakersnews.cz\/wp-content\/uploads\/2023\/06\/Dacia-Skalickova-Patrik-brodaky-768x576.jpg 768w, https:\/\/www.automakersnews.cz\/wp-content\/uploads\/2023\/06\/Dacia-Skalickova-Patrik-brodaky-1536x1152.jpg 1536w, https:\/\/www.automakersnews.cz\/wp-content\/uploads\/2023\/06\/Dacia-Skalickova-Patrik-brodaky-678x509.jpg 678w, https:\/\/www.automakersnews.cz\/wp-content\/uploads\/2023\/06\/Dacia-Skalickova-Patrik-brodaky-326x245.jpg 326w, https:\/\/www.automakersnews.cz\/wp-content\/uploads\/2023\/06\/Dacia-Skalickova-Patrik-brodaky-80x60.jpg 80w, https:\/\/www.automakersnews.cz\/wp-content\/uploads\/2023\/06\/Dacia-Skalickova-Patrik-brodaky.jpg 2040w\" sizes=\"auto, (max-width: 1024px) 100vw, 1024px\" \/><figcaption id=\"caption-attachment-58519\" class=\"wp-caption-text\">Pro kurs mu\u0161ka\u0159en\u00ed nab\u00eddla Jitka Skali\u010dkov\u00e1 novin\u00e1\u0159\u016fm elegantn\u00ed bro\u010f\u00e1ky<\/figcaption><\/figure>\n<p><img loading=\"lazy\" decoding=\"async\" class=\"alignnone size-large wp-image-58521\" src=\"http:\/\/www.automakersnews.cz\/wp-content\/uploads\/2023\/06\/Dacia-Jogger-stan-1024x768.jpg\" alt=\"\" width=\"1024\" height=\"768\" srcset=\"https:\/\/www.automakersnews.cz\/wp-content\/uploads\/2023\/06\/Dacia-Jogger-stan-1024x768.jpg 1024w, https:\/\/www.automakersnews.cz\/wp-content\/uploads\/2023\/06\/Dacia-Jogger-stan-300x225.jpg 300w, https:\/\/www.automakersnews.cz\/wp-content\/uploads\/2023\/06\/Dacia-Jogger-stan-768x576.jpg 768w, https:\/\/www.automakersnews.cz\/wp-content\/uploads\/2023\/06\/Dacia-Jogger-stan-1536x1152.jpg 1536w, https:\/\/www.automakersnews.cz\/wp-content\/uploads\/2023\/06\/Dacia-Jogger-stan-678x509.jpg 678w, https:\/\/www.automakersnews.cz\/wp-content\/uploads\/2023\/06\/Dacia-Jogger-stan-326x245.jpg 326w, https:\/\/www.automakersnews.cz\/wp-content\/uploads\/2023\/06\/Dacia-Jogger-stan-80x60.jpg 80w, https:\/\/www.automakersnews.cz\/wp-content\/uploads\/2023\/06\/Dacia-Jogger-stan.jpg 2040w\" sizes=\"auto, (max-width: 1024px) 100vw, 1024px\" \/><\/p>\n<p>Ti nejodv\u00e1\u017en\u011bj\u0161\u00ed, kte\u0159\u00ed se neboj\u00ed vych\u00e1zet po setm\u011bn\u00ed z penzionu, mohli vyu\u017e\u00edt paket Sleep ze zbrusu nov\u00e9 \u0159ady p\u0159\u00edslu\u0161enstv\u00ed Dacia I<i>nNature<\/i> a pro\u017e\u00edt noc v modelu Jogger.<\/p>\n<p><strong>Erich Handl, \u0160umava, FOTO: autor a Dacia<\/strong><\/p>\n<p><img loading=\"lazy\" decoding=\"async\" class=\"alignnone size-large wp-image-58513\" src=\"http:\/\/www.automakersnews.cz\/wp-content\/uploads\/2023\/06\/Dacia-Extreme-kolaz-rRejstejn-2023-orez-1021x1024.jpg\" alt=\"\" width=\"1021\" height=\"1024\" srcset=\"https:\/\/www.automakersnews.cz\/wp-content\/uploads\/2023\/06\/Dacia-Extreme-kolaz-rRejstejn-2023-orez-1021x1024.jpg 1021w, https:\/\/www.automakersnews.cz\/wp-content\/uploads\/2023\/06\/Dacia-Extreme-kolaz-rRejstejn-2023-orez-300x300.jpg 300w, https:\/\/www.automakersnews.cz\/wp-content\/uploads\/2023\/06\/Dacia-Extreme-kolaz-rRejstejn-2023-orez-150x150.jpg 150w, https:\/\/www.automakersnews.cz\/wp-content\/uploads\/2023\/06\/Dacia-Extreme-kolaz-rRejstejn-2023-orez-768x770.jpg 768w, https:\/\/www.automakersnews.cz\/wp-content\/uploads\/2023\/06\/Dacia-Extreme-kolaz-rRejstejn-2023-orez.jpg 1023w\" sizes=\"auto, (max-width: 1021px) 100vw, 1021px\" \/><\/p>\n<p class=\"xmprfx_MsoNormal\">\n","protected":false},"excerpt":{"rendered":"<div class=\"mh-excerpt\"><p>Dacia uv\u00e1d\u00ed na trh vozy ve vrcholn\u00e9 v\u00fdbav\u011b Extreme, kter\u00e1 si klade za c\u00edl p\u0159il\u00e1kat z\u00e1kazn\u00edky, kte\u0159\u00ed mezi sv\u00e1 krit\u00e9ria p\u0159i v\u00fdb\u011bru kladou d\u016fraz na <a class=\"mh-excerpt-more\" href=\"https:\/\/www.automakersnews.cz\/index.php\/2023\/06\/23\/novinari-testovali-extremni-dacie-na-rejstejne\/\" title=\"Novin\u00e1\u0159i testovali extr\u00e9mn\u00ed Dacie na Rej\u0161tejn\u011b\">[&#8230;]<\/a><\/p>\n<\/div>","protected":false},"author":1,"featured_media":58515,"comment_status":"open","ping_status":"open","sticky":false,"template":"","format":"standard","meta":{"footnotes":""},"categories":[19,31],"tags":[],"class_list":["post-58483","post","type-post","status-publish","format-standard","has-post-thumbnail","hentry","category-design","category-premiery"],"_links":{"self":[{"href":"https:\/\/www.automakersnews.cz\/index.php\/wp-json\/wp\/v2\/posts\/58483","targetHints":{"allow":["GET"]}}],"collection":[{"href":"https:\/\/www.automakersnews.cz\/index.php\/wp-json\/wp\/v2\/posts"}],"about":[{"href":"https:\/\/www.automakersnews.cz\/index.php\/wp-json\/wp\/v2\/types\/post"}],"author":[{"embeddable":true,"href":"https:\/\/www.automakersnews.cz\/index.php\/wp-json\/wp\/v2\/users\/1"}],"replies":[{"embeddable":true,"href":"https:\/\/www.automakersnews.cz\/index.php\/wp-json\/wp\/v2\/comments?post=58483"}],"version-history":[{"count":0,"href":"https:\/\/www.automakersnews.cz\/index.php\/wp-json\/wp\/v2\/posts\/58483\/revisions"}],"wp:featuredmedia":[{"embeddable":true,"href":"https:\/\/www.automakersnews.cz\/index.php\/wp-json\/wp\/v2\/media\/58515"}],"wp:attachment":[{"href":"https:\/\/www.automakersnews.cz\/index.php\/wp-json\/wp\/v2\/media?parent=58483"}],"wp:term":[{"taxonomy":"category","embeddable":true,"href":"https:\/\/www.automakersnews.cz\/index.php\/wp-json\/wp\/v2\/categories?post=58483"},{"taxonomy":"post_tag","embeddable":true,"href":"https:\/\/www.automakersnews.cz\/index.php\/wp-json\/wp\/v2\/tags?post=58483"}],"curies":[{"name":"wp","href":"https:\/\/api.w.org\/{rel}","templated":true}]}}