{"id":59,"date":"2022-01-04T09:53:01","date_gmt":"2022-01-04T09:53:01","guid":{"rendered":"http:\/\/www.automakersnews.cz\/?p=59"},"modified":"2022-01-04T09:53:01","modified_gmt":"2022-01-04T09:53:01","slug":"zlaty-volant-nominace-ankety-v-lednu","status":"publish","type":"post","link":"https:\/\/www.automakersnews.cz\/index.php\/2022\/01\/04\/zlaty-volant-nominace-ankety-v-lednu\/","title":{"rendered":"Zlat\u00fd volant: nominace ankety v lednu"},"content":{"rendered":"<p><strong>I p\u0159es nep\u0159\u00edznivou epidemiologickou situaci b\u011b\u017e\u00ed p\u0159\u00edpravy na 45. ro\u010dn\u00edk tradi\u010dn\u00ed ankety Zlat\u00fd volant na pln\u00e9 obr\u00e1tky. T\u011b\u017eko p\u0159edv\u00eddateln\u00fd v\u00fdvoj epidemie coronaviru a souvisej\u00edc\u00edch opat\u0159en\u00ed nicm\u00e9n\u011b ovliv\u0148uj\u00ed i pl\u00e1nov\u00e1n\u00ed cel\u00e9 akce. Z toho d\u016fvodu se organiz\u00e1tor rozhodl, \u017ee ozn\u00e1men\u00ed nominovan\u00fdch jezdc\u016f se uskute\u010dn\u00ed v pr\u016fb\u011bhu ledna 2022.<\/strong><span id=\"more-147222\"><\/span><!--more--><\/p>\n<p>Tradi\u010dn\u00ed motoristick\u00e1 anketa Zlat\u00fd volant, v r\u00e1mci kter\u00e9 jsou ka\u017edoro\u010dn\u011b ocen\u011bni nejlep\u0161\u00ed \u010de\u0161t\u00ed z\u00e1vodn\u00edci a motoristick\u00e9 po\u010diny se uskute\u010dn\u00ed ji\u017e po p\u011bta\u010dty\u0159ic\u00e1t\u00e9. Vedle cen pro nejlep\u0161\u00ed \u010desk\u00e9 jezdce dost\u00e1vaj\u00ed ocen\u011bn\u00ed za celo\u017eivotn\u00ed p\u0159\u00ednos motorsportu i zahrani\u010dn\u00ed hv\u011bzdy. V minulosti si tak pro ocen\u011bn\u00ed do Prahy p\u0159ijeli jezdci jako Robert Kubica, Mick Doohan, David Coulthard, Michael Schumacher a \u0159ada dal\u0161\u00edch.<\/p>\n<p>Ozn\u00e1men\u00ed nominac\u00ed v 45. ro\u010dn\u00edku ankety Zlat\u00fd volant se uskute\u010dn\u00ed v pr\u016fb\u011bhu ledna 2022, kdy prob\u011bhne i ofici\u00e1ln\u00ed tiskov\u00e1 konference, na kter\u00e9 po\u0159adatel\u00e9 odtajn\u00ed tak\u00e9 jm\u00e9na hlavn\u00edch zahrani\u010dn\u00edch hv\u011bzd. Samotn\u00e9 p\u0159ed\u00e1v\u00e1n\u00ed cen pak prob\u011bhne b\u011bhem pl\u00e1novan\u00e9ho slavnostn\u00edho galave\u010dera na konci \u00fanora.<\/p>\n<p>O nominac\u00edch do ankety rozhoduje odborn\u00e1 porota slo\u017een\u00e1 z p\u0159edn\u00edch \u010desk\u00fdch novin\u00e1\u0159\u016f a nez\u00e1visl\u00fdch odborn\u00edk\u016f z oblasti motorsportu. O v\u00edt\u011bz\u00edch pak hlasuj\u00ed nejen porotci, ale i \u0161irok\u00e1 ve\u0159ejnost, kter\u00e1 bude moci hlasovat na ofici\u00e1ln\u00edch str\u00e1nk\u00e1ch ankety.<\/p>\n<p>Sou\u010d\u00e1st\u00ed Zlat\u00e9ho volantu je i anketa Zlat\u00e1 \u0159\u00edd\u00edtka o nejlep\u0161\u00edho motocyklov\u00e9ho z\u00e1vodn\u00edka a Zlat\u00e9 oko, kter\u00e1 odm\u011b\u0148uje nejlep\u0161\u00ed motoristick\u00fd sn\u00edmek dan\u00e9 sezony. Po\u0159adatel\u00e9 nezapom\u00ednaj\u00ed ani na \u017eeny, nejlep\u0161\u00ed z\u00e1vodnice p\u0159eb\u00edr\u00e1 Cenu Eli\u0161ky Junkov\u00e9.<\/p>\n","protected":false},"excerpt":{"rendered":"<div class=\"mh-excerpt\"><p>I p\u0159es nep\u0159\u00edznivou epidemiologickou situaci b\u011b\u017e\u00ed p\u0159\u00edpravy na 45. ro\u010dn\u00edk tradi\u010dn\u00ed ankety Zlat\u00fd volant na pln\u00e9 obr\u00e1tky. T\u011b\u017eko p\u0159edv\u00eddateln\u00fd v\u00fdvoj epidemie coronaviru a souvisej\u00edc\u00edch opat\u0159en\u00ed <a class=\"mh-excerpt-more\" href=\"https:\/\/www.automakersnews.cz\/index.php\/2022\/01\/04\/zlaty-volant-nominace-ankety-v-lednu\/\" title=\"Zlat\u00fd volant: nominace ankety v lednu\">[&#8230;]<\/a><\/p>\n<\/div>","protected":false},"author":1,"featured_media":60,"comment_status":"open","ping_status":"open","sticky":false,"template":"","format":"standard","meta":{"footnotes":""},"categories":[7],"tags":[],"class_list":["post-59","post","type-post","status-publish","format-standard","has-post-thumbnail","hentry","category-ankety"],"_links":{"self":[{"href":"https:\/\/www.automakersnews.cz\/index.php\/wp-json\/wp\/v2\/posts\/59","targetHints":{"allow":["GET"]}}],"collection":[{"href":"https:\/\/www.automakersnews.cz\/index.php\/wp-json\/wp\/v2\/posts"}],"about":[{"href":"https:\/\/www.automakersnews.cz\/index.php\/wp-json\/wp\/v2\/types\/post"}],"author":[{"embeddable":true,"href":"https:\/\/www.automakersnews.cz\/index.php\/wp-json\/wp\/v2\/users\/1"}],"replies":[{"embeddable":true,"href":"https:\/\/www.automakersnews.cz\/index.php\/wp-json\/wp\/v2\/comments?post=59"}],"version-history":[{"count":0,"href":"https:\/\/www.automakersnews.cz\/index.php\/wp-json\/wp\/v2\/posts\/59\/revisions"}],"wp:featuredmedia":[{"embeddable":true,"href":"https:\/\/www.automakersnews.cz\/index.php\/wp-json\/wp\/v2\/media\/60"}],"wp:attachment":[{"href":"https:\/\/www.automakersnews.cz\/index.php\/wp-json\/wp\/v2\/media?parent=59"}],"wp:term":[{"taxonomy":"category","embeddable":true,"href":"https:\/\/www.automakersnews.cz\/index.php\/wp-json\/wp\/v2\/categories?post=59"},{"taxonomy":"post_tag","embeddable":true,"href":"https:\/\/www.automakersnews.cz\/index.php\/wp-json\/wp\/v2\/tags?post=59"}],"curies":[{"name":"wp","href":"https:\/\/api.w.org\/{rel}","templated":true}]}}