{"id":59178,"date":"2023-06-26T11:58:13","date_gmt":"2023-06-26T11:58:13","guid":{"rendered":"https:\/\/www.automakersnews.cz\/?p=59178"},"modified":"2023-06-26T12:06:41","modified_gmt":"2023-06-26T12:06:41","slug":"valeo-investuje-do-rozsireni-vyroby-v-cr","status":"publish","type":"post","link":"https:\/\/www.automakersnews.cz\/index.php\/2023\/06\/26\/valeo-investuje-do-rozsireni-vyroby-v-cr\/","title":{"rendered":"Valeo investuje do roz\u0161\u00ed\u0159en\u00ed v\u00fdroby v \u010cR"},"content":{"rendered":"<p><strong>Valeo roz\u0161i\u0159uje sv\u00e9 p\u016fsoben\u00ed v \u010cesk\u00e9 republice investic\u00ed do sv\u00fdch v\u00fdrobn\u00edch z\u00e1vod\u016f v \u017debr\u00e1ku a Rakovn\u00edku. Reaguje tak na rostouc\u00ed popt\u00e1vku automobilek po sv\u00fdch produktech na chlazen\u00ed bateri\u00ed a po senzorech pro asisten\u010dn\u00ed syst\u00e9my.<\/strong><!--more--><\/p>\n<p>Nov\u00e9 budovy budou otev\u0159eny v posledn\u00edm \u010dtvrtlet\u00ed 2023. V\u00fdkon elektromobil\u016f, zejm\u00e9na s ohledem na jejich dojezd, siln\u011b z\u00e1vis\u00ed na bateri\u00edch, kter\u00e9 jsou vysoce citliv\u00e9 na zm\u011bny teploty.<\/p>\n<p>Rychl\u00e9 nab\u00edjen\u00ed generuje v\u00edce tepla ne\u017e standardn\u00ed nab\u00edjen\u00ed a m\u016f\u017ee zvl\u00e1\u0161t\u011b zkr\u00e1tit \u017eivotnost bateri\u00ed, pokud nejsou spr\u00e1vn\u011b chlazen\u00e9. Pro optim\u00e1ln\u00ed \u017eivotnost a v\u00fdkon mus\u00ed b\u00fdt teplota bateri\u00ed udr\u017eov\u00e1na mezi 15 \u00b0C a 45 \u00b0C a to rovnom\u011brn\u011b nap\u0159\u00ed\u010d \u010dl\u00e1nky.<\/p>\n<p>Valeo je sv\u011btov\u00fdm l\u00eddrem v syst\u00e9mech tepeln\u00e9ho managementu pro auta. Ka\u017ed\u00fd t\u0159et\u00ed elektromobil po cel\u00e9m sv\u011bt\u011b je vybaveno technologi\u00ed Valeo pro chlazen\u00ed bateri\u00ed. D\u00edky konstruk\u010dn\u00edmu \u0159e\u0161en\u00ed Valeo maj\u00ed kapalinov\u00e9 kan\u00e1ly vynikaj\u00edc\u00ed kontakt s \u010dl\u00e1nky baterie, \u010d\u00edm\u017e zaji\u0161\u0165uj\u00ed homogenn\u00ed teplotu mezi \u010dl\u00e1nky.<\/p>\n<p>Pro uspokojen\u00ed rostouc\u00ed popt\u00e1vky se v\u00fdrobn\u00ed plocha tov\u00e1rny v \u017debr\u00e1ku rozroste o 50 %. Na nov\u00fdch v\u00fdrobn\u00edch link\u00e1ch se bude ro\u010dn\u011b vyr\u00e1b\u011bt p\u0159es 260 000 modul\u016f chlazen\u00ed bateri\u00ed \u2013 kl\u00ed\u010dov\u00fdch komponent pro elektromobily.<\/p>\n<p><img loading=\"lazy\" decoding=\"async\" class=\"alignnone size-large wp-image-59183\" src=\"http:\/\/www.automakersnews.cz\/wp-content\/uploads\/2023\/06\/Valeo_Rakovnik-generalni-reditel-Jakub-Drahorad-s-tymem-a-symbolicky-zakladni-kamen-rozsireni-1024x683.jpg\" alt=\"\" width=\"1024\" height=\"683\" \/><\/p>\n<p><strong>Rakovnik: gener\u00e1ln\u00ed \u0159editel Jakub Drahor\u00e1d s t\u00fdmem klade symbolick\u00fd z\u00e1kladn\u00ed k\u00e1men<\/strong><\/p>\n<p>Valeo stoj\u00ed i v \u010dele revoluce autonomn\u00edho \u0159\u00edzen\u00ed: hodnota objedn\u00e1vek na produkty ADAS (pokro\u010dil\u00e9 asisten\u010dn\u00ed syst\u00e9my \u0159idi\u010de) se v roce 2022 ztrojn\u00e1sobila a ka\u017ed\u00e9 t\u0159et\u00ed vozidlo vyroben\u00e9 po cel\u00e9m sv\u011bt\u011b je vybaveno pokro\u010dil\u00fdmi asisten\u010dn\u00edmi syst\u00e9my a senzory od Valeo.<\/p>\n<p>V Rakovn\u00edku umo\u017en\u00ed nov\u00e1 investice skupin\u011b Valeo nastartovat v\u00fdrobu kamer pro syst\u00e9my sledov\u00e1n\u00ed bd\u011blosti \u0159idi\u010de (driver monitoring system), \u0159\u00edd\u00edc\u00edch jednotek pro asisten\u010dn\u00ed syst\u00e9my a zv\u00fd\u0161it objem v\u00fdroby ultrazvukov\u00fdch senzor\u016f pro automatick\u00e9 parkov\u00e1n\u00ed. Krom\u011b t\u011bchto nov\u00fdch mont\u00e1\u017en\u00edch linek bude nav\u00fd\u0161ena i kapacita vlastn\u00ed v\u00fdroby desek plo\u0161n\u00fdch spoj\u016f (PCB) do kamer a senzor\u016f o deset nov\u00fdch pln\u011b automatizovan\u00fdch SMT stroj\u016f.<\/p>\n<p>Valeo p\u016fsob\u00ed v \u010cesk\u00e9 republice od roku 1995, kdy otev\u0159elo prvn\u00ed pobo\u010dku v Rakovn\u00edku. Od t\u00e9 doby postavilo dal\u0161\u00ed \u010dty\u0159i z\u00e1vody: \u017debr\u00e1k v roce 2001, Humpolec v roce 2002, Podbo\u0159any v roce 2005 a druhou tov\u00e1rnu v Rakovn\u00edku v roce 2019.<\/p>\n<p><img loading=\"lazy\" decoding=\"async\" class=\"alignnone size-large wp-image-59182\" src=\"http:\/\/www.automakersnews.cz\/wp-content\/uploads\/2023\/06\/Valeo_Rakovnik-stavajici-linky-na-vyrobu-plosnych-spoju-1024x562.png\" alt=\"\" width=\"1024\" height=\"562\" \/><\/p>\n<p>Z\u00e1vody vyr\u00e1b\u011bj\u00ed syst\u00e9my chlazen\u00ed a klimatizace, v\u010detn\u011b \u0159e\u0161en\u00ednejnov\u011bj\u0161\u00ed generace pro elektromobily, p\u0159edn\u00ed masky, komponenty pro hnac\u00ed \u00fastroj\u00ed a asisten\u010dn\u00ed syst\u00e9my \u0159\u00edzen\u00ed, v\u010detn\u011b senzor\u016f a kamer. V\u00fdzkumn\u00e9 a v\u00fdvojov\u00e9 centrum v Praze zalo\u017een\u00e9 v roce 2002 v sou\u010dasnosti zam\u011bstn\u00e1v\u00e1 750 lid\u00ed. Dnes je Valeo jedn\u00edm z nejv\u011bt\u0161\u00edch zam\u011bstnavatel\u016f v automobilov\u00e9m pr\u016fmyslu v \u010cesk\u00e9 republice s t\u00e9m\u011b\u0159 4 500 zam\u011bstnanci na sv\u00fdch \u0161esti pobo\u010dk\u00e1ch.<\/p>\n","protected":false},"excerpt":{"rendered":"<div class=\"mh-excerpt\"><p>Valeo roz\u0161i\u0159uje sv\u00e9 p\u016fsoben\u00ed v \u010cesk\u00e9 republice investic\u00ed do sv\u00fdch v\u00fdrobn\u00edch z\u00e1vod\u016f v \u017debr\u00e1ku a Rakovn\u00edku. Reaguje tak na rostouc\u00ed popt\u00e1vku automobilek po sv\u00fdch produktech <a class=\"mh-excerpt-more\" href=\"https:\/\/www.automakersnews.cz\/index.php\/2023\/06\/26\/valeo-investuje-do-rozsireni-vyroby-v-cr\/\" title=\"Valeo investuje do roz\u0161\u00ed\u0159en\u00ed v\u00fdroby v \u010cR\">[&#8230;]<\/a><\/p>\n<\/div>","protected":false},"author":1,"featured_media":59179,"comment_status":"open","ping_status":"open","sticky":false,"template":"","format":"standard","meta":{"footnotes":""},"categories":[66,9],"tags":[],"class_list":["post-59178","post","type-post","status-publish","format-standard","has-post-thumbnail","hentry","category-dodavatele","category-investice"],"_links":{"self":[{"href":"https:\/\/www.automakersnews.cz\/index.php\/wp-json\/wp\/v2\/posts\/59178","targetHints":{"allow":["GET"]}}],"collection":[{"href":"https:\/\/www.automakersnews.cz\/index.php\/wp-json\/wp\/v2\/posts"}],"about":[{"href":"https:\/\/www.automakersnews.cz\/index.php\/wp-json\/wp\/v2\/types\/post"}],"author":[{"embeddable":true,"href":"https:\/\/www.automakersnews.cz\/index.php\/wp-json\/wp\/v2\/users\/1"}],"replies":[{"embeddable":true,"href":"https:\/\/www.automakersnews.cz\/index.php\/wp-json\/wp\/v2\/comments?post=59178"}],"version-history":[{"count":0,"href":"https:\/\/www.automakersnews.cz\/index.php\/wp-json\/wp\/v2\/posts\/59178\/revisions"}],"wp:featuredmedia":[{"embeddable":true,"href":"https:\/\/www.automakersnews.cz\/index.php\/wp-json\/wp\/v2\/media\/59179"}],"wp:attachment":[{"href":"https:\/\/www.automakersnews.cz\/index.php\/wp-json\/wp\/v2\/media?parent=59178"}],"wp:term":[{"taxonomy":"category","embeddable":true,"href":"https:\/\/www.automakersnews.cz\/index.php\/wp-json\/wp\/v2\/categories?post=59178"},{"taxonomy":"post_tag","embeddable":true,"href":"https:\/\/www.automakersnews.cz\/index.php\/wp-json\/wp\/v2\/tags?post=59178"}],"curies":[{"name":"wp","href":"https:\/\/api.w.org\/{rel}","templated":true}]}}