{"id":5919,"date":"2022-12-01T10:54:12","date_gmt":"2022-12-01T10:54:12","guid":{"rendered":"https:\/\/www.automakersnews.cz\/?p=5919"},"modified":"2022-12-01T10:58:30","modified_gmt":"2022-12-01T10:58:30","slug":"seznam-cz-propustil-sefredaktora-garaze","status":"publish","type":"post","link":"https:\/\/www.automakersnews.cz\/index.php\/2022\/12\/01\/seznam-cz-propustil-sefredaktora-garaze\/","title":{"rendered":"Seznam.cz propustil \u0161\u00e9fredaktora Gar\u00e1\u017ee"},"content":{"rendered":"<p><strong>Seznam.cz propou\u0161t\u00ed n\u011bkter\u00e9 lidi ze sv\u00fdch redakc\u00ed. Pat\u0159\u00ed k nim \u0161\u00e9fredaktor Gar\u00e1\u017ee.cz Dominik Val\u00e1\u0161ek, kter\u00fd se za\u0159adil od 1. prosince mezi voln\u00e9 novin\u00e1\u0159e. Jak bude pokra\u010dovat jeho profesn\u00ed dr\u00e1ha?<\/strong><!--more--><\/p>\n<p>\u201eKe konci listopadu dojde v\u00a0Seznamu k\u00a0n\u011bkolika person\u00e1ln\u00edm zm\u011bn\u00e1m na vedouc\u00edch pozic\u00edch vybran\u00fdch obsahov\u00fdch slu\u017eeb. C\u00edlem je zjednodu\u0161en\u00ed a\u00a0zp\u0159ehledn\u011bn\u00ed organiza\u010dn\u00ed struktury, a\u00a0z\u00e1rove\u0148 chceme v\u00edce vyt\u011b\u017eit p\u0159irozen\u00e9 propojen\u00ed redakc\u00ed, kter\u00e9 v\u00a0Seznamu m\u00e1me,\u201c zd\u016fvod\u0148uje to mluv\u010d\u00ed Seznamu\u00a0<strong>Aneta Kapuci\u00e1nov\u00e1<\/strong>.<\/p>\n<p>Podle tiskov\u00e9ho odd\u011blen\u00ed Seznamu konkr\u00e9tn\u011b \u201ejde o\u00a0jednoho \u010dlov\u011bka z\u00a0<em><strong>Gar\u00e1\u017e.cz<\/strong><\/em>, jednoho z\u00a0<em><strong>Pro\u017eeny.cz<\/strong><\/em>, dva ze\u00a0<em><strong>Seznam Zpr\u00e1v<\/strong><\/em>\u00a0a\u00a0jednoho z\u00a0r\u00e1dia\u201c.<\/p>\n<p>\u201eRedakce Seznam Zpr\u00e1v m\u00e1 p\u0159ibli\u017en\u011b 80 \u010dlen\u016f a\u00a0person\u00e1ln\u00ed zm\u011bny se dotknou jednotek lid\u00ed. Vedouc\u00ed pozice opou\u0161t\u00ed sp\u00ed\u0161 kolegov\u00e9 z\u00a0jin\u00fdch redakc\u00ed, zejm\u00e9na z\u00a0lifestylov\u00fdch. Konkr\u00e9tn\u011b odch\u00e1z\u00ed\u00a0<a href=\"https:\/\/www.mediar.cz\/v-seznamu-jsou-hanslik-z-novy-a-binarova-z-mafry\/\">\u0161\u00e9fka lifestylu<\/a>\u00a0<strong>Monika Binarov\u00e1<\/strong>\u00a0a\u00a0\u0161\u00e9fredaktor Gar\u00e1\u017e.cz\u00a0<strong>Dominik Val\u00e1\u0161ek<\/strong>,\u201c doplnila. Dal\u0161\u00edm odch\u00e1zej\u00edc\u00edm je\u00a0<a href=\"https:\/\/www.lupa.cz\/aktuality\/seznam-propousti-v-redakci-zpravodajstvi\/\">podle\u00a0<em><strong>Lupy<\/strong><\/em><\/a>\u00a0sportovn\u00ed \u0161\u00e9freport\u00e9r\u00a0<strong>Lud\u011bk M\u00e1dl<\/strong>\u00a0a\u00a0skon\u010d\u00ed extern\u00ed spolupr\u00e1ce s\u00a0<strong>Veronikou Sedl\u00e1\u010dkovou<\/strong>.<\/p>\n<p><strong>Co na to Dominik Val\u00e1\u0161ek, kter\u00fd byl na Seznamu 4,5 roku?<\/strong><\/p>\n<p>&#8222;O ukon\u010den\u00ed spolupr\u00e1ce jsem se dozv\u011bd\u011bl 28. listopadu, byla to rychl\u00e1 akce. D\u016fvodem byly z\u0159ejm\u011b \u00faspory a pl\u00e1novan\u00fd p\u0159echod Gar\u00e1\u017ee na jin\u00fd form\u00e1t v p\u0159\u00ed\u0161t\u00edm roce. D\u00e1l se budu v\u011bnovat psan\u00ed a vedle toho bych se cht\u011bl \u017eivit jako instruktor z\u00e1jemc\u016f o zbrojn\u00ed pr\u016fkaz,&#8220; \u0159ekl na\u0161emu \u010dasopisu Val\u00e1\u0161ek.<\/p>\n","protected":false},"excerpt":{"rendered":"<div class=\"mh-excerpt\"><p>Seznam.cz propou\u0161t\u00ed n\u011bkter\u00e9 lidi ze sv\u00fdch redakc\u00ed. Pat\u0159\u00ed k nim \u0161\u00e9fredaktor Gar\u00e1\u017ee.cz Dominik Val\u00e1\u0161ek, kter\u00fd se za\u0159adil od 1. prosince mezi voln\u00e9 novin\u00e1\u0159e. Jak bude <a class=\"mh-excerpt-more\" href=\"https:\/\/www.automakersnews.cz\/index.php\/2022\/12\/01\/seznam-cz-propustil-sefredaktora-garaze\/\" title=\"Seznam.cz propustil \u0161\u00e9fredaktora Gar\u00e1\u017ee\">[&#8230;]<\/a><\/p>\n<\/div>","protected":false},"author":1,"featured_media":5921,"comment_status":"open","ping_status":"open","sticky":false,"template":"","format":"standard","meta":{"footnotes":""},"categories":[27,2,3],"tags":[],"class_list":["post-5919","post","type-post","status-publish","format-standard","has-post-thumbnail","hentry","category-media","category-news","category-personalie"],"_links":{"self":[{"href":"https:\/\/www.automakersnews.cz\/index.php\/wp-json\/wp\/v2\/posts\/5919","targetHints":{"allow":["GET"]}}],"collection":[{"href":"https:\/\/www.automakersnews.cz\/index.php\/wp-json\/wp\/v2\/posts"}],"about":[{"href":"https:\/\/www.automakersnews.cz\/index.php\/wp-json\/wp\/v2\/types\/post"}],"author":[{"embeddable":true,"href":"https:\/\/www.automakersnews.cz\/index.php\/wp-json\/wp\/v2\/users\/1"}],"replies":[{"embeddable":true,"href":"https:\/\/www.automakersnews.cz\/index.php\/wp-json\/wp\/v2\/comments?post=5919"}],"version-history":[{"count":0,"href":"https:\/\/www.automakersnews.cz\/index.php\/wp-json\/wp\/v2\/posts\/5919\/revisions"}],"wp:featuredmedia":[{"embeddable":true,"href":"https:\/\/www.automakersnews.cz\/index.php\/wp-json\/wp\/v2\/media\/5921"}],"wp:attachment":[{"href":"https:\/\/www.automakersnews.cz\/index.php\/wp-json\/wp\/v2\/media?parent=5919"}],"wp:term":[{"taxonomy":"category","embeddable":true,"href":"https:\/\/www.automakersnews.cz\/index.php\/wp-json\/wp\/v2\/categories?post=5919"},{"taxonomy":"post_tag","embeddable":true,"href":"https:\/\/www.automakersnews.cz\/index.php\/wp-json\/wp\/v2\/tags?post=5919"}],"curies":[{"name":"wp","href":"https:\/\/api.w.org\/{rel}","templated":true}]}}