{"id":59258,"date":"2023-06-27T06:47:26","date_gmt":"2023-06-27T06:47:26","guid":{"rendered":"https:\/\/www.automakersnews.cz\/?p=59258"},"modified":"2023-06-27T06:49:10","modified_gmt":"2023-06-27T06:49:10","slug":"das-weltauto-kadecka-pozval-dealery-do-drazdan","status":"publish","type":"post","link":"https:\/\/www.automakersnews.cz\/index.php\/2023\/06\/27\/das-weltauto-kadecka-pozval-dealery-do-drazdan\/","title":{"rendered":"Das WeltAuto vezlo dealery do Dr\u00e1\u017e\u010fan"},"content":{"rendered":"<p><strong>\u0160\u00e9f divize Das WeltAuto Porsche \u010cesk\u00e1 republika Martin Kade\u010dka pozval z\u00e1stupce autorizovan\u00fdch partnersk\u00fdch m\u00edst a vybran\u00e9 novin\u00e1\u0159e na \u201eBEV Day\u201c do dr\u00e1\u017e\u010fansk\u00e9 tov\u00e1rny Gl\u00e4serne Manufaktur, kde vznikaj\u00ed elektrick\u00e9 vozy Volkswagen ID.3.<\/strong><!--more--><\/p>\n<p>\u201eElektromobily je nutno vn\u00edmat jako ned\u00edlnou sou\u010d\u00e1st na\u0161eho byznysu,\u201c komentuje situaci Martin Kade\u010dka. \u201eProto\u017ee v\u00edme, jak je toto t\u00e9ma d\u016fle\u017eit\u00e9, rozhodli jsme se uspo\u0159\u00e1dat praktickou exkurzi do sv\u011bta elektromobil\u016f pro na\u0161e partnery. \u0158ada z nich toti\u017e s elektromobilem v\u011bt\u0161\u00ed zku\u0161enost nem\u011bla,\u201c dod\u00e1v\u00e1 Kade\u010dka.<\/p>\n<p>Pro cestu do Dr\u00e1\u017e\u010fan byl zvolen ide\u00e1ln\u00ed mix elektromobil\u016f koncernu Volkswagen: od nejdostupn\u011bj\u0161\u00edch model\u016f Volkswagen ID.3 a Cupra Born, p\u0159es rodinn\u00e1 SUV Volkswagen ID.4 a ID.5 GTX s pohonem 4&#215;4 a\u017e po luxusn\u00ed Audi Q8 e-tron s ob\u0159\u00ed bateri\u00ed \u010di extrovertn\u00ed MPV Volkswagen ID.Buzz, za n\u00edm\u017e se ka\u017ed\u00fd zv\u011bdav\u011b oto\u010d\u00ed.<\/p>\n<p>\u201eNejd\u016fle\u017eit\u011bj\u0161\u00ed je prolomen\u00ed bari\u00e9r mezi sv\u011btem spalovac\u00edch a elektrick\u00fdch aut. Jakmile n\u011bkdo elektromobil vyzkou\u0161\u00ed, n\u00e1vrat do jeho spalovac\u00edho auta mu pak p\u0159ijde jako krok do minulosti,\u201c vysv\u011btluje Martin Kade\u010dka.<\/p>\n<p>\u201eOsobn\u011b jsem byl zvykl\u00fd na klasick\u00e9 slu\u017eebn\u00ed vozy jako Volkswagen Arteon \u010di Tiguan. Jak jsem ale dostal mo\u017enost p\u0159esednout do aktu\u00e1ln\u00edho Volkswagenu ID.5 GTX s pohonem v\u0161ech kol, nevid\u00edm d\u016fvod k n\u00e1vratu do sv\u011bta spalovac\u00edch aut. Re\u00e1ln\u00fd dojezd mezi 400-500 km m\u011b nijak nelimituje a za volantem elektromobilu se \u010dlov\u011bk sv\u00fdm zp\u016fsobem uklidn\u00ed,\u201c \u0159\u00edk\u00e1 M. Kade\u010dka.<\/p>\n<p><img loading=\"lazy\" decoding=\"async\" class=\"alignnone wp-image-59260\" src=\"http:\/\/www.automakersnews.cz\/wp-content\/uploads\/2023\/06\/03-exterier-2-300x178.jpg\" alt=\"\" width=\"890\" height=\"528\" srcset=\"https:\/\/www.automakersnews.cz\/wp-content\/uploads\/2023\/06\/03-exterier-2-300x178.jpg 300w, https:\/\/www.automakersnews.cz\/wp-content\/uploads\/2023\/06\/03-exterier-2-1024x608.jpg 1024w, https:\/\/www.automakersnews.cz\/wp-content\/uploads\/2023\/06\/03-exterier-2-768x456.jpg 768w, https:\/\/www.automakersnews.cz\/wp-content\/uploads\/2023\/06\/03-exterier-2-1536x912.jpg 1536w, https:\/\/www.automakersnews.cz\/wp-content\/uploads\/2023\/06\/03-exterier-2-2048x1216.jpg 2048w\" sizes=\"auto, (max-width: 890px) 100vw, 890px\" \/><\/p>\n<p>Podobn\u00e9 dojmy z p\u0159\u00edtomn\u00fdch elektromobil\u016f m\u011bli tak\u00e9 prodejci, zastupuj\u00edc\u00ed partnery Auto Jarov, Auto Strakonice, Louda Auto, Olfin Car, Autocentrum Jan \u0160mucler nebo Amond. A nad\u0161en\u00ed pokra\u010dovalo i p\u0159i 75minutov\u00e9 exkurzi Gl\u00e4serne Manufaktur, tedy Sklen\u011bn\u00e9 tov\u00e1rny v Dr\u00e1\u017e\u010fanech, kde se aktu\u00e1ln\u011b kompletuj\u00ed elektromobily Volkswagen ID.3. Proces v\u00fdroby jako by reflektoval relaxovan\u00fd zp\u016fsob j\u00edzdy s BEV.<\/p>\n<p>\u201eM\u00edsto typick\u00e9ho v\u00fdrobn\u00edho taktu kolem jedn\u00e9 minuty je zde takt produkce 13minutov\u00fd, denn\u011b je zde kompletov\u00e1no jen 38 voz\u016f ID.3. Nesetk\u00e1te se zde s hlukem, z\u00e1pachem z lak\u016f \u010di sva\u0159ov\u00e1n\u00ed, tohle je absolutn\u011b \u010dist\u00e1 pr\u00e1ce. Mont\u00e1\u017en\u00ed d\u011bln\u00edci se zde pohybuj\u00ed v b\u00edl\u00fdch pracovn\u00edch od\u011bvech po d\u0159ev\u011bn\u00e9 podlaze,\u201c dokumentuje Martin Kade\u010dka z\u00e1\u017eitek z tak trochu jin\u00e9 v\u00fdroby elektromobil\u016f.<\/p>\n<p>Sklen\u011bn\u00e1 manufaktura p\u0159itom p\u016fvodn\u011b vznikla v roce 2001 jako v\u00fdkladn\u00ed sk\u0159\u00ed\u0148 v\u00fdrobn\u00edho umu automobilky Volkswagen, demonstrovan\u00e9m na luxusn\u00edm modelu Phaeton. Cel\u00fd are\u00e1l nedaleko centra Dr\u00e1\u017e\u010fan pak slou\u017e\u00ed i jako p\u0159ed\u00e1vac\u00ed m\u00edsto pro z\u00e1kazn\u00edky \u2013 v p\u0159\u00edpad\u011b z\u00e1jmu lze sv\u016fj nov\u00fd Volkswagen s n\u00e1le\u017eitou show p\u0159evz\u00edt pr\u00e1v\u011b zde (plat\u00ed pro vozy objednan\u00e9 v N\u011bmecku).<\/p>\n<p>Pro model ID.3 si z\u00e1kazn\u00edk m\u016f\u017ee zvolit mezi \u201estandardem\u201c ve v\u00fdrobn\u00edm z\u00e1vod\u011b ve Zwickau nebo \u201ez\u00e1\u017eitkem p\u0159i v\u00fdrob\u011b sv\u00e9ho vozu\u201c pr\u00e1v\u011b zde, v prosklen\u00e9 tov\u00e1rn\u011b v Dr\u00e1\u017e\u010fanech. A jako spr\u00e1vn\u00fd BEV point i zde nechyb\u00ed rychl\u00e9 nab\u00edje\u010dky. Jejich po\u010det 36 v pohod\u011b uspokoj\u00ed n\u00e1v\u0161t\u011bvn\u00edky. \u201eElektromobil mus\u00edte nab\u00edjet tehdy, kdy\u017e ho nepou\u017e\u00edv\u00e1te \u2013 t\u0159eba te\u010f, kdy\u017e absolvujete exkurzi. Zp\u011bt do Prahy pak m\u016f\u017eeme vyrazit s pln\u011b nabit\u00fdmi bateriemi, tak\u017ee n\u00e1s ani n\u011bmeck\u00e1 d\u00e1lnice nelimituje v tom, abychom si vyzkou\u0161eli maxim\u00e1ln\u00ed rychlost 180 km\/h, kterou zvl\u00e1dne na\u0161e ID.5 GTX,\u201c rekapituluje M. Kade\u010dka.<\/p>\n<p>C\u00edlem samotn\u00e9 akce bylo nejen poznat Home of ID, ale p\u0159edev\u0161\u00edm mo\u017enost vyzkou\u0161en\u00ed si elektrick\u00fdch vozidel v r\u016fzn\u00fdch re\u017eimech j\u00edzdy. Z tohoto d\u016fvodu byla trasa sm\u011br Dr\u00e1\u017e\u010fany pl\u00e1novan\u00e1 sp\u00ed\u0161e po okresn\u00edch silnic\u00edch a n\u00e1vrat dom\u016f pak pos\u00e1dky absolvovaly s nabit\u00fdmi vozy pouze v d\u00e1lni\u010dn\u00edm provozu.<\/p>\n<p>\u201eO\u010dek\u00e1v\u00e1n\u00ed na\u0161ich prodejn\u00edch partner\u016f bylo t\u00edmto napln\u011bno, o \u010dem\u017e sv\u011bd\u010dila i jejich pozitivn\u00ed zp\u011btn\u00e1 vazba po zaparkov\u00e1n\u00ed vozidel zp\u011bt v s\u00eddle Das WeltAuto v Praze-Butovic\u00edch. Z toho m\u00e1m nejen j\u00e1, ale cel\u00fd n\u00e1\u0161 t\u00fdm Das WeltAuto up\u0159\u00edmnou radost a budeme velice r\u00e1di, pokud se n\u00e1m na podzim povede tento BEV experiance day zopakovat s dal\u0161\u00edmi kolegy z prodejn\u00ed s\u00edt\u011b.\u201c zakon\u010duje Martin Kade\u010dka.<\/p>\n<p><img loading=\"lazy\" decoding=\"async\" class=\"alignnone wp-image-59261\" src=\"http:\/\/www.automakersnews.cz\/wp-content\/uploads\/2023\/06\/02-nabijeni-3-300x180.jpg\" alt=\"\" width=\"923\" height=\"554\" srcset=\"https:\/\/www.automakersnews.cz\/wp-content\/uploads\/2023\/06\/02-nabijeni-3-300x180.jpg 300w, https:\/\/www.automakersnews.cz\/wp-content\/uploads\/2023\/06\/02-nabijeni-3-1024x614.jpg 1024w, https:\/\/www.automakersnews.cz\/wp-content\/uploads\/2023\/06\/02-nabijeni-3-768x461.jpg 768w, https:\/\/www.automakersnews.cz\/wp-content\/uploads\/2023\/06\/02-nabijeni-3-1536x921.jpg 1536w, https:\/\/www.automakersnews.cz\/wp-content\/uploads\/2023\/06\/02-nabijeni-3-2048x1229.jpg 2048w\" sizes=\"auto, (max-width: 923px) 100vw, 923px\" \/><\/p>\n","protected":false},"excerpt":{"rendered":"<div class=\"mh-excerpt\"><p>\u0160\u00e9f divize Das WeltAuto Porsche \u010cesk\u00e1 republika Martin Kade\u010dka pozval z\u00e1stupce autorizovan\u00fdch partnersk\u00fdch m\u00edst a vybran\u00e9 novin\u00e1\u0159e na \u201eBEV Day\u201c do dr\u00e1\u017e\u010fansk\u00e9 tov\u00e1rny Gl\u00e4serne Manufaktur, <a class=\"mh-excerpt-more\" href=\"https:\/\/www.automakersnews.cz\/index.php\/2023\/06\/27\/das-weltauto-kadecka-pozval-dealery-do-drazdan\/\" title=\"Das WeltAuto vezlo dealery do Dr\u00e1\u017e\u010fan\">[&#8230;]<\/a><\/p>\n<\/div>","protected":false},"author":4,"featured_media":59263,"comment_status":"open","ping_status":"open","sticky":false,"template":"","format":"standard","meta":{"footnotes":""},"categories":[40,22],"tags":[],"class_list":["post-59258","post","type-post","status-publish","format-standard","has-post-thumbnail","hentry","category-bazary","category-elektromobily"],"_links":{"self":[{"href":"https:\/\/www.automakersnews.cz\/index.php\/wp-json\/wp\/v2\/posts\/59258","targetHints":{"allow":["GET"]}}],"collection":[{"href":"https:\/\/www.automakersnews.cz\/index.php\/wp-json\/wp\/v2\/posts"}],"about":[{"href":"https:\/\/www.automakersnews.cz\/index.php\/wp-json\/wp\/v2\/types\/post"}],"author":[{"embeddable":true,"href":"https:\/\/www.automakersnews.cz\/index.php\/wp-json\/wp\/v2\/users\/4"}],"replies":[{"embeddable":true,"href":"https:\/\/www.automakersnews.cz\/index.php\/wp-json\/wp\/v2\/comments?post=59258"}],"version-history":[{"count":0,"href":"https:\/\/www.automakersnews.cz\/index.php\/wp-json\/wp\/v2\/posts\/59258\/revisions"}],"wp:featuredmedia":[{"embeddable":true,"href":"https:\/\/www.automakersnews.cz\/index.php\/wp-json\/wp\/v2\/media\/59263"}],"wp:attachment":[{"href":"https:\/\/www.automakersnews.cz\/index.php\/wp-json\/wp\/v2\/media?parent=59258"}],"wp:term":[{"taxonomy":"category","embeddable":true,"href":"https:\/\/www.automakersnews.cz\/index.php\/wp-json\/wp\/v2\/categories?post=59258"},{"taxonomy":"post_tag","embeddable":true,"href":"https:\/\/www.automakersnews.cz\/index.php\/wp-json\/wp\/v2\/tags?post=59258"}],"curies":[{"name":"wp","href":"https:\/\/api.w.org\/{rel}","templated":true}]}}