{"id":59271,"date":"2023-06-27T07:31:30","date_gmt":"2023-06-27T07:31:30","guid":{"rendered":"https:\/\/www.automakersnews.cz\/?p=59271"},"modified":"2023-06-27T07:31:30","modified_gmt":"2023-06-27T07:31:30","slug":"porsche-slavilo-75-let-v-cr-galavecerem","status":"publish","type":"post","link":"https:\/\/www.automakersnews.cz\/index.php\/2023\/06\/27\/porsche-slavilo-75-let-v-cr-galavecerem\/","title":{"rendered":"Porsche slavilo 75 let v \u010cR galave\u010derem"},"content":{"rendered":"<p><strong>Sedmdes\u00e1t p\u011bt let sportovn\u00edch voz\u016f Porsche si \u017e\u00e1d\u00e1 oslavu. Import\u00e9r voz\u016f Porsche tak pozval hosty na cestu za z\u00e1\u017eitky, jimi\u017e si p\u0159ipomenuli zalo\u017een\u00ed automobilky v roce 1948. <\/strong><!--more--><\/p>\n<p>Cel\u00fd ve\u010der prov\u00e1zela v\u00fdstava m\u00f3dn\u00edch n\u00e1vrh\u016f od student\u016f UMPRUM, inspirovan\u00fdch sv\u011btem Porsche, s vrcholem v podob\u011b dra\u017eby origin\u00e1ln\u00edho outfitu, vytvo\u0159en\u00e9ho \u010dty\u0159mi \u010desk\u00fdmi design\u00e9rkami v r\u00e1mci pokra\u010duj\u00edc\u00edho projektu #MyLifeWithPorsche s podporou Vogue CS.<\/p>\n<p>\u201eNemohl jsem naj\u00edt sportovn\u00ed auto sv\u00fdch sn\u016f, tak jsem si ho postavil s\u00e1m, \u0159ekl kdysi Ferry Porsche, \u010desk\u00fd rod\u00e1k. A tak n\u011bjak p\u0159ed 75 lety vznikla zna\u010dka Porsche. Dnes jsme tady, abychom v\u00fdro\u010d\u00ed oslavili,\u201c \u0159\u00edk\u00e1 Jan Sedl\u00e1\u010dek, v\u00fdkonn\u00fd \u0159editel importu automobil\u016f Porsche ze spole\u010dnosti Porsche Inter Auto CZ.<\/p>\n<p>\u201ePorsche vn\u00edm\u00e1me nejen jako sportovn\u00ed auto, ale i jako um\u011bleck\u00e9 d\u00edlo, z\u00e1\u017eitek. A proto jsme se rozhodli podpo\u0159it mlad\u00e9 \u010desk\u00e9 um\u011blce, kte\u0159\u00ed prezentuj\u00ed sv\u00e9 pr\u00e1ce inspirovan\u00e9 sv\u011btem Porsche pr\u00e1v\u011b zde v UMPRUM,\u201c dodal Sedl\u00e1\u010dek.<\/p>\n<p><img loading=\"lazy\" decoding=\"async\" class=\"alignnone wp-image-59305\" src=\"http:\/\/www.automakersnews.cz\/wp-content\/uploads\/2023\/06\/porsche-75-let-3-1-300x200.jpeg\" alt=\"\" width=\"932\" height=\"621\" srcset=\"https:\/\/www.automakersnews.cz\/wp-content\/uploads\/2023\/06\/porsche-75-let-3-1-300x200.jpeg 300w, https:\/\/www.automakersnews.cz\/wp-content\/uploads\/2023\/06\/porsche-75-let-3-1-768x512.jpeg 768w, https:\/\/www.automakersnews.cz\/wp-content\/uploads\/2023\/06\/porsche-75-let-3-1.jpeg 1000w\" sizes=\"auto, (max-width: 932px) 100vw, 932px\" \/><\/p>\n<p><b>Porsche a Vogue CS pokra\u010duje ve spolupr\u00e1ci projektem #MyLifeWithPorsche<\/b><br \/>\nDo oslav 75. v\u00fdro\u010d\u00ed zna\u010dky Porsche byl zapojen projekt #MyLifeWithPorsche, kter\u00fd se ji\u017e druh\u00fdm rokem objevuje na platform\u00e1ch Vogue CS a propojuje sv\u011bt Porsche se sv\u011btem \u017een. Letos se v r\u00e1mci projektu p\u0159edstavuj\u00ed p\u0159\u00edb\u011bhy a d\u00edla \u010dty\u0159 mlad\u00fdch design\u00e9rek, kter\u00fdmi jsou: \u0161perka\u0159ka Janja Proki\u010d, m\u00f3dn\u00ed n\u00e1vrh\u00e1\u0159ka Zuzana Kub\u00ed\u010dkov\u00e1, design\u00e9rka Alex Monhart a Monika Krobov\u00e1, kter\u00e1 spole\u010dn\u011b s Miro Sabe, vede katedru M\u00f3dn\u00ed tvorby na UMPRUM.<\/p>\n<p>V\u00fdsledek jejich spole\u010dn\u00e9 pr\u00e1ce, outfit reflektuj\u00edc\u00ed 75 let historie Porsche, se p\u0159edstavil na slavnostn\u00edm ve\u010deru a ve fin\u00e1le byl dohromady vydra\u017een za 360 000 korun. Tato \u010d\u00e1stka bude v\u011bnov\u00e1na nadaci Be Charity.<\/p>\n<p><img loading=\"lazy\" decoding=\"async\" class=\"alignnone wp-image-59306\" src=\"http:\/\/www.automakersnews.cz\/wp-content\/uploads\/2023\/06\/porxche-75-let-4-300x200.jpeg\" alt=\"\" width=\"915\" height=\"610\" srcset=\"https:\/\/www.automakersnews.cz\/wp-content\/uploads\/2023\/06\/porxche-75-let-4-300x200.jpeg 300w, https:\/\/www.automakersnews.cz\/wp-content\/uploads\/2023\/06\/porxche-75-let-4-768x512.jpeg 768w, https:\/\/www.automakersnews.cz\/wp-content\/uploads\/2023\/06\/porxche-75-let-4.jpeg 1000w\" sizes=\"auto, (max-width: 915px) 100vw, 915px\" \/><\/p>\n","protected":false},"excerpt":{"rendered":"<div class=\"mh-excerpt\"><p>Sedmdes\u00e1t p\u011bt let sportovn\u00edch voz\u016f Porsche si \u017e\u00e1d\u00e1 oslavu. Import\u00e9r voz\u016f Porsche tak pozval hosty na cestu za z\u00e1\u017eitky, jimi\u017e si p\u0159ipomenuli zalo\u017een\u00ed automobilky v <a class=\"mh-excerpt-more\" href=\"https:\/\/www.automakersnews.cz\/index.php\/2023\/06\/27\/porsche-slavilo-75-let-v-cr-galavecerem\/\" title=\"Porsche slavilo 75 let v \u010cR galave\u010derem\">[&#8230;]<\/a><\/p>\n<\/div>","protected":false},"author":4,"featured_media":59303,"comment_status":"open","ping_status":"open","sticky":false,"template":"","format":"standard","meta":{"footnotes":""},"categories":[23],"tags":[],"class_list":["post-59271","post","type-post","status-publish","format-standard","has-post-thumbnail","hentry","category-vyroci"],"_links":{"self":[{"href":"https:\/\/www.automakersnews.cz\/index.php\/wp-json\/wp\/v2\/posts\/59271","targetHints":{"allow":["GET"]}}],"collection":[{"href":"https:\/\/www.automakersnews.cz\/index.php\/wp-json\/wp\/v2\/posts"}],"about":[{"href":"https:\/\/www.automakersnews.cz\/index.php\/wp-json\/wp\/v2\/types\/post"}],"author":[{"embeddable":true,"href":"https:\/\/www.automakersnews.cz\/index.php\/wp-json\/wp\/v2\/users\/4"}],"replies":[{"embeddable":true,"href":"https:\/\/www.automakersnews.cz\/index.php\/wp-json\/wp\/v2\/comments?post=59271"}],"version-history":[{"count":0,"href":"https:\/\/www.automakersnews.cz\/index.php\/wp-json\/wp\/v2\/posts\/59271\/revisions"}],"wp:featuredmedia":[{"embeddable":true,"href":"https:\/\/www.automakersnews.cz\/index.php\/wp-json\/wp\/v2\/media\/59303"}],"wp:attachment":[{"href":"https:\/\/www.automakersnews.cz\/index.php\/wp-json\/wp\/v2\/media?parent=59271"}],"wp:term":[{"taxonomy":"category","embeddable":true,"href":"https:\/\/www.automakersnews.cz\/index.php\/wp-json\/wp\/v2\/categories?post=59271"},{"taxonomy":"post_tag","embeddable":true,"href":"https:\/\/www.automakersnews.cz\/index.php\/wp-json\/wp\/v2\/tags?post=59271"}],"curies":[{"name":"wp","href":"https:\/\/api.w.org\/{rel}","templated":true}]}}