{"id":59308,"date":"2023-06-28T04:42:05","date_gmt":"2023-06-28T04:42:05","guid":{"rendered":"https:\/\/www.automakersnews.cz\/?p=59308"},"modified":"2023-06-28T05:20:12","modified_gmt":"2023-06-28T05:20:12","slug":"evropane-vyrazeji-masove-autem-na-dovolenou","status":"publish","type":"post","link":"https:\/\/www.automakersnews.cz\/index.php\/2023\/06\/28\/evropane-vyrazeji-masove-autem-na-dovolenou\/","title":{"rendered":"Evropan\u00e9 vyr\u00e1\u017eej\u00ed masov\u011b autem na dovolenou"},"content":{"rendered":"<p><strong>U\u017e\u00edt si l\u00e9to naplno a vyrazit na dovolenou m\u00e1 tento rok v pl\u00e1nu 75 % Evropan\u016f. To je nejv\u00edce za posledn\u00edch 12 let. Evropsk\u00fd pr\u016fm\u011brn\u00fd rozpo\u010det se ve srovn\u00e1n\u00ed s minul\u00fdm rokem zv\u00fd\u0161il z 44 500 K\u010d na 45 470 K\u010d. To odr\u00e1\u017e\u00ed skute\u010dnost, \u017ee a\u010dkoliv je sou\u010dasn\u00e1 inflace v euroz\u00f3n\u011b nep\u0159\u00edzniv\u00e1, lid\u00e9 si p\u0159esto cht\u011bj\u00ed l\u00e9to u\u017e\u00edt.\u00a0<\/strong><!--more--><\/p>\n<p>Nejatraktivn\u011bj\u0161\u00edmi destinacemi roku 2023 jsou It\u00e1lie, Francie a \u0160pan\u011blsko. Polovina Evropan\u016f pl\u00e1nuje jet na dovolenou autem a na oblib\u011b si z\u00edsk\u00e1v\u00e1 m\u011bstsk\u00e1 turistika. Boom za\u017e\u00edv\u00e1 tak\u00e9 tzv. workation, kdy lid\u00e9 b\u011bhem dovolen\u00e9 sou\u010dasn\u011b i pracuj\u00ed.<\/p>\n<p><strong>Zv\u00fd\u0161en\u00fd rozpo\u010det na dovolenou <\/strong><\/p>\n<p>A\u010dkoliv se v Evrop\u011b \u0159e\u0161\u00ed \u0161patn\u00e1 ekonomick\u00e1 situace, lid\u00e9 cht\u011bj\u00ed cestovat v\u00edce ne\u017e p\u0159ed covidem. Na letn\u00ed dovolenou se letos chyst\u00e1 75 % Evropan\u016f. Evropsk\u00fd pr\u016fm\u011brn\u00fd rozpo\u010det na dovolenou se ve srovn\u00e1n\u00ed s minul\u00fdm rokem zv\u00fd\u0161il z 44 500 K\u010d na 45 470 K\u010d. \u010ce\u0161i maj\u00ed v porovn\u00e1n\u00ed s Evropou v pl\u00e1nu za dovolenou utratit pr\u016fm\u011brn\u011b 30 548 K\u010d. Pro srovn\u00e1n\u00ed N\u011bmci 55 831 K\u010d a Pol\u00e1ci 27 242 K\u010d.<\/p>\n<p>Pl\u00e1ny Evropan\u016f podle pr\u016fzkumu nejv\u00edce ovliv\u0148uje rostouc\u00ed inflace, naopak covid je a\u017e na \u00fapln\u00e9m dn\u011b \u017eeb\u0159\u00ed\u010dku. Inflace m\u00e1 nejsiln\u011bj\u0161\u00ed dopad na ji\u017eansk\u00e9 zem\u011b Portugalsko, Francii, \u0160pan\u011blsko, It\u00e1lii, a tak\u00e9 na Polsko. A pr\u00e1v\u011b ekonomick\u00e9 probl\u00e9my uv\u00e1d\u00ed jako hlavn\u00ed d\u016fvod k necestov\u00e1n\u00ed 47 % Evropan\u016f. I ti, kte\u0159\u00ed na dovolenou vyraz\u00ed, ale maj\u00ed obavy. A\u017e 48 % z nich se ob\u00e1v\u00e1, \u017ee jim na dovolen\u00e9 dojdou pen\u00edze. Mo\u017en\u00e1 i proto n\u011bkte\u0159\u00ed cestovatel\u00e9 vol\u00ed levn\u011bj\u0161\u00ed mo\u017enost ubytov\u00e1n\u00ed (34 %) \u010di last minute z\u00e1jezdy (32 %).<\/p>\n<p><strong>Autem a hlavn\u011b pohodln\u011b. Na vzestupu je m\u011bstsk\u00e1 turistika <\/strong><\/p>\n<p>I na leto\u0161n\u00ed pr\u00e1zdniny pojede v\u00edce ne\u017e polovina Evropan\u016f na dovolenou do zahrani\u010d\u00ed (52 %). Nejatraktivn\u011bj\u0161\u00edmi destinacemi budou It\u00e1lie, Francie a \u0160pan\u011blsko. Stejn\u011b jako v p\u0159edchoz\u00edch letech je velk\u00fd z\u00e1jem p\u0159edev\u0161\u00edm o p\u0159\u00edmo\u0159sk\u00e9 destinace (60 %). Evropan\u00e9 maj\u00ed tak\u00e9 v pl\u00e1nu v\u00edce ne\u017e minul\u00fd rok vyr\u00e1\u017eet na venkov (25 %) a na hory (23 %). Zaj\u00edmav\u00fdm trendem je tak\u00e9 m\u011bstsk\u00e1 turistika. M\u011bsto jako c\u00edlovou destinaci si pl\u00e1nuje zvolit 30 % Evropan\u016f, p\u0159i\u010dem\u017e v roce 2021 to bylo jen 21 %.<\/p>\n<p>Respondenti pr\u016fzkumu uv\u00e1d\u00ed, \u017ee b\u011bhem cesty na dovolenou je pro n\u011b nejd\u016fle\u017eit\u011bj\u0161\u00ed pohodl\u00ed (64 %). To se odr\u00e1\u017e\u00ed i na zp\u016fsobu dopravy, kter\u00fd maj\u00ed v pl\u00e1nu zvolit. Polovina Evropan\u016f na dovolenou pojede autem (50 %). V porovn\u00e1n\u00ed s na\u0161imi sousedy N\u011bmeckem (47 %) a Polskem (51 %) vede v autocestov\u00e1n\u00ed \u010cesko. \u201eNa dovolenou autem se chyst\u00e1 vyrazit 53 % \u010cech\u016f. Myslet by proto m\u011bli na spr\u00e1vn\u00e9 poji\u0161t\u011bn\u00ed. Odtah vozu ze zahrani\u010d\u00ed toti\u017e m\u016f\u017ee vyj\u00edt na statis\u00edce a povinn\u00e9 ru\u010den\u00ed jako ochrana zdaleka nesta\u010d\u00ed. Sjednan\u00e1 asisten\u010dn\u00ed slu\u017eba nav\u00edc m\u016f\u017ee zajistit n\u00e1hradn\u00ed v\u016fz a dovolen\u00e1 t\u00edm nemus\u00ed nutn\u011b kon\u010dit,\u201c rad\u00ed Luk\u00e1\u0161 Soural, Obchodn\u00ed a marketingov\u00fd \u0159editel spole\u010dnosti Europ Assistance. V\u00edce ne\u017e t\u0159etina Evropan\u016f polet\u00ed letadlem (37 %). Oproti roku 2021, kdy leteckou dopravu m\u011blo v pl\u00e1nu vyu\u017e\u00edt pouze 22 % lid\u00ed, jde o v\u00fdznamn\u00fd n\u00e1r\u016fst.<\/p>\n<p><strong>Workation jako nov\u00fd standard? T\u0159i z deseti Evropan\u016f maj\u00ed v pl\u00e1nu na dovolen\u00e9 pracovat.<\/strong><\/p>\n<p>Evropan\u00e9 \u010d\u00edm d\u00e1l v\u00edce propojuj\u00ed sv\u016fj voln\u00fd \u010das s prac\u00ed, a sna\u017e\u00ed se tak vybalancovat v\u00fdkon a z\u00e1\u017eitky. Workation, tedy zkombinovat dovolenou s prac\u00ed, m\u00e1 letos v pl\u00e1nu 28 % Evropan\u016f, p\u0159i\u010dem\u017e v roce 2021 \u0161lo pouze o 17 % lid\u00ed. Nejv\u00edce si tento trend obl\u00edbili Italov\u00e9 (38 %) a nejm\u00e9n\u011b maj\u00ed v pl\u00e1nu pracovat Francouzi (20 %). \u010ce\u0161i (25 %) pracuj\u00ed z dovolen\u00e9 v porovn\u00e1n\u00ed se sv\u00fdmi n\u011bmeck\u00fdmi sousedy (24 %) dokonce v\u00edce.<\/p>\n<p>Pro pr\u00e1ci z dovolen\u00e9 je d\u016fle\u017eit\u00e1 nejen mor\u00e1lka, ale zejm\u00e9na internetov\u00e9 p\u0159ipojen\u00ed. A pr\u00e1v\u011b pro 24 % Evropan\u016f je kvalitn\u00ed internet opravdu d\u016fle\u017eit\u00fd. Z pr\u016fzkumu vypl\u00fdv\u00e1, \u017ee 43 % dot\u00e1zan\u00fdch, kte\u0159\u00ed cht\u011bj\u00ed b\u011bhem sv\u00e9 dovolen\u00e9 i pracovat, z\u016fstane ve sv\u00e9 zemi. Zat\u00edmco 28 % lid\u00ed m\u00e1 v pl\u00e1nu str\u00e1vit svou workation v zahrani\u010d\u00ed a 24 % cestovatel\u016f se rozhodlo pro kombinaci oboj\u00edho. Rozs\u00e1hl\u00fd pr\u016fzkum Holiday Barometer realizovala spole\u010dnost Europ Assistance v b\u0159eznu a dubnu roku 2023 na reprezentativn\u00edm vzorku 1 000 \u010desk\u00fdch respondent\u016f star\u0161\u00edch 18 let. Postoje a pl\u00e1ny na letn\u00ed dovolenou zji\u0161\u0165uje celosv\u011btov\u011b u\u017e 22. rokem. \u010cesko bylo letos do pr\u016fzkumu zahrnuto ji\u017e pot\u0159et\u00ed.<\/p>\n","protected":false},"excerpt":{"rendered":"<div class=\"mh-excerpt\"><p>U\u017e\u00edt si l\u00e9to naplno a vyrazit na dovolenou m\u00e1 tento rok v pl\u00e1nu 75 % Evropan\u016f. To je nejv\u00edce za posledn\u00edch 12 let. Evropsk\u00fd pr\u016fm\u011brn\u00fd <a class=\"mh-excerpt-more\" href=\"https:\/\/www.automakersnews.cz\/index.php\/2023\/06\/28\/evropane-vyrazeji-masove-autem-na-dovolenou\/\" title=\"Evropan\u00e9 vyr\u00e1\u017eej\u00ed masov\u011b autem na dovolenou\">[&#8230;]<\/a><\/p>\n<\/div>","protected":false},"author":4,"featured_media":715,"comment_status":"open","ping_status":"open","sticky":false,"template":"","format":"standard","meta":{"footnotes":""},"categories":[8],"tags":[],"class_list":["post-59308","post","type-post","status-publish","format-standard","has-post-thumbnail","hentry","category-statistika"],"_links":{"self":[{"href":"https:\/\/www.automakersnews.cz\/index.php\/wp-json\/wp\/v2\/posts\/59308","targetHints":{"allow":["GET"]}}],"collection":[{"href":"https:\/\/www.automakersnews.cz\/index.php\/wp-json\/wp\/v2\/posts"}],"about":[{"href":"https:\/\/www.automakersnews.cz\/index.php\/wp-json\/wp\/v2\/types\/post"}],"author":[{"embeddable":true,"href":"https:\/\/www.automakersnews.cz\/index.php\/wp-json\/wp\/v2\/users\/4"}],"replies":[{"embeddable":true,"href":"https:\/\/www.automakersnews.cz\/index.php\/wp-json\/wp\/v2\/comments?post=59308"}],"version-history":[{"count":0,"href":"https:\/\/www.automakersnews.cz\/index.php\/wp-json\/wp\/v2\/posts\/59308\/revisions"}],"wp:featuredmedia":[{"embeddable":true,"href":"https:\/\/www.automakersnews.cz\/index.php\/wp-json\/wp\/v2\/media\/715"}],"wp:attachment":[{"href":"https:\/\/www.automakersnews.cz\/index.php\/wp-json\/wp\/v2\/media?parent=59308"}],"wp:term":[{"taxonomy":"category","embeddable":true,"href":"https:\/\/www.automakersnews.cz\/index.php\/wp-json\/wp\/v2\/categories?post=59308"},{"taxonomy":"post_tag","embeddable":true,"href":"https:\/\/www.automakersnews.cz\/index.php\/wp-json\/wp\/v2\/tags?post=59308"}],"curies":[{"name":"wp","href":"https:\/\/api.w.org\/{rel}","templated":true}]}}