{"id":59450,"date":"2023-06-27T07:29:19","date_gmt":"2023-06-27T07:29:19","guid":{"rendered":"https:\/\/www.automakersnews.cz\/?p=59450"},"modified":"2023-06-27T07:29:19","modified_gmt":"2023-06-27T07:29:19","slug":"mazda-startuje-vyrobu-mx-30-e-skyactiv-r-ev","status":"publish","type":"post","link":"https:\/\/www.automakersnews.cz\/index.php\/2023\/06\/27\/mazda-startuje-vyrobu-mx-30-e-skyactiv-r-ev\/","title":{"rendered":"Mazda startuje v\u00fdrobu MX-30 e-Skyactiv R-EV"},"content":{"rendered":"<p><strong>Mazda Motor Corporation ve sv\u00e9m z\u00e1vod\u011b Ujina Plant No. 1 v Hiro\u0161im\u011b zah\u00e1jila s\u00e9riovou v\u00fdrobu modelu Mazda MX-30 e-Skyactiv R-EV\u00a0pro evropsk\u00fd trh.<\/strong><!--more--><\/p>\n<p>MX-30 e-Skyactiv R-EV je po 11\u00a0letech od ukon\u010den\u00ed v\u00fdroby modelu Mazda RX-8 v\u00a0\u010dervnu 2012 prvn\u00edm s\u00e9riov\u011b vyr\u00e1b\u011bn\u00fdm vozem Mazda s\u00a0rota\u010dn\u00edm motorem. Mazda vyrobila celkem v\u00edce ne\u017e 1,99 milionu voz\u016f s\u00a0rota\u010dn\u00edm motorem.<\/p>\n<p>MX-30 e-Skyactiv R-EV je plug-in hybridn\u00ed elektromobil (PHEV), kter\u00fd d\u00e1v\u00e1 nov\u00fd smysl rota\u010dn\u00edmu motoru Mazda. Tento kompaktn\u00ed a lehk\u00fd spalovac\u00ed motor poh\u00e1n\u00ed gener\u00e1tor, kter\u00fd bu\u010f dob\u00edj\u00ed baterii, nebo v p\u0159\u00edpad\u011b pot\u0159eby dod\u00e1v\u00e1 dal\u0161\u00ed energii. Vozidlo je v\u017edy poh\u00e1n\u011bno elektromotorem.<\/p>\n<p>Zat\u00edmco dojezd 85\u00a0km na elektrick\u00fd pohon modelu MX-30 e-Skyactiv R-EV dosta\u010duje pro v\u011bt\u0161inu b\u011b\u017en\u00fdch j\u00edzd, rota\u010dn\u00ed motor v\u00a0p\u0159\u00edpad\u011b pot\u0159eby dojezd prodlou\u017e\u00ed. MX-30 e-Skyactiv R-EV je ide\u00e1ln\u00edm vozem pro z\u00e1kazn\u00edky, kte\u0159\u00ed cht\u011bj\u00ed v\u011bt\u0161inu \u010dasu jezdit na elekt\u0159inu a\u00a0p\u0159\u00edle\u017eitostn\u011b p\u0159ekon\u00e1vat del\u0161\u00ed vzd\u00e1lenosti bez obav z\u00a0dojezdu.<\/p>\n<p>P\u016fvodn\u00ed model MX-30 e-Skyactiv EV<sup>\u00a0<\/sup>byl p\u0159edstaven v\u00a0roce 2020 jako prvn\u00ed s\u00e9riov\u011b vyr\u00e1b\u011bn\u00fd bateriov\u00fd elektromobil zna\u010dky Mazda. Model MX-30 e-Skyactiv R-EV nyn\u00ed roz\u0161i\u0159uje nab\u00eddku o\u00a0jedine\u010dnou plug-in hybridn\u00ed variantu.<\/p>\n<p>Model MX-30 je zt\u011blesn\u011bn\u00edm p\u0159\u00edstupu Mazdy k\u00a0uhl\u00edkov\u00e9 neutralit\u011b, kter\u00fd je zalo\u017een na v\u00edce \u0159e\u0161en\u00edch. P\u0159i navrhov\u00e1n\u00ed byly pou\u017eity p\u0159\u00edrodn\u00ed materi\u00e1ly, jako je korek a\u00a0tkaniny z\u00a0recyklovan\u00e9ho materi\u00e1lu.<\/p>\n<p>Barva s\u00a0v\u00edce odst\u00edny se na MX-30 nan\u00e1\u0161\u00ed pomoc\u00ed vysoce p\u0159esn\u00e9 st\u0159\u00edkac\u00ed pistole, kter\u00e1 jednotliv\u00e9 barvy p\u0159esn\u011b rozt\u00edr\u00e1 na pot\u0159ebn\u00fd povrch a\u00a0v\u00fdrazn\u011b sni\u017euje ztr\u00e1ty barvy. Nov\u011b vyvinut\u00e9 barvy nav\u00edc tvrdnou p\u0159i neobvykle n\u00edzk\u00e9 teplot\u011b p\u0159ibli\u017en\u011b 80\u00a0\u00b0C. Tyto kroky spole\u010dn\u011b sni\u017euj\u00ed emise CO2 p\u0159i lakov\u00e1n\u00ed s\u00a0v\u00edce odst\u00edny p\u0159ibli\u017en\u011b o\u00a034\u201337\u00a0%.<\/p>\n<p>Elekt\u0159inu pro nab\u00edjen\u00ed nov\u011b vyroben\u00fdch vozidel MX-30 e-Skyactiv R-EV p\u0159ed jejich expedic\u00ed dod\u00e1v\u00e1 sol\u00e1rn\u00ed syst\u00e9m o\u00a0v\u00fdkonu 1,1\u00a0MW, kter\u00fd byl v\u00a0z\u00e1vod\u011b Mazdy v\u00a0Hiro\u0161im\u011b uveden do provozu v\u00a0\u010dervenci 2021.<\/p>\n<p><img loading=\"lazy\" decoding=\"async\" class=\"alignnone wp-image-59452\" src=\"http:\/\/www.automakersnews.cz\/wp-content\/uploads\/2023\/06\/hero-2022-mazda-cx-60-ger-09-300x74.jpg\" alt=\"\" width=\"876\" height=\"216\" srcset=\"https:\/\/www.automakersnews.cz\/wp-content\/uploads\/2023\/06\/hero-2022-mazda-cx-60-ger-09-300x74.jpg 300w, https:\/\/www.automakersnews.cz\/wp-content\/uploads\/2023\/06\/hero-2022-mazda-cx-60-ger-09-1024x251.jpg 1024w, https:\/\/www.automakersnews.cz\/wp-content\/uploads\/2023\/06\/hero-2022-mazda-cx-60-ger-09-768x189.jpg 768w, https:\/\/www.automakersnews.cz\/wp-content\/uploads\/2023\/06\/hero-2022-mazda-cx-60-ger-09-1536x377.jpg 1536w, https:\/\/www.automakersnews.cz\/wp-content\/uploads\/2023\/06\/hero-2022-mazda-cx-60-ger-09.jpg 1800w\" sizes=\"auto, (max-width: 876px) 100vw, 876px\" \/><\/p>\n","protected":false},"excerpt":{"rendered":"<div class=\"mh-excerpt\"><p>Mazda Motor Corporation ve sv\u00e9m z\u00e1vod\u011b Ujina Plant No. 1 v Hiro\u0161im\u011b zah\u00e1jila s\u00e9riovou v\u00fdrobu modelu Mazda MX-30 e-Skyactiv R-EV\u00a0pro evropsk\u00fd trh.<\/p>\n<\/div>","protected":false},"author":4,"featured_media":59451,"comment_status":"open","ping_status":"open","sticky":false,"template":"","format":"standard","meta":{"footnotes":""},"categories":[33],"tags":[],"class_list":["post-59450","post","type-post","status-publish","format-standard","has-post-thumbnail","hentry","category-vyrobci"],"_links":{"self":[{"href":"https:\/\/www.automakersnews.cz\/index.php\/wp-json\/wp\/v2\/posts\/59450","targetHints":{"allow":["GET"]}}],"collection":[{"href":"https:\/\/www.automakersnews.cz\/index.php\/wp-json\/wp\/v2\/posts"}],"about":[{"href":"https:\/\/www.automakersnews.cz\/index.php\/wp-json\/wp\/v2\/types\/post"}],"author":[{"embeddable":true,"href":"https:\/\/www.automakersnews.cz\/index.php\/wp-json\/wp\/v2\/users\/4"}],"replies":[{"embeddable":true,"href":"https:\/\/www.automakersnews.cz\/index.php\/wp-json\/wp\/v2\/comments?post=59450"}],"version-history":[{"count":0,"href":"https:\/\/www.automakersnews.cz\/index.php\/wp-json\/wp\/v2\/posts\/59450\/revisions"}],"wp:featuredmedia":[{"embeddable":true,"href":"https:\/\/www.automakersnews.cz\/index.php\/wp-json\/wp\/v2\/media\/59451"}],"wp:attachment":[{"href":"https:\/\/www.automakersnews.cz\/index.php\/wp-json\/wp\/v2\/media?parent=59450"}],"wp:term":[{"taxonomy":"category","embeddable":true,"href":"https:\/\/www.automakersnews.cz\/index.php\/wp-json\/wp\/v2\/categories?post=59450"},{"taxonomy":"post_tag","embeddable":true,"href":"https:\/\/www.automakersnews.cz\/index.php\/wp-json\/wp\/v2\/tags?post=59450"}],"curies":[{"name":"wp","href":"https:\/\/api.w.org\/{rel}","templated":true}]}}