{"id":59611,"date":"2023-06-30T06:25:56","date_gmt":"2023-06-30T06:25:56","guid":{"rendered":"https:\/\/www.automakersnews.cz\/?p=59611"},"modified":"2023-06-30T06:25:56","modified_gmt":"2023-06-30T06:25:56","slug":"skoda-auto-startuje-microsite-k-udrzitelnosti","status":"publish","type":"post","link":"https:\/\/www.automakersnews.cz\/index.php\/2023\/06\/30\/skoda-auto-startuje-microsite-k-udrzitelnosti\/","title":{"rendered":"\u0160koda Auto startuje microsite k udr\u017eitelnosti"},"content":{"rendered":"<p><strong>\u0160koda Auto spustila microsite, na kter\u00e9 jsou shrom\u00e1\u017ed\u011bny komplexn\u00ed informace o \u010detn\u00fdch iniciativ\u00e1ch automobilky v oblasti udr\u017eitelnosti. Budou zde uve\u0159ej\u0148ov\u00e1ny nejnov\u011bj\u0161\u00ed informace o t\u00e9matech a opat\u0159en\u00edch v oblasti \u017eivotn\u00edho prost\u0159ed\u00ed, spole\u010densk\u00e9 odpov\u011bdnosti a governance (ESG). <\/strong><!--more--><\/p>\n<p>Str\u00e1nky p\u0159isp\u00edvaj\u00ed k dal\u0161\u00ed podpo\u0159e transparentn\u00ed komunikace \u0160koda Auto a usnad\u0148uj\u00ed v\u00fdm\u011bnu informac\u00ed o t\u011bchto kl\u00ed\u010dov\u00fdch t\u00e9matech.<\/p>\n<p>Klaus Zellmer, p\u0159edseda p\u0159edstavenstva \u0160koda Auto uv\u00e1d\u00ed, \u201eUdr\u017eitelnost je ned\u00edlnou sou\u010d\u00e1st\u00ed na\u0161\u00ed strategie. Odpov\u011bdnost za sni\u017eov\u00e1n\u00ed dopad\u016f na\u0161\u00ed \u010dinnosti v cel\u00e9m hodnotov\u00e9m \u0159et\u011bzci bereme velmi v\u00e1\u017en\u011b. V t\u00e9to souvislosti trvale vyhodnocujeme v\u0161echny aspekty na\u0161ich aktivit a hled\u00e1me nov\u00e9 zp\u016fsoby, jak dos\u00e1hnout stanoven\u00fdch c\u00edl\u016f. Jako spole\u010densky odpov\u011bdn\u00e1 firma usilujeme o konstruktivn\u00ed dialog se v\u0161emi zainteresovan\u00fdmi stranami na kl\u00ed\u010dov\u00e1 t\u00e9mata, v\u010detn\u011b udr\u017eitelnosti. Proto plat\u00ed, \u017ee \u010d\u00edm m\u016f\u017eeme b\u00fdt v na\u0161em postupu v tomto sm\u011bru transparentn\u011bj\u0161\u00ed, t\u00edm l\u00e9pe.<\/p>\n<p>Karsten Schnake, \u010dlen p\u0159edstavenstva \u0160koda Auto za oblast N\u00e1kupu dod\u00e1v\u00e1, \u201eVe spole\u010dnosti \u0160koda Auto se sna\u017e\u00edme dos\u00e1hnout co nejlep\u0161\u00edho v\u00fdsledku pro celou planetu, m\u00edstn\u00ed komunity, na\u0161e z\u00e1kazn\u00edky, a to spole\u010dn\u011b s na\u0161imi zam\u011bstnanci, obchodn\u00edmi partnery a cel\u00fdm dodavatelsk\u00fdm \u0159et\u011bzcem. Udr\u017eitelnost vn\u00edm\u00e1me jako cestu, po kter\u00e9 jsme toho ji\u017e hodn\u011b u\u0161li, ale velk\u00e1 \u010d\u00e1st je st\u00e1le p\u0159ed n\u00e1mi. Proto je pro n\u00e1s tato microsite d\u016fle\u017eit\u00fdm prostorem, kde m\u016f\u017eeme transparentn\u011b informovat v\u0161echny z\u00fa\u010dastn\u011bn\u00e9 strany o na\u0161em pokroku a c\u00edlech.&#8220;<\/p>\n<p><img loading=\"lazy\" decoding=\"async\" class=\"alignnone wp-image-59614\" src=\"http:\/\/www.automakersnews.cz\/wp-content\/uploads\/2023\/06\/Roadiaq_2-small-300x200.jpg\" alt=\"\" width=\"828\" height=\"552\" srcset=\"https:\/\/www.automakersnews.cz\/wp-content\/uploads\/2023\/06\/Roadiaq_2-small-300x200.jpg 300w, https:\/\/www.automakersnews.cz\/wp-content\/uploads\/2023\/06\/Roadiaq_2-small-1024x683.jpg 1024w, https:\/\/www.automakersnews.cz\/wp-content\/uploads\/2023\/06\/Roadiaq_2-small-768x512.jpg 768w, https:\/\/www.automakersnews.cz\/wp-content\/uploads\/2023\/06\/Roadiaq_2-small-1536x1025.jpg 1536w\" sizes=\"auto, (max-width: 828px) 100vw, 828px\" \/><\/p>\n<p>Nov\u00e1 microsite zam\u011b\u0159en\u00e1 na udr\u017eitelnost Nov\u00e1 microsite poskytuje komplexn\u00ed informace o v\u00fdvoji v oblasti udr\u017eiteln\u00fdch produkt\u016f a proces\u016f v r\u00e1mci ESG t\u00e9mat. V \u010d\u00e1sti v\u011bnovan\u00e9 \u017eivotn\u00edmu prost\u0159ed\u00ed jsou uvedena opat\u0159en\u00ed, kter\u00e1 \u010desk\u00e1 automobilka zav\u00e1d\u00ed s c\u00edlem minimalizovat dopad sv\u00fdch obchodn\u00edch aktivit a sn\u00ed\u017eit tak svou uhl\u00edkovou stopu.<\/p>\n<p>\u010c\u00e1st pojedn\u00e1vaj\u00edc\u00ed o spole\u010densk\u00e9 odpov\u011bdnosti vyzdvihuje roli zna\u010dky \u0160koda v r\u00e1mci jej\u00ed lok\u00e1ln\u00ed p\u016fsobnosti \u2013 se snahou j\u00edt p\u0159\u00edkladem a vytv\u00e1\u0159et hodnoty prost\u0159ednictv\u00edm zapojen\u00ed m\u00edstn\u00edch komunit jak ve sv\u00fdch z\u00e1vodech, tak i mimo n\u011b. Krom\u011b toho microsite nasti\u0148uje \u00fasil\u00ed automobilky b\u00fdt siln\u00fdm, spolehliv\u00fdm a dlouhodob\u00fdm partnerem pro zam\u011bstnance, z\u00e1kazn\u00edky, prodejce i ve\u0159ejnost. Nov\u00e1 microsite je sou\u010d\u00e1st\u00ed \u0160koda Storyboard, komunika\u010dn\u00ed platformy spole\u010dnosti pro sd\u00edlen\u00ed informac\u00ed s m\u00e9dii a ve\u0159ejnost\u00ed.<\/p>\n<p>\u0160koda Auto realizuje holistick\u00fd pl\u00e1n, jeho\u017e c\u00edlem je d\u016fsledn\u00e9 sni\u017eov\u00e1n\u00ed uhl\u00edkov\u00e9 stopy. Automobilka urychluje n\u00e1stup elektromobility a v p\u0159\u00ed\u0161t\u00edch letech p\u0159edstav\u00ed \u0161est nov\u00fdch pln\u011b elektrick\u00fdch model\u016f. Soust\u0159ed\u00ed se v\u0161ak tak\u00e9 na udr\u017eitelnou v\u00fdrobu, v\u010detn\u011b dodavatelsk\u00e9ho \u0159et\u011bzce a provoz t\u011bchto vozidel.<\/p>\n<p>Aby \u0160koda Auto dos\u00e1hla sv\u00fdch ambici\u00f3zn\u00edch c\u00edl\u016f, zavazuje se nap\u0159\u00edklad i k pou\u017e\u00edv\u00e1n\u00ed recyklovateln\u00fdch materi\u00e1l\u016f ve sv\u00fdch vozech a k d\u016fsledn\u00e9 recyklaci vysokonap\u011b\u0165ov\u00fdch bateri\u00ed z elektromobil\u016f. V z\u00e1vislosti na v\u00fdvoji trhu je jej\u00edm c\u00edlem do roku 2030 zv\u00fd\u0161it pod\u00edl elektromobil\u016f na dod\u00e1vk\u00e1ch v Evrop\u011b na 70 procent. D\u00e1le si klade za c\u00edl sn\u00ed\u017eit emise sv\u00e9ho vozov\u00e9ho parku o v\u00edce ne\u017e 50 procent oproti roku 2020.<\/p>\n<p><img loading=\"lazy\" decoding=\"async\" class=\"alignnone wp-image-59615\" src=\"http:\/\/www.automakersnews.cz\/wp-content\/uploads\/2023\/06\/Roadiaq_3-small-300x200.jpg\" alt=\"\" width=\"761\" height=\"507\" srcset=\"https:\/\/www.automakersnews.cz\/wp-content\/uploads\/2023\/06\/Roadiaq_3-small-300x200.jpg 300w, https:\/\/www.automakersnews.cz\/wp-content\/uploads\/2023\/06\/Roadiaq_3-small-1024x683.jpg 1024w, https:\/\/www.automakersnews.cz\/wp-content\/uploads\/2023\/06\/Roadiaq_3-small-768x512.jpg 768w, https:\/\/www.automakersnews.cz\/wp-content\/uploads\/2023\/06\/Roadiaq_3-small-1536x1025.jpg 1536w\" sizes=\"auto, (max-width: 761px) 100vw, 761px\" \/><\/p>\n","protected":false},"excerpt":{"rendered":"<div class=\"mh-excerpt\"><p>\u0160koda Auto spustila microsite, na kter\u00e9 jsou shrom\u00e1\u017ed\u011bny komplexn\u00ed informace o \u010detn\u00fdch iniciativ\u00e1ch automobilky v oblasti udr\u017eitelnosti. Budou zde uve\u0159ej\u0148ov\u00e1ny nejnov\u011bj\u0161\u00ed informace o t\u00e9matech a <a class=\"mh-excerpt-more\" href=\"https:\/\/www.automakersnews.cz\/index.php\/2023\/06\/30\/skoda-auto-startuje-microsite-k-udrzitelnosti\/\" title=\"\u0160koda Auto startuje microsite k udr\u017eitelnosti\">[&#8230;]<\/a><\/p>\n<\/div>","protected":false},"author":4,"featured_media":59613,"comment_status":"open","ping_status":"open","sticky":false,"template":"","format":"standard","meta":{"footnotes":""},"categories":[38],"tags":[],"class_list":["post-59611","post","type-post","status-publish","format-standard","has-post-thumbnail","hentry","category-ekologie"],"_links":{"self":[{"href":"https:\/\/www.automakersnews.cz\/index.php\/wp-json\/wp\/v2\/posts\/59611","targetHints":{"allow":["GET"]}}],"collection":[{"href":"https:\/\/www.automakersnews.cz\/index.php\/wp-json\/wp\/v2\/posts"}],"about":[{"href":"https:\/\/www.automakersnews.cz\/index.php\/wp-json\/wp\/v2\/types\/post"}],"author":[{"embeddable":true,"href":"https:\/\/www.automakersnews.cz\/index.php\/wp-json\/wp\/v2\/users\/4"}],"replies":[{"embeddable":true,"href":"https:\/\/www.automakersnews.cz\/index.php\/wp-json\/wp\/v2\/comments?post=59611"}],"version-history":[{"count":0,"href":"https:\/\/www.automakersnews.cz\/index.php\/wp-json\/wp\/v2\/posts\/59611\/revisions"}],"wp:featuredmedia":[{"embeddable":true,"href":"https:\/\/www.automakersnews.cz\/index.php\/wp-json\/wp\/v2\/media\/59613"}],"wp:attachment":[{"href":"https:\/\/www.automakersnews.cz\/index.php\/wp-json\/wp\/v2\/media?parent=59611"}],"wp:term":[{"taxonomy":"category","embeddable":true,"href":"https:\/\/www.automakersnews.cz\/index.php\/wp-json\/wp\/v2\/categories?post=59611"},{"taxonomy":"post_tag","embeddable":true,"href":"https:\/\/www.automakersnews.cz\/index.php\/wp-json\/wp\/v2\/tags?post=59611"}],"curies":[{"name":"wp","href":"https:\/\/api.w.org\/{rel}","templated":true}]}}