{"id":59659,"date":"2023-06-28T04:46:11","date_gmt":"2023-06-28T04:46:11","guid":{"rendered":"https:\/\/www.automakersnews.cz\/?p=59659"},"modified":"2023-06-28T04:46:11","modified_gmt":"2023-06-28T04:46:11","slug":"porsche-cr-melo-profesni-dny-ve-zlatnikach","status":"publish","type":"post","link":"https:\/\/www.automakersnews.cz\/index.php\/2023\/06\/28\/porsche-cr-melo-profesni-dny-ve-zlatnikach\/","title":{"rendered":"Porsche \u010cR m\u011blo Profesn\u00ed dny ve Zlatn\u00edk\u00e1ch"},"content":{"rendered":"<p><strong>Porsche \u010cesk\u00e1 republika pozvala v \u010dervnu do sv\u00e9 Tr\u00e9ninkov\u00e9 akademie v obci Zlatn\u00edky-Hodkovice studenty st\u0159edn\u00edch odborn\u00fdch \u0161kol z cel\u00e9ho \u010ceska na Profesn\u00ed dny 2023. C\u00edlem akce bylo motivovat budouc\u00ed uchaze\u010de o zam\u011bstn\u00e1n\u00ed a roz\u0161\u00ed\u0159it pov\u011bdom\u00ed o zna\u010dk\u00e1ch koncernu Volkswagen a \u00farovni jejich slu\u017eeb.<\/strong><!--more--><\/p>\n<p>Nejv\u011bt\u0161\u00ed import\u00e9r automobil\u016f do \u010cesk\u00e9 republiky dlouhodob\u011b podporuje vzd\u011bl\u00e1v\u00e1n\u00ed student\u016f st\u0159edn\u00edch a u\u010d\u0148ovsk\u00fdch \u0161kol zam\u011b\u0159en\u00fdch na automobilov\u00e9 obory. Porsche \u010cesk\u00e1 republika je nap\u0159\u00edklad hlavn\u00edm partnerem sout\u011b\u017ee Autooprav\u00e1\u0159 Junior a studenty motivuje k vynikaj\u00edc\u00edm studijn\u00edm v\u00fdsledk\u016fm programem QHERO v r\u00e1mci jedine\u010dn\u00e9ho projektu Best Employer.<\/p>\n<p>Loni otev\u0159en\u00e1 Tr\u00e9ninkov\u00e1 akademie spole\u010dnosti Porsche \u010cesk\u00e1 republika hostila v uplynul\u00fdch dvou t\u00fddnech sedmidenn\u00ed akci Profesn\u00ed dny 2023 ur\u010denou pro studenty st\u0159edn\u00edch \u0161kol s v\u00fdukou automobilov\u00fdch obor\u016f. Pozv\u00e1n\u00ed p\u0159ijalo celkem t\u0159in\u00e1ct \u0161kol, kter\u00e9 do obce Zlatn\u00edky-Hodkovice nedaleko Prahy vyslaly 353 student\u016f. Atraktivn\u00ed celodenn\u00ed program pro n\u011b p\u0159ipravilo 8 a\u017e 10 \u0161kolitel\u016f spole\u010dnosti Porsche \u010cesk\u00e1 republika za spolupr\u00e1ce z\u00e1stupc\u016f 16 servisn\u00edch partner\u016f.<\/p>\n<p>\u201eProfesn\u00ed dny 2023 p\u0159ed\u010dily na\u0161e o\u010dek\u00e1v\u00e1n\u00ed. Pro tuto akci jsme v na\u0161\u00ed nov\u00e9 Tr\u00e9ninkov\u00e9 akademii Zlatn\u00edky koncipovali n\u011bkolik stanovi\u0161\u0165, na nich\u017e jsme mlad\u00fdm student\u016fm \u0161kol z cel\u00e9 \u010cesk\u00e9 republiky poutavou a z\u00e1bavnou formou prezentovali na\u0161i nejmodern\u011bj\u0161\u00ed techniku, kterou si mohli tak\u00e9 vyzkou\u0161et,\u201c \u0159\u00edk\u00e1 Jan \u0160pinar, vedouc\u00ed poprodejn\u00edch slu\u017eeb spole\u010dnosti Porsche \u010cesk\u00e1 republika, a dod\u00e1v\u00e1: \u201eStudenti se mohli sezn\u00e1mit se specifiky pr\u00e1ce automechanika, autoelektrik\u00e1\u0159e, autotronika nebo karos\u00e1\u0159e a tak\u00e9 nav\u00e1zat cenn\u00e9 kontakty pro budouc\u00ed profesn\u00ed uplatn\u011bn\u00ed v na\u0161\u00ed autorizovan\u00e9 servisn\u00ed s\u00edti. Profesn\u00edmi dny chceme toti\u017e motivovat budouc\u00ed uchaze\u010de o zam\u011bstn\u00e1n\u00ed a vytv\u00e1\u0159et siln\u00e9 vazby mezi absolventy odborn\u00fdch \u0161kol a na\u0161\u00ed autorizovanou servisn\u00ed s\u00edt\u00ed.\u201c<\/p>\n<p><img loading=\"lazy\" decoding=\"async\" class=\"alignnone wp-image-59661\" src=\"http:\/\/www.automakersnews.cz\/wp-content\/uploads\/2023\/06\/Porsche-CR-Profesni-dny-small-2-300x200.jpg\" alt=\"\" width=\"825\" height=\"550\" srcset=\"https:\/\/www.automakersnews.cz\/wp-content\/uploads\/2023\/06\/Porsche-CR-Profesni-dny-small-2-300x200.jpg 300w, https:\/\/www.automakersnews.cz\/wp-content\/uploads\/2023\/06\/Porsche-CR-Profesni-dny-small-2-1024x682.jpg 1024w, https:\/\/www.automakersnews.cz\/wp-content\/uploads\/2023\/06\/Porsche-CR-Profesni-dny-small-2-768x512.jpg 768w, https:\/\/www.automakersnews.cz\/wp-content\/uploads\/2023\/06\/Porsche-CR-Profesni-dny-small-2-1536x1024.jpg 1536w, https:\/\/www.automakersnews.cz\/wp-content\/uploads\/2023\/06\/Porsche-CR-Profesni-dny-small-2.jpg 1898w\" sizes=\"auto, (max-width: 825px) 100vw, 825px\" \/><\/p>\n<p>Celodenn\u00ed program akce Profesn\u00ed dny 2023 zahrnoval r\u016fzn\u00e9 \u010dinnosti a praktick\u00e9 uk\u00e1zky na interaktivn\u00edch stanovi\u0161t\u00edch v\u011bnovan\u00fdch odborn\u00fdm a profesn\u00edm t\u00e9mat\u016fm od vysokonap\u011b\u0165ov\u00e9 techniky v oblasti elektromobility p\u0159es opravy karoseri\u00ed a\u017e po origin\u00e1ln\u00ed p\u0159\u00edslu\u0161enstv\u00ed Volkswagen a konektivitu nebo r\u016fzn\u00fdm \u00fakol\u016fm a hr\u00e1m v\u010detn\u011b j\u00edzdy zru\u010dnosti na elektrick\u00e9 kolob\u011b\u017ece.<\/p>\n<p>Statickou prezentaci model\u016f a produkt\u016f dopl\u0148ovala mo\u017enost zku\u0161ebn\u00ed j\u00edzdy se \u0161kolitelem v elektromobilech Volkswagen ID.3 a ID.4. Studenti z\u00edskali tak\u00e9 informace o pracovn\u00edch m\u00edstech od z\u00e1stupc\u016f servisn\u00edch partner\u016f a vyzkou\u0161eli si poskytov\u00e1n\u00ed prvn\u00ed pomoci.<\/p>\n<p>Na odborn\u00e9m stanovi\u0161ti se zam\u011b\u0159en\u00edm na karoserie rozpozn\u00e1vali studenti jednotliv\u00e9 materi\u00e1ly a vyr\u00e1b\u011bli d\u00e1rkov\u00e9 p\u0159edm\u011bty \u2013 otv\u00edr\u00e1ky na lahve. Na stanovi\u0161ti v\u011bnovan\u00e9m origin\u00e1ln\u00edmu p\u0159\u00edslu\u0161enstv\u00ed a konektivit\u011b si studenti vyzkou\u0161eli po prezentaci produkt\u016f jejich praktickou mont\u00e1\u017e a sezn\u00e1mili se s r\u016fzn\u00fdmi on-line funkcemi vozu. Sv\u016fj prostor m\u011bla i vysokonap\u011b\u0165ov\u00e1 technika. Zde mohli studenti uplatnit sv\u00e9 znalosti p\u0159i pozn\u00e1v\u00e1n\u00ed d\u00edl\u016f a dovednosti p\u0159i v\u00fdrob\u011b \u201edom\u00e1c\u00edho\u201c elektromotoru.<\/p>\n<p>V\u00fdhodu na Profesn\u00edch dnech 2023 m\u011bli studenti, kte\u0159\u00ed jsou zapojeni do motiva\u010dn\u00edho programu QHERO, j\u00edm\u017e spole\u010dnost Porsche \u010cesk\u00e1 republika podporuje aktivn\u00ed studenty. Ka\u017ed\u00fd \u00fa\u010dastn\u00edk s u\u017eivatelsk\u00fdm \u00fa\u010dtem QHERO obdr\u017eel do aplikace ve sv\u00e9m mobiln\u00edm telefonu orienta\u010dn\u00ed mapu s jednotliv\u00fdmi stanovi\u0161ti, na nich\u017e sb\u00edral body za absolvovan\u00e9 aktivity. Za z\u00edskan\u00e9 body si studenti odnesli v\u011bcnou odm\u011bnu, nap\u0159\u00edklad batoh Audi, tri\u010dko Audi quattro, \u010dty\u0159d\u00edlnou sadu kle\u0161t\u00ed nebo sluch\u00e1tka SEAT.<\/p>\n<p>Spole\u010dnost Porsche \u010cesk\u00e1 republika se svou dlouhodobou podporou u\u010d\u0148ovsk\u00e9ho \u0161kolstv\u00ed v \u010cesk\u00e9 republice c\u00edlen\u011b zasazuje o to, aby studenti automobilov\u00fdch obor\u016f z\u00edsk\u00e1vali kvalitn\u00ed odborn\u00e9 vzd\u011bl\u00e1n\u00ed na z\u00e1klad\u011b propojen\u00ed teorie a praxe, kter\u00e9 zohled\u0148uje nejnov\u011bj\u0161\u00ed trendy a vyu\u017e\u00edv\u00e1 nejmodern\u011bj\u0161\u00ed technologie. Krom\u011b partnerstv\u00ed se sout\u011b\u017e\u00ed Autooprav\u00e1\u0159 Junior realizuje spole\u010dnost Porsche \u010cesk\u00e1 republika tak\u00e9 projekt \u201eBest Employer\u201c s motiva\u010dn\u00edm programem pro studenty QHERO.<\/p>\n<p><img loading=\"lazy\" decoding=\"async\" class=\"alignnone wp-image-59662\" src=\"http:\/\/www.automakersnews.cz\/wp-content\/uploads\/2023\/06\/Porsche-CR-Profesni-dny-small-3-300x200.jpg\" alt=\"\" width=\"969\" height=\"646\" srcset=\"https:\/\/www.automakersnews.cz\/wp-content\/uploads\/2023\/06\/Porsche-CR-Profesni-dny-small-3-300x200.jpg 300w, https:\/\/www.automakersnews.cz\/wp-content\/uploads\/2023\/06\/Porsche-CR-Profesni-dny-small-3-1024x682.jpg 1024w, https:\/\/www.automakersnews.cz\/wp-content\/uploads\/2023\/06\/Porsche-CR-Profesni-dny-small-3-768x512.jpg 768w, https:\/\/www.automakersnews.cz\/wp-content\/uploads\/2023\/06\/Porsche-CR-Profesni-dny-small-3-1536x1024.jpg 1536w, https:\/\/www.automakersnews.cz\/wp-content\/uploads\/2023\/06\/Porsche-CR-Profesni-dny-small-3.jpg 1898w\" sizes=\"auto, (max-width: 969px) 100vw, 969px\" \/><\/p>\n","protected":false},"excerpt":{"rendered":"<div class=\"mh-excerpt\"><p>Porsche \u010cesk\u00e1 republika pozvala v \u010dervnu do sv\u00e9 Tr\u00e9ninkov\u00e9 akademie v obci Zlatn\u00edky-Hodkovice studenty st\u0159edn\u00edch odborn\u00fdch \u0161kol z cel\u00e9ho \u010ceska na Profesn\u00ed dny 2023. C\u00edlem <a class=\"mh-excerpt-more\" href=\"https:\/\/www.automakersnews.cz\/index.php\/2023\/06\/28\/porsche-cr-melo-profesni-dny-ve-zlatnikach\/\" title=\"Porsche \u010cR m\u011blo Profesn\u00ed dny ve Zlatn\u00edk\u00e1ch\">[&#8230;]<\/a><\/p>\n<\/div>","protected":false},"author":4,"featured_media":59660,"comment_status":"open","ping_status":"open","sticky":false,"template":"","format":"standard","meta":{"footnotes":""},"categories":[10,51],"tags":[],"class_list":["post-59659","post","type-post","status-publish","format-standard","has-post-thumbnail","hentry","category-eventy","category-vzdelani"],"_links":{"self":[{"href":"https:\/\/www.automakersnews.cz\/index.php\/wp-json\/wp\/v2\/posts\/59659","targetHints":{"allow":["GET"]}}],"collection":[{"href":"https:\/\/www.automakersnews.cz\/index.php\/wp-json\/wp\/v2\/posts"}],"about":[{"href":"https:\/\/www.automakersnews.cz\/index.php\/wp-json\/wp\/v2\/types\/post"}],"author":[{"embeddable":true,"href":"https:\/\/www.automakersnews.cz\/index.php\/wp-json\/wp\/v2\/users\/4"}],"replies":[{"embeddable":true,"href":"https:\/\/www.automakersnews.cz\/index.php\/wp-json\/wp\/v2\/comments?post=59659"}],"version-history":[{"count":0,"href":"https:\/\/www.automakersnews.cz\/index.php\/wp-json\/wp\/v2\/posts\/59659\/revisions"}],"wp:featuredmedia":[{"embeddable":true,"href":"https:\/\/www.automakersnews.cz\/index.php\/wp-json\/wp\/v2\/media\/59660"}],"wp:attachment":[{"href":"https:\/\/www.automakersnews.cz\/index.php\/wp-json\/wp\/v2\/media?parent=59659"}],"wp:term":[{"taxonomy":"category","embeddable":true,"href":"https:\/\/www.automakersnews.cz\/index.php\/wp-json\/wp\/v2\/categories?post=59659"},{"taxonomy":"post_tag","embeddable":true,"href":"https:\/\/www.automakersnews.cz\/index.php\/wp-json\/wp\/v2\/tags?post=59659"}],"curies":[{"name":"wp","href":"https:\/\/api.w.org\/{rel}","templated":true}]}}