{"id":5966,"date":"2022-12-01T11:46:00","date_gmt":"2022-12-01T11:46:00","guid":{"rendered":"https:\/\/www.automakersnews.cz\/?p=5966"},"modified":"2022-12-01T11:50:53","modified_gmt":"2022-12-01T11:50:53","slug":"audi-letos-proda-v-cr-pres-3000-aut","status":"publish","type":"post","link":"https:\/\/www.automakersnews.cz\/index.php\/2022\/12\/01\/audi-letos-proda-v-cr-pres-3000-aut\/","title":{"rendered":"Audi letos prod\u00e1 v \u010cR p\u0159es 3000 aut"},"content":{"rendered":"<p><strong>\u0160\u00e9f divize Audiv Porsche \u010cR Marcel Archleb svolal 1. prosince novin\u00e1\u0159e na pra\u017eskou Kampu, aby zhodnotil leto\u0161n\u00ed rok a poodhalil pl\u00e1ny do roku p\u0159\u00ed\u0161t\u00edho. Kolik letos prod\u00e1 aut?<\/strong><!--more--><\/p>\n<p>V roce 2021 se zna\u010dce Audi poda\u0159ilo prodat 2608 aut, letos m\u011bla optimistick\u00fd pl\u00e1n dodat z\u00e1kazn\u00edk\u016fm p\u0159es 4000 kus\u016f.<\/p>\n<p>&#8222;Rok za\u010dal nad\u011bjn\u011b, ale od za\u010d\u00e1tku v\u00e1lky na Ukrajin\u011b a n\u00e1sledn\u00fdmi probl\u00e9my v dodavatelsk\u00fdch \u0159et\u011bzc\u00edch, ke kter\u00fdm p\u0159isp\u011bl i lockdown v \u010c\u00edn\u011b, letos budeme schopni dodat n\u011bco p\u0159es t\u0159i tis\u00edce automobil\u016f,&#8220; zhodnotil Archleb leto\u0161ek s t\u00edm, \u017ee je\u0161t\u011b do poloviny roku se objedn\u00e1vky jen hrnuly, druh\u00e1 polovina roku byla hor\u0161\u00ed.<\/p>\n<p>&#8222;Podnikatel\u00e9 a firmy se za\u010daly ob\u00e1vat rostouc\u00edch cen energi\u00ed a m\u00e9n\u011b nakupovali nov\u00e1 auta. P\u0159esto bude leto\u0161ek s odhadovan\u00fdmi 3400 dodan\u00fdmi kusy jednou z na\u0161ich nejlep\u0161\u00edch prodejn\u00edch sezon. Dos\u00e1hli jsme na tr\u017en\u00ed pod\u00edl ve v\u00fd\u0161i 1,8 procenta,&#8220; uvedl \u0161\u00e9f divize. Da\u0159ilo se podle n\u011bj i v prodeji sportovn\u00edch verz\u00ed, kde Audi udalo skoro 200 kus\u016f.<\/p>\n<p><strong>Co p\u0159inese rok 2023?<\/strong><\/p>\n<p>&#8222;Vy\u0159izujeme prvn\u00ed objedn\u00e1vky na model Q8 etron, v pr\u016fb\u011bhu roku p\u0159ibude je\u0161t\u011b Q6 etron, kter\u00fd se velikost\u00ed za\u0159ad\u00ed k modelu Q5. Na p\u0159\u00ed\u0161t\u00ed rok si tak\u00e9 brous\u00edme zuby na RS 6 Avant Preformance,&#8220; sl\u00edbil Archleb.<\/p>\n<p>St\u00e1le se podle n\u011bj z\u0159ejm\u011b bude \u010dekat n\u011bkolik m\u011bs\u00edc\u016f na n\u011bkter\u00e9 vybran\u00e9 modely, dodac\u00ed lh\u016fty se pohybuj\u00ed od dvou do 12 m\u011bs\u00edc\u016f. Nejdel\u0161\u00ed \u010deka\u010dky jsou na model RS3, kter\u00fd zna\u010dka pro jistotu vy\u0159adila i z konfigur\u00e1toru.<\/p>\n","protected":false},"excerpt":{"rendered":"<div class=\"mh-excerpt\"><p>\u0160\u00e9f divize Audiv Porsche \u010cR Marcel Archleb svolal 1. prosince novin\u00e1\u0159e na pra\u017eskou Kampu, aby zhodnotil leto\u0161n\u00ed rok a poodhalil pl\u00e1ny do roku p\u0159\u00ed\u0161t\u00edho. Kolik <a class=\"mh-excerpt-more\" href=\"https:\/\/www.automakersnews.cz\/index.php\/2022\/12\/01\/audi-letos-proda-v-cr-pres-3000-aut\/\" title=\"Audi letos prod\u00e1 v \u010cR p\u0159es 3000 aut\">[&#8230;]<\/a><\/p>\n<\/div>","protected":false},"author":1,"featured_media":5968,"comment_status":"open","ping_status":"open","sticky":false,"template":"","format":"standard","meta":{"footnotes":""},"categories":[2],"tags":[],"class_list":["post-5966","post","type-post","status-publish","format-standard","has-post-thumbnail","hentry","category-news"],"_links":{"self":[{"href":"https:\/\/www.automakersnews.cz\/index.php\/wp-json\/wp\/v2\/posts\/5966","targetHints":{"allow":["GET"]}}],"collection":[{"href":"https:\/\/www.automakersnews.cz\/index.php\/wp-json\/wp\/v2\/posts"}],"about":[{"href":"https:\/\/www.automakersnews.cz\/index.php\/wp-json\/wp\/v2\/types\/post"}],"author":[{"embeddable":true,"href":"https:\/\/www.automakersnews.cz\/index.php\/wp-json\/wp\/v2\/users\/1"}],"replies":[{"embeddable":true,"href":"https:\/\/www.automakersnews.cz\/index.php\/wp-json\/wp\/v2\/comments?post=5966"}],"version-history":[{"count":0,"href":"https:\/\/www.automakersnews.cz\/index.php\/wp-json\/wp\/v2\/posts\/5966\/revisions"}],"wp:featuredmedia":[{"embeddable":true,"href":"https:\/\/www.automakersnews.cz\/index.php\/wp-json\/wp\/v2\/media\/5968"}],"wp:attachment":[{"href":"https:\/\/www.automakersnews.cz\/index.php\/wp-json\/wp\/v2\/media?parent=5966"}],"wp:term":[{"taxonomy":"category","embeddable":true,"href":"https:\/\/www.automakersnews.cz\/index.php\/wp-json\/wp\/v2\/categories?post=5966"},{"taxonomy":"post_tag","embeddable":true,"href":"https:\/\/www.automakersnews.cz\/index.php\/wp-json\/wp\/v2\/tags?post=5966"}],"curies":[{"name":"wp","href":"https:\/\/api.w.org\/{rel}","templated":true}]}}