{"id":59886,"date":"2023-06-29T08:08:17","date_gmt":"2023-06-29T08:08:17","guid":{"rendered":"https:\/\/www.automakersnews.cz\/?p=59886"},"modified":"2023-06-30T08:47:27","modified_gmt":"2023-06-30T08:47:27","slug":"casopis-automakers-shrnul-anketu-pr-manazer-sda","status":"publish","type":"post","link":"https:\/\/www.automakersnews.cz\/index.php\/2023\/06\/29\/casopis-automakers-shrnul-anketu-pr-manazer-sda\/","title":{"rendered":"\u010casopis Automakers shrnul anketu PR mana\u017eer SDA"},"content":{"rendered":"<p><strong>Anketa PR roku vyhl\u00e1sila v kv\u011btnu nejlep\u0161\u00ed medi\u00e1ln\u00ed servis v r\u00e1mci SDA, ale t\u00edm je\u0161t\u011b neskon\u010dila. V \u010dervnu p\u0159i\u0161lo focen\u00ed v\u00edt\u011bz\u016f s cenami, shrnut\u00ed v\u00fdsledk\u016f i fotografie p\u0159in\u00e1\u0161\u00ed letn\u00ed vyd\u00e1n\u00ed \u010dasopisu Automakers.<\/strong><!--more--><\/p>\n<p>Z celkov\u00fdch 29 nominovan\u00fdch tiskov\u00fdch mluv\u010d\u00edch se na stupn\u011b v\u00edt\u011bz\u016f se vyhoupli t\u0159i mana\u017ee\u0159i.<\/p>\n<figure id=\"attachment_59920\" aria-describedby=\"caption-attachment-59920\" style=\"width: 1024px\" class=\"wp-caption alignnone\"><img loading=\"lazy\" decoding=\"async\" class=\"size-large wp-image-59920\" src=\"http:\/\/www.automakersnews.cz\/wp-content\/uploads\/2023\/06\/PR-roku-skupina-Pankrac-1024x669.jpg\" alt=\"\" width=\"1024\" height=\"669\" srcset=\"https:\/\/www.automakersnews.cz\/wp-content\/uploads\/2023\/06\/PR-roku-skupina-Pankrac-1024x669.jpg 1024w, https:\/\/www.automakersnews.cz\/wp-content\/uploads\/2023\/06\/PR-roku-skupina-Pankrac-300x196.jpg 300w, https:\/\/www.automakersnews.cz\/wp-content\/uploads\/2023\/06\/PR-roku-skupina-Pankrac-768x502.jpg 768w, https:\/\/www.automakersnews.cz\/wp-content\/uploads\/2023\/06\/PR-roku-skupina-Pankrac-1536x1004.jpg 1536w, https:\/\/www.automakersnews.cz\/wp-content\/uploads\/2023\/06\/PR-roku-skupina-Pankrac-2048x1339.jpg 2048w\" sizes=\"auto, (max-width: 1024px) 100vw, 1024px\" \/><figcaption id=\"caption-attachment-59920\" class=\"wp-caption-text\">V centr\u00e1le Stellantisu se v \u010dervnu na focen\u00ed se\u0161li zleva: Michal Busta (KMN), Martina Bedrnov\u00e1 (DS), Martin Hejral (Opel), Radka Matthey (Peugeot), Erich Handl (Automakers)<\/figcaption><\/figure>\n<p>Lo\u0148sk\u00e9 v\u00edt\u011bzstv\u00ed obh\u00e1jila i letos Radka Matthey (Peugeot). St\u0159\u00edbro odn\u00e1\u0161\u00ed Martin Hejral z Opelu, bronz pat\u0159\u00ed Martin\u011b Bedrnov\u00e9 (DS).<strong><br \/>\n<\/strong><span id=\"more-147229\"><\/span><span id=\"more-7322\"><\/span><span id=\"more-39493\"><\/span><span id=\"more-46318\"><\/span><span id=\"more-46600\"><\/span><span id=\"more-47336\"><\/span><span id=\"more-48086\"><\/span><\/p>\n<figure id=\"attachment_59918\" aria-describedby=\"caption-attachment-59918\" style=\"width: 1024px\" class=\"wp-caption alignnone\"><img loading=\"lazy\" decoding=\"async\" class=\"size-large wp-image-59918\" src=\"http:\/\/www.automakersnews.cz\/wp-content\/uploads\/2023\/06\/Matthey-Kaloc-foceni-Busta-1024x768.jpg\" alt=\"\" width=\"1024\" height=\"768\" srcset=\"https:\/\/www.automakersnews.cz\/wp-content\/uploads\/2023\/06\/Matthey-Kaloc-foceni-Busta-1024x768.jpg 1024w, https:\/\/www.automakersnews.cz\/wp-content\/uploads\/2023\/06\/Matthey-Kaloc-foceni-Busta-300x225.jpg 300w, https:\/\/www.automakersnews.cz\/wp-content\/uploads\/2023\/06\/Matthey-Kaloc-foceni-Busta-768x576.jpg 768w, https:\/\/www.automakersnews.cz\/wp-content\/uploads\/2023\/06\/Matthey-Kaloc-foceni-Busta-1536x1152.jpg 1536w, https:\/\/www.automakersnews.cz\/wp-content\/uploads\/2023\/06\/Matthey-Kaloc-foceni-Busta-678x509.jpg 678w, https:\/\/www.automakersnews.cz\/wp-content\/uploads\/2023\/06\/Matthey-Kaloc-foceni-Busta-326x245.jpg 326w, https:\/\/www.automakersnews.cz\/wp-content\/uploads\/2023\/06\/Matthey-Kaloc-foceni-Busta-80x60.jpg 80w, https:\/\/www.automakersnews.cz\/wp-content\/uploads\/2023\/06\/Matthey-Kaloc-foceni-Busta.jpg 2040w\" sizes=\"auto, (max-width: 1024px) 100vw, 1024px\" \/><figcaption id=\"caption-attachment-59918\" class=\"wp-caption-text\">Radku i dal\u0161\u00ed premianty nafotil pro Automakers Jirka Kalo\u010d<\/figcaption><\/figure>\n<p>Klub motoristick\u00fdch novin\u00e1\u0159\u016f a Klub motoristick\u00fdch publicist\u016f vyhla\u0161uj\u00ed anketu v novodob\u00e9 historii u\u017e posedm\u00e9.<\/p>\n<p><img loading=\"lazy\" decoding=\"async\" class=\"alignnone size-large wp-image-59919\" src=\"http:\/\/www.automakersnews.cz\/wp-content\/uploads\/2023\/06\/Matthey-cena-PR-roku-Pankrac-1024x768.jpg\" alt=\"\" width=\"1024\" height=\"768\" srcset=\"https:\/\/www.automakersnews.cz\/wp-content\/uploads\/2023\/06\/Matthey-cena-PR-roku-Pankrac-1024x768.jpg 1024w, https:\/\/www.automakersnews.cz\/wp-content\/uploads\/2023\/06\/Matthey-cena-PR-roku-Pankrac-300x225.jpg 300w, https:\/\/www.automakersnews.cz\/wp-content\/uploads\/2023\/06\/Matthey-cena-PR-roku-Pankrac-768x576.jpg 768w, https:\/\/www.automakersnews.cz\/wp-content\/uploads\/2023\/06\/Matthey-cena-PR-roku-Pankrac-1536x1152.jpg 1536w, https:\/\/www.automakersnews.cz\/wp-content\/uploads\/2023\/06\/Matthey-cena-PR-roku-Pankrac-678x509.jpg 678w, https:\/\/www.automakersnews.cz\/wp-content\/uploads\/2023\/06\/Matthey-cena-PR-roku-Pankrac-326x245.jpg 326w, https:\/\/www.automakersnews.cz\/wp-content\/uploads\/2023\/06\/Matthey-cena-PR-roku-Pankrac-80x60.jpg 80w, https:\/\/www.automakersnews.cz\/wp-content\/uploads\/2023\/06\/Matthey-cena-PR-roku-Pankrac.jpg 2040w\" sizes=\"auto, (max-width: 1024px) 100vw, 1024px\" \/><\/p>\n<p>Jejich \u010dlenov\u00e9 mohli d\u00e1vat sv\u00e9 hlasy v\u0161em ofici\u00e1ln\u00edm mluv\u010d\u00edm spole\u010dnost\u00ed sdru\u017een\u00fdch v SDA, kte\u0159\u00ed poskytovali PR servis v pr\u016fb\u011bhu roku 2022.<\/p>\n<p><img loading=\"lazy\" decoding=\"async\" class=\"alignnone size-large wp-image-49281\" src=\"http:\/\/www.automakersnews.cz\/wp-content\/uploads\/2023\/05\/Elektrofest-skupina-vitezu-a-KMN-1024x683.jpg\" alt=\"\" width=\"1024\" height=\"683\" \/><\/p>\n<p><strong>Slavnostn\u00ed vyhl\u00e1\u0161en\u00ed v\u00edt\u011bz\u016f se konalo 24. kv\u011btna na elektrick\u00e9m parn\u00edku Marie d Bohemia.<\/strong><\/p>\n<figure id=\"attachment_49282\" class=\"wp-caption alignnone\" aria-describedby=\"caption-attachment-49282\"><img loading=\"lazy\" decoding=\"async\" class=\"size-large wp-image-49282\" src=\"http:\/\/www.automakersnews.cz\/wp-content\/uploads\/2023\/05\/Radka-Roman-1024x683.jpg\" alt=\"\" width=\"1024\" height=\"683\" \/><figcaption id=\"caption-attachment-49282\" class=\"wp-caption-text\">V\u00edt\u011bzce pop\u0159\u00e1l i moder\u00e1tor akce Roman Vojtek<\/figcaption><\/figure>\n<p>\u2014\u2014\u2014\u2014\u2014\u2014\u2014\u2014\u2014\u2014\u2014\u2014\u2014\u2014\u2014\u2014\u2014\u2014\u2014\u2013<\/p>\n<p><strong>FIN\u00c1LOV\u00c9 V\u00ddSLEDKY:<\/strong><\/p>\n<p><strong>Radka Matthey, Peugeot (12 hlas\u016f)<br \/>\n<\/strong><\/p>\n<p><strong>Martin Hejral, Opel (9 hlas\u016f)<br \/>\n<\/strong><\/p>\n<p><strong>Martina Bedrnov\u00e1, DS (6 hlas\u016f)<\/strong><\/p>\n<p>\u2014\u2014\u2014\u2014\u2014\u2014\u2014\u2014\u2014\u2014\u2014\u2014\u2014\u2014\u2014\u2014\u2014\u2014\u2014\u2014\u2014\u2014\u2014\u2014\u2013<\/p>\n<p><strong>Leto\u0161n\u00ed celkov\u00e9 nominace do sout\u011b\u017ee ankety:<\/strong><\/p>\n<p>\u2014\u2014\u2014\u2014\u2014\u2014\u2014\u2014\u2014\u2014\u2014\u2014\u2014\u2014\u2014\u2014\u2014\u2014\u2014\u2014\u2014\u2014\u2014\u2014\u2013<\/p>\n<p><strong>Dominika Baborsk\u00e1, Suzuki<\/strong><\/p>\n<p><strong>Martina Bedrnov\u00e1, DS<\/strong><\/p>\n<p><strong>Petr Burian, Ford<\/strong><\/p>\n<p><strong>Olga Dittrich, Land Rover<\/strong><\/p>\n<p><strong>David Haidinger, BMW, Mini<\/strong><\/p>\n<p><strong>Martin Hejral, Opel<\/strong><\/p>\n<p><strong>Libor Hlisnikovsk\u00fd, Porsche<\/strong><\/p>\n<p><strong>Mark\u00e9ta Kuklov\u00e1, Mazda<\/strong><\/p>\n<p><strong>Jitka Jechov\u00e1, Toyota<\/strong><\/p>\n<p><strong>Michal Kudela, Rolls Royce<\/strong><\/p>\n<p><strong>David Kopal, Ferrari<\/strong><\/p>\n<p><strong>Tom\u00e1\u0161 Kotera, \u0160koda<\/strong><\/p>\n<p><strong>Pavel J\u00edna, \u0160koda<\/strong><\/p>\n<p><strong>Sylva Marounkov\u00e1, FIAT, Jeep, Alfa<\/strong><\/p>\n<p><strong>Lenka Martinov\u00e1, Citro\u00ebn<\/strong><\/p>\n<p><strong>Radka Matthey, Peugeot<\/strong><\/p>\n<p><strong>David Pavl\u00ed\u010dek, Hyundai<\/strong><\/p>\n<p><strong>Dieter Platzer, Jaguar<\/strong><\/p>\n<p><strong>Ji\u0159\u00ed Rozko\u0161n\u00fd, Audi<\/strong><\/p>\n<p><strong>Jitka Skali\u010dkov\u00e1, Renault, Dacia<\/strong><\/p>\n<p><strong>Linda \u0160ed\u00e1, Citro\u00ebn<\/strong><\/p>\n<p><strong>Martin \u0160lechta, Mercedes<\/strong><\/p>\n<p><strong>Zden\u011bk \u0160t\u011bp\u00e1nek, \u0160koda<\/strong><\/p>\n<p><strong>Filip Stoulil, CUPRA, SEAT<\/strong><\/p>\n<p><strong>David Valenta, VW<\/strong><\/p>\n<p><strong>Kate\u0159ina Va\u0148kov\u00e1 Jougl\u00ed\u010dkov\u00e1, Kia<\/strong><\/p>\n<p><strong>Lenka Va\u0148kov\u00e1, VW U\u017eitkov\u00e9<\/strong><\/p>\n<p><strong>Marek Vodi\u010dka, Mitsubishi, MG<\/strong><\/p>\n<p><strong>Zden\u011bk Zikmund, Subaru<\/strong><\/p>\n<p>\u2014\u2014\u2014\u2014\u2014\u2014\u2014\u2014\u2014\u2014\u2014\u2014\u2014\u2014\u2014\u2014\u2014\u2014\u2014\u2014<\/p>\n<p><strong>Po ov\u011b\u0159en\u00ed hlas\u016f byli verifikov\u00e1ny l\u00edstky t\u011bchto porotc\u016f<\/strong><strong>:<\/strong><\/p>\n<p>Bart\u00e1k Petr<\/p>\n<p>Ber\u00e1nek Karel<\/p>\n<p>Brej\u017eek Bohumil<\/p>\n<p>Busta Michal<\/p>\n<p>Dittrich Luk\u00e1\u0161<\/p>\n<p>Fiala Franti\u0161ek<\/p>\n<p>Handl, Erich<\/p>\n<p>Hanke Petr<\/p>\n<p>Hor\u00e1k Petr<\/p>\n<p>Hyan Tom\u00e1\u0161<\/p>\n<p>Jirou\u0161 Milan<\/p>\n<p>Kol\u00e1r Jakub<\/p>\n<p>Kortus Lud\u011bk<\/p>\n<p>Kostoln\u00edk Petr<\/p>\n<p>Kot\u00e1s Hugo<\/p>\n<p>Krenar Ji\u0159\u00ed<\/p>\n<p>Kvartek Jan<\/p>\n<p>Kv\u00e1\u0161ov\u00e1 Sabina<\/p>\n<p>Majurn\u00edk, Jan<\/p>\n<p>Novotn\u00fd Jan<\/p>\n<p>Pec\u00e1k Radek<\/p>\n<p>Pechr Zby\u0161ek<\/p>\n<p>Rybeck\u00fd Vladimir,<\/p>\n<p>Rychtera, Mario<\/p>\n<p>\u0160idl\u00e1k, Martin<\/p>\n<p>\u0160tajf Ota<\/p>\n<p>\u0160t\u011brba Martin<\/p>\n<p>\u0160t\u011brba Roman<\/p>\n<p>Svoboda Ji\u0159\u00ed<\/p>\n<p>Tom\u00ed\u0161ek Marek<\/p>\n<p>Vavera Jaroslav<\/p>\n<p>Vondr\u00e1\u010dek Pavel<\/p>\n<p>Vysko\u010dil Ale\u0161<\/p>\n","protected":false},"excerpt":{"rendered":"<div class=\"mh-excerpt\"><p>Anketa PR roku vyhl\u00e1sila v kv\u011btnu nejlep\u0161\u00ed medi\u00e1ln\u00ed servis v r\u00e1mci SDA, ale t\u00edm je\u0161t\u011b neskon\u010dila. V \u010dervnu p\u0159i\u0161lo focen\u00ed v\u00edt\u011bz\u016f s cenami, shrnut\u00ed v\u00fdsledk\u016f <a class=\"mh-excerpt-more\" href=\"https:\/\/www.automakersnews.cz\/index.php\/2023\/06\/29\/casopis-automakers-shrnul-anketu-pr-manazer-sda\/\" title=\"\u010casopis Automakers shrnul anketu PR mana\u017eer SDA\">[&#8230;]<\/a><\/p>\n<\/div>","protected":false},"author":1,"featured_media":59888,"comment_status":"open","ping_status":"open","sticky":false,"template":"","format":"standard","meta":{"footnotes":""},"categories":[2],"tags":[],"class_list":["post-59886","post","type-post","status-publish","format-standard","has-post-thumbnail","hentry","category-news"],"_links":{"self":[{"href":"https:\/\/www.automakersnews.cz\/index.php\/wp-json\/wp\/v2\/posts\/59886","targetHints":{"allow":["GET"]}}],"collection":[{"href":"https:\/\/www.automakersnews.cz\/index.php\/wp-json\/wp\/v2\/posts"}],"about":[{"href":"https:\/\/www.automakersnews.cz\/index.php\/wp-json\/wp\/v2\/types\/post"}],"author":[{"embeddable":true,"href":"https:\/\/www.automakersnews.cz\/index.php\/wp-json\/wp\/v2\/users\/1"}],"replies":[{"embeddable":true,"href":"https:\/\/www.automakersnews.cz\/index.php\/wp-json\/wp\/v2\/comments?post=59886"}],"version-history":[{"count":0,"href":"https:\/\/www.automakersnews.cz\/index.php\/wp-json\/wp\/v2\/posts\/59886\/revisions"}],"wp:featuredmedia":[{"embeddable":true,"href":"https:\/\/www.automakersnews.cz\/index.php\/wp-json\/wp\/v2\/media\/59888"}],"wp:attachment":[{"href":"https:\/\/www.automakersnews.cz\/index.php\/wp-json\/wp\/v2\/media?parent=59886"}],"wp:term":[{"taxonomy":"category","embeddable":true,"href":"https:\/\/www.automakersnews.cz\/index.php\/wp-json\/wp\/v2\/categories?post=59886"},{"taxonomy":"post_tag","embeddable":true,"href":"https:\/\/www.automakersnews.cz\/index.php\/wp-json\/wp\/v2\/tags?post=59886"}],"curies":[{"name":"wp","href":"https:\/\/api.w.org\/{rel}","templated":true}]}}