{"id":60212,"date":"2023-06-29T08:07:02","date_gmt":"2023-06-29T08:07:02","guid":{"rendered":"https:\/\/www.automakersnews.cz\/?p=60212"},"modified":"2023-06-29T08:13:07","modified_gmt":"2023-06-29T08:13:07","slug":"m-motors-chce-29-dealeru-pro-znacku-mg","status":"publish","type":"post","link":"https:\/\/www.automakersnews.cz\/index.php\/2023\/06\/29\/m-motors-chce-29-dealeru-pro-znacku-mg\/","title":{"rendered":"M Motors chce 29 dealer\u016f pro zna\u010dku MG"},"content":{"rendered":"<p><strong>M Motors loni za\u010dalo importovat vozy MG, aby produktov\u011b podpo\u0159ilo sv\u00e9 dealery. Ti zah\u00e1jili ofici\u00e1ln\u00ed prodej \u010d\u00ednsk\u00fdch aut\u00a0 pr\u00e1v\u011b p\u0159ed rokem, 1. \u010dervence 2022. Podle vlastn\u00edch statistik letos eviduj\u00ed p\u0159es 2 000 objedn\u00e1vek.\u00a0V\u00fdsledky za dvan\u00e1ct m\u011bs\u00edc\u016f hodnotil \u0161\u00e9f importu Kamil \u0160ilhav\u00fd.<\/strong><!--more--><\/p>\n<p>\u201eZa uplynul\u00fd rok jsme si pro\u0161li \u0159adou skv\u011bl\u00fdch moment\u016f a jsme hrd\u00ed na to, co nyn\u00ed zna\u010dka MG v\u00a0obou na\u0161ich zem\u00edch reprezentuje\u201c, \u0159\u00edk\u00e1 Kamil \u0160ilhav\u00fd, gener\u00e1ln\u00ed \u0159editel M Motors.<\/p>\n<figure id=\"attachment_38767\" aria-describedby=\"caption-attachment-38767\" style=\"width: 1024px\" class=\"wp-caption alignnone\"><img loading=\"lazy\" decoding=\"async\" class=\"size-large wp-image-38767\" src=\"http:\/\/www.automakersnews.cz\/wp-content\/uploads\/2023\/04\/Mitsubishi-Silhavy-Zahrada-1024x576.jpg\" alt=\"\" width=\"1024\" height=\"576\" srcset=\"https:\/\/www.automakersnews.cz\/wp-content\/uploads\/2023\/04\/Mitsubishi-Silhavy-Zahrada-1024x576.jpg 1024w, https:\/\/www.automakersnews.cz\/wp-content\/uploads\/2023\/04\/Mitsubishi-Silhavy-Zahrada-300x169.jpg 300w, https:\/\/www.automakersnews.cz\/wp-content\/uploads\/2023\/04\/Mitsubishi-Silhavy-Zahrada-768x432.jpg 768w, https:\/\/www.automakersnews.cz\/wp-content\/uploads\/2023\/04\/Mitsubishi-Silhavy-Zahrada-1536x864.jpg 1536w, https:\/\/www.automakersnews.cz\/wp-content\/uploads\/2023\/04\/Mitsubishi-Silhavy-Zahrada-678x381.jpg 678w, https:\/\/www.automakersnews.cz\/wp-content\/uploads\/2023\/04\/Mitsubishi-Silhavy-Zahrada.jpg 2048w\" sizes=\"auto, (max-width: 1024px) 100vw, 1024px\" \/><figcaption id=\"caption-attachment-38767\" class=\"wp-caption-text\">Kamil \u0160ilhav\u00fd (vlevo), zde v akci na tiskovce dal\u0161\u00ed zna\u010dky M Motors, japonsk\u00e9ho Mitsubishi<\/figcaption><\/figure>\n<p>\u201eVlastn\u011b to je zku\u0161enost k nezaplacen\u00ed, proto\u017ee to nebyla jen proch\u00e1zka r\u016f\u017eovou zahradou a za\u017eili jsme si tak\u00e9 slo\u017eit\u011bj\u0161\u00ed chv\u00edle, ale o to je te\u010f lep\u0161\u00ed pocit z t\u00e9 cesty, kter\u00e1 trv\u00e1 u\u017e 365 dn\u016f. Jsem hrd\u00fd na sv\u00e9 kolegy, kte\u0159\u00ed v\u011bnovali na\u0161\u00ed nov\u00e9 zna\u010dce mnoho \u010dasu a \u00fasil\u00ed,\u201c dod\u00e1v\u00e1 \u0160ilhav\u00fd.<\/p>\n<p><img loading=\"lazy\" decoding=\"async\" class=\"alignnone size-large wp-image-14372\" src=\"http:\/\/www.automakersnews.cz\/wp-content\/uploads\/2023\/01\/MG-Brumlovka-auta-prapor-1024x768.jpg\" alt=\"\" width=\"1024\" height=\"768\" \/><\/p>\n<p>Spole\u010dnost SAIC, majitel zna\u010dky MG Motor, postupuje Evropou s jasn\u00fdm c\u00edlem \u2013 nab\u00eddnout evropsk\u00fdm z\u00e1kazn\u00edk\u016fm jedine\u010dn\u00fd pom\u011br mezi sportovn\u00edm designem, pr\u00e9miovou kvalitou, technologi\u00ed, 7letou z\u00e1rukou, a to v\u0161e podle automobilky za konkurenceschopn\u00e9 ceny.<\/p>\n<figure id=\"attachment_14374\" aria-describedby=\"caption-attachment-14374\" style=\"width: 750px\" class=\"wp-caption alignnone\"><img loading=\"lazy\" decoding=\"async\" class=\"size-full wp-image-14374\" src=\"http:\/\/www.automakersnews.cz\/wp-content\/uploads\/2023\/01\/MG-Vodicka-Brumlovka-hejna.jpg\" alt=\"\" width=\"750\" height=\"563\" srcset=\"https:\/\/www.automakersnews.cz\/wp-content\/uploads\/2023\/01\/MG-Vodicka-Brumlovka-hejna.jpg 750w, https:\/\/www.automakersnews.cz\/wp-content\/uploads\/2023\/01\/MG-Vodicka-Brumlovka-hejna-300x225.jpg 300w, https:\/\/www.automakersnews.cz\/wp-content\/uploads\/2023\/01\/MG-Vodicka-Brumlovka-hejna-678x509.jpg 678w, https:\/\/www.automakersnews.cz\/wp-content\/uploads\/2023\/01\/MG-Vodicka-Brumlovka-hejna-326x245.jpg 326w, https:\/\/www.automakersnews.cz\/wp-content\/uploads\/2023\/01\/MG-Vodicka-Brumlovka-hejna-80x60.jpg 80w\" sizes=\"auto, (max-width: 750px) 100vw, 750px\" \/><figcaption id=\"caption-attachment-14374\" class=\"wp-caption-text\">\u0160\u00e9f marketingu MG Marek Vodi\u010dka zved\u00e1 palec, MG loni prodala v \u010cR a SR p\u0159es 400 aut, letos c\u00edl\u00ed na celkem 3000 kus\u016f (2000 \u010cesko)<\/figcaption><\/figure>\n<p>Strategie v\u00a0regionu st\u0159edn\u00ed a v\u00fdchodn\u00ed Evropy, do kter\u00e9 spad\u00e1 i \u010cesko a Slovensko umo\u017enila hned od za\u010d\u00e1tku nab\u00edzet dostupn\u00e9 rodinn\u00e9 modely MG ZS a HS vybaven\u00e9 benzinov\u00fdmi motory dopln\u011bn\u00e9 o \u0161pi\u010dkov\u00e9 plug-in hybridn\u00ed MG EHS, kter\u00e9 si d\u00edky sv\u00fdm parametr\u016fm a kvalit\u011b m\u016f\u017ee klidn\u011b pom\u011b\u0159ovat s\u00edly i s\u00a0pr\u00e9miov\u00fdmi zna\u010dkami.<\/p>\n<p><img loading=\"lazy\" decoding=\"async\" class=\"alignnone size-large wp-image-46939\" src=\"http:\/\/www.automakersnews.cz\/wp-content\/uploads\/2023\/05\/MG-4-rodina-M-Motors-1024x768.jpg\" alt=\"\" width=\"1024\" height=\"768\" \/><\/p>\n<p><strong>Elektrick\u00e1 ofenziva v \u010d\u00ednsk\u00e9m stylu<\/strong><\/p>\n<p>\u201eNyn\u00ed ale tak\u00e9 za\u010d\u00edn\u00e1 doba pln\u011b elektrick\u00e1. P\u0159ed p\u00e1r t\u00fddny jsme p\u0159edstavili dlouho o\u010dek\u00e1van\u00fd elektrick\u00fd hatchback MG4, kter\u00fd nab\u00edz\u00edme za bezkonkuren\u010dn\u00ed cenu a za chv\u00edli je tu na evropsk\u00e9m trhu st\u00e1le unik\u00e1tn\u00ed pln\u011b elektrick\u00fd komb\u00edk MG5. A ten z\u00e1hy dopln\u00edme o ZS EV\u2026na\u0161i z\u00e1kazn\u00edci se maj\u00ed prost\u011b na co t\u011b\u0161it. C\u00edlem je nab\u00edzet ucelenou \u0159adu voz\u016f MG pro soukromou i firemn\u00ed klientelu\u201c, komentuje Kamil \u0160ilhav\u00fd o\u010dek\u00e1van\u00e9 novinky.<\/p>\n<p><img loading=\"lazy\" decoding=\"async\" class=\"alignnone size-large wp-image-46941\" src=\"http:\/\/www.automakersnews.cz\/wp-content\/uploads\/2023\/05\/MG-4-Vodicka-Karlin-1024x768.jpg\" alt=\"\" width=\"1024\" height=\"768\" \/><\/p>\n<p><strong>Rozvoj dealersk\u00e9 s\u00edt\u011b<\/strong><\/p>\n<p>Rozvoj zna\u010dky MG v\u00a0\u010cech\u00e1ch a na Slovensku je v\u00fdrazn\u011b podpo\u0159en tak\u00e9 roz\u0161i\u0159ov\u00e1n\u00edm dealersk\u00e9 s\u00edt\u011b pro co nejsnaz\u0161\u00ed obslou\u017een\u00ed potenci\u00e1ln\u00edch z\u00e1kazn\u00edk\u016f ve v\u0161ech regionech. Prodejn\u00ed a servisn\u00ed s\u00ed\u0165 se tak z\u00e1hy rozroste na 29 dealer\u016f v\u00a0\u010cR a 13 na Slovensku.<\/p>\n<p>&nbsp;<\/p>\n<p>&nbsp;<\/p>\n","protected":false},"excerpt":{"rendered":"<div class=\"mh-excerpt\"><p>M Motors loni za\u010dalo importovat vozy MG, aby produktov\u011b podpo\u0159ilo sv\u00e9 dealery. Ti zah\u00e1jili ofici\u00e1ln\u00ed prodej \u010d\u00ednsk\u00fdch aut\u00a0 pr\u00e1v\u011b p\u0159ed rokem, 1. \u010dervence 2022. Podle <a class=\"mh-excerpt-more\" href=\"https:\/\/www.automakersnews.cz\/index.php\/2023\/06\/29\/m-motors-chce-29-dealeru-pro-znacku-mg\/\" title=\"M Motors chce 29 dealer\u016f pro zna\u010dku MG\">[&#8230;]<\/a><\/p>\n<\/div>","protected":false},"author":1,"featured_media":227,"comment_status":"open","ping_status":"open","sticky":false,"template":"","format":"standard","meta":{"footnotes":""},"categories":[37,50],"tags":[],"class_list":["post-60212","post","type-post","status-publish","format-standard","has-post-thumbnail","hentry","category-importeri","category-vysledky"],"_links":{"self":[{"href":"https:\/\/www.automakersnews.cz\/index.php\/wp-json\/wp\/v2\/posts\/60212","targetHints":{"allow":["GET"]}}],"collection":[{"href":"https:\/\/www.automakersnews.cz\/index.php\/wp-json\/wp\/v2\/posts"}],"about":[{"href":"https:\/\/www.automakersnews.cz\/index.php\/wp-json\/wp\/v2\/types\/post"}],"author":[{"embeddable":true,"href":"https:\/\/www.automakersnews.cz\/index.php\/wp-json\/wp\/v2\/users\/1"}],"replies":[{"embeddable":true,"href":"https:\/\/www.automakersnews.cz\/index.php\/wp-json\/wp\/v2\/comments?post=60212"}],"version-history":[{"count":0,"href":"https:\/\/www.automakersnews.cz\/index.php\/wp-json\/wp\/v2\/posts\/60212\/revisions"}],"wp:featuredmedia":[{"embeddable":true,"href":"https:\/\/www.automakersnews.cz\/index.php\/wp-json\/wp\/v2\/media\/227"}],"wp:attachment":[{"href":"https:\/\/www.automakersnews.cz\/index.php\/wp-json\/wp\/v2\/media?parent=60212"}],"wp:term":[{"taxonomy":"category","embeddable":true,"href":"https:\/\/www.automakersnews.cz\/index.php\/wp-json\/wp\/v2\/categories?post=60212"},{"taxonomy":"post_tag","embeddable":true,"href":"https:\/\/www.automakersnews.cz\/index.php\/wp-json\/wp\/v2\/tags?post=60212"}],"curies":[{"name":"wp","href":"https:\/\/api.w.org\/{rel}","templated":true}]}}