{"id":604,"date":"2022-10-24T08:15:01","date_gmt":"2022-10-24T08:15:01","guid":{"rendered":"https:\/\/www.automakersnews.cz\/?p=604"},"modified":"2022-10-24T08:15:01","modified_gmt":"2022-10-24T08:15:01","slug":"zeman-chce-gigafactory-v-prunerove","status":"publish","type":"post","link":"https:\/\/www.automakersnews.cz\/index.php\/2022\/10\/24\/zeman-chce-gigafactory-v-prunerove\/","title":{"rendered":"Zeman chce Gigafactory v Prun\u00e9\u0159ov\u011b"},"content":{"rendered":"<p><strong><span class=\"advancedHighlight SearchKeywordHighlight\" data-classic=\"true\">Gigafactory<\/span>, jej\u00ed\u017e\u00a0<span class=\"e5id0 advancedHighlight\" data-id=\"1\" data-classic=\"false\">v\u00fdstavbu<\/span>\u00a0ve\u00a0<span class=\"e0id8 advancedHighlight\" data-id=\"2\" data-classic=\"false\">st\u0159edn\u00ed<\/span>\u00a0<span class=\"e0id8 advancedHighlight\" data-id=\"2\" data-classic=\"false\">Evrop\u011b<\/span>\u00a0pl\u00e1nuje koncern\u00a0<span class=\"e1id0 e4id0 advancedHighlight\" data-id=\"4\" data-classic=\"false\">Volkswagen<\/span>, by na \u010desk\u00e9m \u00fazem\u00ed mohla vzniknout v pr\u016fmyslov\u00e9 z\u00f3n\u011b na m\u00edst\u011b b\u00fdval\u00e9\u00a0<span class=\"e1id3 advancedHighlight\" data-id=\"5\" data-classic=\"false\">elektr\u00e1rny<\/span>\u00a0<span class=\"e1id3 advancedHighlight\" data-id=\"5\" data-classic=\"false\">Prun\u00e9\u0159ov<\/span>. Mysl\u00ed si to\u00a0<span class=\"e5id5 advancedHighlight\" data-id=\"7\" data-classic=\"false\">prezident<\/span>\u00a0<span class=\"e2id0 advancedHighlight\" data-id=\"8\" data-classic=\"false\">Milo\u0161<\/span>\u00a0<span class=\"e2id0 advancedHighlight e-person SearchKeywordHighlight\" data-id=\"9\" data-classic=\"true\">Zeman<\/span>. Poukazuje na \u010detn\u00e9 v\u00fdhrady k mo\u017en\u00e9mu zru\u0161en\u00ed leti\u0161t\u011b v L\u00edn\u00edch u\u00a0<span class=\"e0id1 advancedHighlight\" data-id=\"10\" data-classic=\"false\">Plzn\u011b<\/span>.<\/strong><!--more--><br \/>\n<span class=\"e2id0 advancedHighlight e-person SearchKeywordHighlight\" data-id=\"9\" data-classic=\"true\">Zeman<\/span>\u00a0mo\u017enou\u00a0<span class=\"e5id0 advancedHighlight\" data-id=\"1\" data-classic=\"false\">v\u00fdstavbu<\/span>\u00a0tov\u00e1rny na\u00a0<span class=\"e5id1 advancedHighlight\" data-id=\"13\" data-classic=\"false\">v\u00fdrobu<\/span>\u00a0bateri\u00ed pro elektromobily, kter\u00e1 by znamenala investici v \u0159\u00e1du des\u00edtek miliard korun, zm\u00ednil v \u00fater\u00fd na z\u00e1v\u011br n\u00e1v\u0161t\u011bvy\u00a0<span class=\"e0id2 advancedHighlight\" data-id=\"14\" data-classic=\"false\">\u00dasteck\u00e9ho<\/span>\u00a0<span class=\"e0id2 advancedHighlight\" data-id=\"14\" data-classic=\"false\">kraje<\/span>. P\u0159i setk\u00e1n\u00ed s veden\u00edm kraje p\u0159ipomn\u011bl i mo\u017enou n\u00e1vaznost tov\u00e1rny na p\u0159\u00edpadnou\u00a0<span class=\"e5id2 advancedHighlight\" data-id=\"16\" data-classic=\"false\">t\u011b\u017ebu<\/span>\u00a0lithia, kter\u00e1 by se mohla v budoucnu rozb\u011bhnout v souvislosti s lo\u017eiskem v oblasti\u00a0<span class=\"e0id3 advancedHighlight\" data-id=\"17\" data-classic=\"false\">C\u00ednovce<\/span>.<\/p>\n<p>\u201eCht\u011bl bych ocenit, \u017ee\u00a0<span class=\"e5id2 advancedHighlight\" data-id=\"16\" data-classic=\"false\">t\u011b\u017eba<\/span>\u00a0lithia m\u016f\u017ee b\u00fdt spojena i s\u00a0<span class=\"advancedHighlight SearchKeywordHighlight\" data-classic=\"true\">Gigafactory<\/span>, pro kterou, jak m\u011b pan\u00a0<span class=\"e5id6 advancedHighlight\" data-id=\"20\" data-classic=\"false\">hejtman<\/span>\u00a0informoval, u\u017e m\u00e1te lokalitu v\u00a0<span class=\"e0id0 advancedHighlight\" data-id=\"21\" data-classic=\"false\">Prun\u00e9\u0159ov\u011b<\/span>. T\u00edm sp\u00ed\u0161e, \u017ee p\u016fvodn\u011b zam\u00fd\u0161len\u00e1 lokalita na\u00a0<span class=\"e0id4 advancedHighlight\" data-id=\"22\" data-classic=\"false\">Plze\u0148sku<\/span>\u00a0se setk\u00e1vala s odporem jak arm\u00e1dy, tak m\u00edstn\u00edch obyvatel,\u201c p\u0159ipomn\u011bl\u00a0<span class=\"e2id0 advancedHighlight e-person SearchKeywordHighlight\" data-id=\"9\" data-classic=\"true\">Zeman<\/span>\u00a0kontroverze v\u016f\u010di zva\u017eovan\u00e9mu zru\u0161en\u00ed arm\u00e1dn\u00edho leti\u0161t\u011b.<\/p>\n<p><strong>Nep\u0159ipraven\u00fd st\u00e1t<\/strong><\/p>\n<p>A\u010dkoliv\u00a0<span class=\"e1id0 e4id0 advancedHighlight\" data-id=\"4\" data-classic=\"false\">Volkswagen<\/span>\u00a0avizoval, \u017ee kone\u010dn\u00e9 rozhodnut\u00ed o tom, zda\u00a0<span class=\"advancedHighlight SearchKeywordHighlight\" data-classic=\"true\">Gigafactory<\/span>\u00a0vznikne v\u00a0<span class=\"e0id5 advancedHighlight\" data-id=\"26\" data-classic=\"false\">\u010cesk\u00e9<\/span>\u00a0<span class=\"e0id5 advancedHighlight\" data-id=\"26\" data-classic=\"false\">republice<\/span>,\u00a0<span class=\"e0id6 advancedHighlight\" data-id=\"28\" data-classic=\"false\">Ma\u010farsku<\/span>, \u010di\u00a0<span class=\"e0id7 advancedHighlight\" data-id=\"29\" data-classic=\"false\">Polsku<\/span>, padne do konce roku,\u00a0<span class=\"e2id1 advancedHighlight\" data-id=\"30\" data-classic=\"false\">Martin<\/span>\u00a0<span class=\"e2id1 advancedHighlight\" data-id=\"30\" data-classic=\"false\">Jahn<\/span>,\u00a0<span class=\"e5id7 advancedHighlight\" data-id=\"32\" data-classic=\"false\">\u010dlen<\/span>\u00a0p\u0159edstavenstva\u00a0<span class=\"e1id1 e4id0 advancedHighlight\" data-id=\"33\" data-classic=\"false\">\u0160kody<\/span>\u00a0<span class=\"e1id1 e4id0 advancedHighlight\" data-id=\"33\" data-classic=\"false\">Auto<\/span>, kter\u00e1 je jednou ze zna\u010dek koncernu, p\u0159ipomn\u011bl dlouhodobou nep\u0159ipravenost st\u00e1tu na podobn\u011b z\u00e1sadn\u00ed investi\u010dn\u00ed z\u00e1m\u011bry.<\/p>\n<p>\u201eZa posledn\u00edch 15 let nep\u0159ipravila ani jedna vl\u00e1da na \u00fazem\u00ed\u00a0<span class=\"e0id5 advancedHighlight\" data-id=\"26\" data-classic=\"false\">\u010cesk\u00e9<\/span>\u00a0<span class=\"e0id5 advancedHighlight\" data-id=\"26\" data-classic=\"false\">republiky<\/span>\u00a0\u017e\u00e1dnou strategickou pr\u016fmyslovou z\u00f3nu pro p\u0159\u00edchod mo\u017en\u00e9ho\u00a0<span class=\"e5id3 advancedHighlight\" data-id=\"37\" data-classic=\"false\">investora<\/span>,\u201c konstatoval v souvislosti s nyn\u011bj\u0161\u00edmi debatami o v\u00fdb\u011bru nejvhodn\u011bj\u0161\u00ed lokality.<\/p>\n<p>Podle b\u00fdval\u00e9ho\u00a0<span class=\"e5id4 advancedHighlight\" data-id=\"38\" data-classic=\"false\">ministra<\/span>\u00a0<span class=\"e5id4 advancedHighlight\" data-id=\"38\" data-classic=\"false\">pr\u016fmyslu<\/span>\u00a0<span class=\"e2id2 advancedHighlight\" data-id=\"40\" data-classic=\"false\">Karla<\/span>\u00a0<span class=\"e2id2 advancedHighlight\" data-id=\"40\" data-classic=\"false\">Havl\u00ed\u010dka<\/span>\u00a0(<span class=\"e1id2 advancedHighlight\" data-id=\"42\" data-classic=\"false\">ANO<\/span>) jsou strategick\u00e9 pr\u016fmyslov\u00e9 z\u00f3ny minulost\u00ed, nebo\u0165\u00a0<span class=\"e5id3 advancedHighlight\" data-id=\"37\" data-classic=\"false\">investo\u0159i<\/span>\u00a0up\u0159ednost\u0148uj\u00ed men\u0161\u00ed pr\u016fmyslov\u00e9 parky. Nadto p\u0159ipomn\u011bl, \u017ee vhodn\u00e9 lokality o velikosti nad 100 hektar\u016f prakticky nejsou.<\/p>\n<p>\u201eCo se t\u00fdk\u00e1\u00a0<span class=\"advancedHighlight SearchKeywordHighlight\" data-classic=\"true\">Gigafactory<\/span>, tak jsme pro\u00a0<span class=\"e1id0 e4id0 advancedHighlight\" data-id=\"4\" data-classic=\"false\">Volkswagen<\/span>\u00a0a dal\u0161\u00ed p\u0159ipravili n\u011bkolik variant, v\u010detn\u011b\u00a0<span class=\"e0id0 advancedHighlight\" data-id=\"21\" data-classic=\"false\">Prun\u00e9\u0159ova<\/span>, tehdy byla popt\u00e1vka\u00a0<span class=\"e1id0 e4id0 advancedHighlight\" data-id=\"4\" data-classic=\"false\">Volkswagenu<\/span>\u00a0po pozemku do 100 hektar\u016f. To\u00a0<span class=\"e0id0 advancedHighlight\" data-id=\"21\" data-classic=\"false\">Prun\u00e9\u0159ov<\/span>\u00a0spl\u0148oval,\u201c tvrd\u00ed\u00a0<span class=\"e2id2 advancedHighlight\" data-id=\"40\" data-classic=\"false\">Havl\u00ed\u010dek<\/span>, podle n\u011bho\u017e se po\u017eadavky stran rozlohy pozemk\u016f pro\u00a0<span class=\"e5id0 advancedHighlight\" data-id=\"1\" data-classic=\"false\">v\u00fdstavbu<\/span>\u00a0nav\u00fd\u0161ily a\u017e pozd\u011bji, v dob\u011b vl\u00e1dy st\u00e1vaj\u00edc\u00edho kabinetu.<\/p>\n<p>Ten bude rozhodovat, zda se vzd\u00e1 funk\u010dn\u00edho leti\u0161t\u011b, ani\u017e by m\u011bl z\u00e1ruky, \u017ee na jeho m\u00edst\u011b skute\u010dn\u011b\u00a0<span class=\"advancedHighlight SearchKeywordHighlight\" data-classic=\"true\">Gigafactory<\/span>\u00a0nakonec vznikne.<\/p>\n","protected":false},"excerpt":{"rendered":"<div class=\"mh-excerpt\"><p>Gigafactory, jej\u00ed\u017e\u00a0v\u00fdstavbu\u00a0ve\u00a0st\u0159edn\u00ed\u00a0Evrop\u011b\u00a0pl\u00e1nuje koncern\u00a0Volkswagen, by na \u010desk\u00e9m \u00fazem\u00ed mohla vzniknout v pr\u016fmyslov\u00e9 z\u00f3n\u011b na m\u00edst\u011b b\u00fdval\u00e9\u00a0elektr\u00e1rny\u00a0Prun\u00e9\u0159ov. Mysl\u00ed si to\u00a0prezident\u00a0Milo\u0161\u00a0Zeman. Poukazuje na \u010detn\u00e9 v\u00fdhrady k mo\u017en\u00e9mu zru\u0161en\u00ed <a class=\"mh-excerpt-more\" href=\"https:\/\/www.automakersnews.cz\/index.php\/2022\/10\/24\/zeman-chce-gigafactory-v-prunerove\/\" title=\"Zeman chce Gigafactory v Prun\u00e9\u0159ov\u011b\">[&#8230;]<\/a><\/p>\n<\/div>","protected":false},"author":1,"featured_media":605,"comment_status":"open","ping_status":"open","sticky":false,"template":"","format":"standard","meta":{"footnotes":""},"categories":[9],"tags":[],"class_list":["post-604","post","type-post","status-publish","format-standard","has-post-thumbnail","hentry","category-investice"],"_links":{"self":[{"href":"https:\/\/www.automakersnews.cz\/index.php\/wp-json\/wp\/v2\/posts\/604","targetHints":{"allow":["GET"]}}],"collection":[{"href":"https:\/\/www.automakersnews.cz\/index.php\/wp-json\/wp\/v2\/posts"}],"about":[{"href":"https:\/\/www.automakersnews.cz\/index.php\/wp-json\/wp\/v2\/types\/post"}],"author":[{"embeddable":true,"href":"https:\/\/www.automakersnews.cz\/index.php\/wp-json\/wp\/v2\/users\/1"}],"replies":[{"embeddable":true,"href":"https:\/\/www.automakersnews.cz\/index.php\/wp-json\/wp\/v2\/comments?post=604"}],"version-history":[{"count":0,"href":"https:\/\/www.automakersnews.cz\/index.php\/wp-json\/wp\/v2\/posts\/604\/revisions"}],"wp:featuredmedia":[{"embeddable":true,"href":"https:\/\/www.automakersnews.cz\/index.php\/wp-json\/wp\/v2\/media\/605"}],"wp:attachment":[{"href":"https:\/\/www.automakersnews.cz\/index.php\/wp-json\/wp\/v2\/media?parent=604"}],"wp:term":[{"taxonomy":"category","embeddable":true,"href":"https:\/\/www.automakersnews.cz\/index.php\/wp-json\/wp\/v2\/categories?post=604"},{"taxonomy":"post_tag","embeddable":true,"href":"https:\/\/www.automakersnews.cz\/index.php\/wp-json\/wp\/v2\/tags?post=604"}],"curies":[{"name":"wp","href":"https:\/\/api.w.org\/{rel}","templated":true}]}}