{"id":61276,"date":"2023-07-04T08:02:56","date_gmt":"2023-07-04T08:02:56","guid":{"rendered":"https:\/\/www.automakersnews.cz\/?p=61276"},"modified":"2023-07-04T08:43:20","modified_gmt":"2023-07-04T08:43:20","slug":"dacia-chysta-modernizaci-springu","status":"publish","type":"post","link":"https:\/\/www.automakersnews.cz\/index.php\/2023\/07\/04\/dacia-chysta-modernizaci-springu\/","title":{"rendered":"Dacia slibuje modernizaci Springu"},"content":{"rendered":"<p class=\"c_dq g_fr speakable\" data-dot=\"ogm-article-perex\"><strong>Redakce Automakers otestovala na konci \u010dervna posledn\u00ed verzi Dacie Spring, nejlevn\u011bj\u0161\u00edho elektromobilu na \u010desk\u00e9m trhu. Zna\u010dka mezit\u00edm ozn\u00e1mila, \u017ee v\u016fz bude pro rok 2024 d\u00e1le p\u0159epracov\u00e1n, aby mohl odrazit konkurenci nov\u011bj\u0161\u00edch elektroaut.<\/strong><!--more--><\/p>\n<p class=\"c_dq g_fr speakable\" data-dot=\"ogm-article-perex\"><strong><span>M\u011bstsk\u00e9 auto zalo\u017een\u00e9 na Renaultu Kwid K-ZE pro \u010d\u00ednsk\u00fd trh postr\u00e1d\u00e1 podle \u0161\u00e9fa designu Dacie Davida Duranda \u201etrochu modernosti\u201c a \u201emus\u00ed b\u00fdt p\u0159epracov\u00e1no, aby v\u00edce respektovalo elektrick\u00fd trend.<\/span><\/strong><\/p>\n<div class=\"ogm-container _6231b388c0086990921bf42b\">\n<div class=\"g_fy\" data-e2e=\"ogm-article-layout\">\n<article class=\"g_fA\" role=\"article\" aria-labelledby=\"accessibility-article\"><img loading=\"lazy\" decoding=\"async\" class=\"alignnone size-large wp-image-61306\" src=\"http:\/\/www.automakersnews.cz\/wp-content\/uploads\/2023\/07\/Dacia-Spring-zadek-1024x768.jpg\" alt=\"\" width=\"1024\" height=\"768\" srcset=\"https:\/\/www.automakersnews.cz\/wp-content\/uploads\/2023\/07\/Dacia-Spring-zadek-1024x768.jpg 1024w, https:\/\/www.automakersnews.cz\/wp-content\/uploads\/2023\/07\/Dacia-Spring-zadek-300x225.jpg 300w, https:\/\/www.automakersnews.cz\/wp-content\/uploads\/2023\/07\/Dacia-Spring-zadek-768x576.jpg 768w, https:\/\/www.automakersnews.cz\/wp-content\/uploads\/2023\/07\/Dacia-Spring-zadek-1536x1152.jpg 1536w, https:\/\/www.automakersnews.cz\/wp-content\/uploads\/2023\/07\/Dacia-Spring-zadek-678x509.jpg 678w, https:\/\/www.automakersnews.cz\/wp-content\/uploads\/2023\/07\/Dacia-Spring-zadek-326x245.jpg 326w, https:\/\/www.automakersnews.cz\/wp-content\/uploads\/2023\/07\/Dacia-Spring-zadek-80x60.jpg 80w, https:\/\/www.automakersnews.cz\/wp-content\/uploads\/2023\/07\/Dacia-Spring-zadek.jpg 2048w\" sizes=\"auto, (max-width: 1024px) 100vw, 1024px\" \/><\/p>\n<div class=\"g_fz\" data-dot=\"ogm-article-content\">\n<div class=\"e_dk e_dw\">\n<div class=\"e_dq speakable\" data-dot=\"mol-paragraph\">\n<p class=\"c_dq\"><span class=\"c_dI\">\u201eV\u0161imli jsme si, \u017ee spousta lid\u00ed na vzd\u00e1len\u00fdch p\u0159edm\u011bst\u00edch, nebo dokonce na venkov\u011b m\u00e1 \u200b\u200bspring jako druh\u00e9 auto. Neznamen\u00e1 to, \u017ee spring jede mimo zpevn\u011bn\u00e9 silnice, ale ve skute\u010dnosti to nen\u00ed jen auto do centra m\u011bsta.\u201c<\/span><\/p>\n<\/div>\n<div class=\"e_dq speakable\" data-dot=\"mol-paragraph\">\n<p class=\"c_dq\"><span class=\"c_dI\">V d\u016fsledku toho je vysoce pravd\u011bpodobn\u00e9, \u017ee z\u016fstane mal\u00fdm SUV se vzp\u0159\u00edmen\u00fdmi proporcemi a\u00a0plastov\u00fdm ochrann\u00fdm pl\u00e1\u0161t\u011bm karoserie, ale bude se p\u0159ibli\u017eovat plnohodnotn\u00e9 \u0159ad\u011b Dacia d\u00edky nov\u00fdm sv\u011bteln\u00fdm podpis\u016fm, design\u016fm kol, barevn\u00fdm variant\u00e1m a\u00a0ozdobn\u00fdm prvk\u016fm.<\/span><\/p>\n<\/div>\n<div class=\"e_eS js-ad e_a0\">\n<div class=\"e_d1\"><\/div>\n<div class=\"c_d c_h c_l e_d4 e_d5 b_c\">V pl\u00e1nu by mohlo b\u00fdt i osv\u011b\u017een\u00ed interi\u00e9ru s nov\u00fdmi technologick\u00fdmi prvky a materi\u00e1ly.<\/div>\n<\/div>\n<div class=\"e_dq speakable\" data-dot=\"mol-paragraph\">\n<p class=\"c_dq\"><span class=\"c_dI\">Nen\u00ed jasn\u00e9, zda dojde k\u00a0n\u011bjak\u00fdm zm\u011bn\u00e1m v\u00a0hnac\u00edm \u00fastroj\u00ed springu o\u00a0v\u00fdkonu a\u017e 65\u00a0kon\u00ed, nebo zda dojde k\u00a0nav\u00fd\u0161en\u00ed kapacity 28,6kWh baterie, ale gener\u00e1ln\u00ed \u0159editel Dacie Denis Le Vot ji\u017e d\u0159\u00edve Autocaru \u0159ekl: <\/span><\/p>\n<p class=\"c_dq\"><span class=\"c_dI\">\u201ePokud bychom spring d\u011blali znovu, sn\u00ed\u017eili bychom kapacitu baterie klidn\u011b na polovinu, proto\u017ee pr\u016fm\u011brn\u00fd spring v\u00a0Evrop\u011b ujede pouh\u00fdch 16\u00a0km denn\u011b.\u201c<\/span><\/p>\n<p><strong>Zdroj: novinky.cz, FOTO: Automakers<\/strong><\/p>\n<p><img loading=\"lazy\" decoding=\"async\" class=\"alignnone size-large wp-image-61307\" src=\"http:\/\/www.automakersnews.cz\/wp-content\/uploads\/2023\/07\/Dacia-Spring-kufr-1024x768.jpg\" alt=\"\" width=\"1024\" height=\"768\" srcset=\"https:\/\/www.automakersnews.cz\/wp-content\/uploads\/2023\/07\/Dacia-Spring-kufr-1024x768.jpg 1024w, https:\/\/www.automakersnews.cz\/wp-content\/uploads\/2023\/07\/Dacia-Spring-kufr-300x225.jpg 300w, https:\/\/www.automakersnews.cz\/wp-content\/uploads\/2023\/07\/Dacia-Spring-kufr-768x576.jpg 768w, https:\/\/www.automakersnews.cz\/wp-content\/uploads\/2023\/07\/Dacia-Spring-kufr-1536x1152.jpg 1536w, https:\/\/www.automakersnews.cz\/wp-content\/uploads\/2023\/07\/Dacia-Spring-kufr-678x509.jpg 678w, https:\/\/www.automakersnews.cz\/wp-content\/uploads\/2023\/07\/Dacia-Spring-kufr-326x245.jpg 326w, https:\/\/www.automakersnews.cz\/wp-content\/uploads\/2023\/07\/Dacia-Spring-kufr-80x60.jpg 80w, https:\/\/www.automakersnews.cz\/wp-content\/uploads\/2023\/07\/Dacia-Spring-kufr.jpg 2048w\" sizes=\"auto, (max-width: 1024px) 100vw, 1024px\" \/><\/p>\n<\/div>\n<\/div>\n<\/div>\n<\/article>\n<\/div>\n<\/div>\n","protected":false},"excerpt":{"rendered":"<div class=\"mh-excerpt\"><p>Redakce Automakers otestovala na konci \u010dervna posledn\u00ed verzi Dacie Spring, nejlevn\u011bj\u0161\u00edho elektromobilu na \u010desk\u00e9m trhu. Zna\u010dka mezit\u00edm ozn\u00e1mila, \u017ee v\u016fz bude pro rok 2024 d\u00e1le <a class=\"mh-excerpt-more\" href=\"https:\/\/www.automakersnews.cz\/index.php\/2023\/07\/04\/dacia-chysta-modernizaci-springu\/\" title=\"Dacia slibuje modernizaci Springu\">[&#8230;]<\/a><\/p>\n<\/div>","protected":false},"author":1,"featured_media":61305,"comment_status":"open","ping_status":"open","sticky":false,"template":"","format":"standard","meta":{"footnotes":""},"categories":[19,22],"tags":[],"class_list":["post-61276","post","type-post","status-publish","format-standard","has-post-thumbnail","hentry","category-design","category-elektromobily"],"_links":{"self":[{"href":"https:\/\/www.automakersnews.cz\/index.php\/wp-json\/wp\/v2\/posts\/61276","targetHints":{"allow":["GET"]}}],"collection":[{"href":"https:\/\/www.automakersnews.cz\/index.php\/wp-json\/wp\/v2\/posts"}],"about":[{"href":"https:\/\/www.automakersnews.cz\/index.php\/wp-json\/wp\/v2\/types\/post"}],"author":[{"embeddable":true,"href":"https:\/\/www.automakersnews.cz\/index.php\/wp-json\/wp\/v2\/users\/1"}],"replies":[{"embeddable":true,"href":"https:\/\/www.automakersnews.cz\/index.php\/wp-json\/wp\/v2\/comments?post=61276"}],"version-history":[{"count":0,"href":"https:\/\/www.automakersnews.cz\/index.php\/wp-json\/wp\/v2\/posts\/61276\/revisions"}],"wp:featuredmedia":[{"embeddable":true,"href":"https:\/\/www.automakersnews.cz\/index.php\/wp-json\/wp\/v2\/media\/61305"}],"wp:attachment":[{"href":"https:\/\/www.automakersnews.cz\/index.php\/wp-json\/wp\/v2\/media?parent=61276"}],"wp:term":[{"taxonomy":"category","embeddable":true,"href":"https:\/\/www.automakersnews.cz\/index.php\/wp-json\/wp\/v2\/categories?post=61276"},{"taxonomy":"post_tag","embeddable":true,"href":"https:\/\/www.automakersnews.cz\/index.php\/wp-json\/wp\/v2\/tags?post=61276"}],"curies":[{"name":"wp","href":"https:\/\/api.w.org\/{rel}","templated":true}]}}