{"id":61316,"date":"2023-07-04T08:50:38","date_gmt":"2023-07-04T08:50:38","guid":{"rendered":"https:\/\/www.automakersnews.cz\/?p=61316"},"modified":"2023-07-04T08:50:57","modified_gmt":"2023-07-04T08:50:57","slug":"cepro-ma-plnicku-vodiku-ve-msteticich","status":"publish","type":"post","link":"https:\/\/www.automakersnews.cz\/index.php\/2023\/07\/04\/cepro-ma-plnicku-vodiku-ve-msteticich\/","title":{"rendered":"\u010cEPRO otev\u0159elo plni\u010dku vod\u00edku ve Mst\u011btic\u00edch"},"content":{"rendered":"<p class=\"xmprfx_MsoNormal\"><b>\u010cEPRO otev\u0159elo za \u00fa\u010dasti dvou ministr\u016f svou prvn\u00ed vod\u00edkovou plnic\u00ed stanici. Je um\u00edst\u011bn\u00e1 ve skladu Mst\u011btice u Prahy, bude slou\u017eit nejen pro pln\u011bn\u00ed v\u0161ech typ\u016f <em>vod\u00edk<\/em>ov\u00fdch voz\u016f, ale i pro v\u00fdzkumn\u00e9 a testovac\u00ed \u00fa\u010dely vybran\u00fdm z\u00e1kazn\u00edk\u016fm a z\u00e1jemc\u016fm z \u0159ad komer\u010dn\u00ed, odborn\u00e9 a akademick\u00e9 sf\u00e9ry.<\/b><!--more--><\/p>\n<p class=\"xmprfx_MsoNormal\">\u201eZprovozn\u011bn\u00ed p\u0159edstavuje dal\u0161\u00ed krok k rozvoji s\u00edt\u011b\u00a0<em>vod\u00edk<\/em>ov\u00e9 mobility, kter\u00e1 n\u00e1m umo\u017en\u00ed dos\u00e1hnout c\u00edl\u016f Evropsk\u00e9 unie v oblasti udr\u017eiteln\u00e9 dopravy. V\u011b\u0159\u00edm, \u017ee tato iniciativa pos\u00edl\u00ed na\u0161i pozici v Evrop\u011b a uk\u00e1\u017ee na\u0161i re\u00e1lnou snahu p\u0159ech\u00e1zet k \u010dist\u0161\u00edm a ekologi\u010dt\u011bj\u0161\u00edm form\u00e1m energie,\u201c \u0159\u00edk\u00e1 k z\u00e1m\u011bru ministr financ\u00ed Zbyn\u011bk Stanjura.<\/p>\n<p class=\"xmprfx_MsoNormal\">\u201eMobilitu \u010dekaj\u00ed v p\u0159\u00ed\u0161t\u00edch desetilet\u00edch velk\u00e9 zm\u011bny. Trendem bude zejm\u00e9na elektromobilita, ale mus\u00edme z\u016fstat otev\u0159en\u00ed i dal\u0161\u00edm mo\u017enostem, mezi kter\u00e9\u00a0<em>vod\u00edk<\/em>\u00a0bezesporu pat\u0159\u00ed. V r\u00e1mci Opera\u010dn\u00edho programu Doprava 3 jsme nov\u011b podpo\u0159ili v\u00fdstavbu dal\u0161\u00edch 6\u00a0<em>vod\u00edk<\/em>ov\u00fdch stanic, kter\u00e9 v n\u00e1sleduj\u00edc\u00edm obdob\u00ed vzniknou v Praze, Ostrav\u011b, Brn\u011b a v Napajedlech,\u201c \u0159\u00edk\u00e1 Martin Kupka, ministr dopravy.<\/p>\n<p class=\"xmprfx_MsoNormal\">Stanice je vybavena dvojic\u00ed pln\u00edc\u00edch pistol\u00ed pro pln\u011bn\u00ed tlakem 350 bar a tlakem 700 bar, kter\u00e9 umo\u017en\u00ed plnit v\u0161echny typy\u00a0<em>vod\u00edk<\/em>ov\u00fdch vozidel, v\u010detn\u011b osobn\u00edch voz\u016f, n\u00e1kladn\u00edch voz\u016f, autobus\u016f a tak\u00e9 nap\u0159\u00edklad vysokozdvi\u017en\u00fdch voz\u00edk\u016f. Za\u0159\u00edzen\u00ed bude obsluhovat pro\u0161kolen\u00fd person\u00e1l \u010cEPRO ze skladu. Um\u00edst\u011bn\u00ed stanice v Mst\u011btic\u00edch u Prahy bylo zvoleno z d\u016fvodu optim\u00e1ln\u00ed dopravn\u00ed dostupnosti z metropole a technologick\u00fdch mo\u017enost\u00ed spole\u010dnosti \u010cEPRO.<\/p>\n<p class=\"xmprfx_MsoNormal\">\u201ePokra\u010dujeme v na\u0161ich strategick\u00fdch pl\u00e1nech, kdy chceme trhu nab\u00edzet klasick\u00e1 fosiln\u00ed i alternativn\u00ed paliva. Zprovozn\u011bn\u00ed\u00a0<em>vod\u00edk<\/em>ov\u00e9 plnic\u00ed stanice vn\u00edm\u00e1me jako dal\u0161\u00ed posun k ekologicky \u0161etrn\u011bj\u0161\u00ed budoucnosti,\u201c \u0159\u00edk\u00e1 k z\u00e1m\u011bru Jan Dusp\u011bva, gener\u00e1ln\u00ed \u0159editel spole\u010dnosti \u010cEPRO.<\/p>\n<p class=\"xmprfx_MsoNormal\"><em>Vod\u00edk<\/em>\u00a0se pou\u017e\u00edv\u00e1 jako palivo pro vozidla s palivov\u00fdm \u010dl\u00e1nkem (FCEV). V palivov\u00e9m \u010dl\u00e1nku je\u00a0<em>vod\u00edk<\/em>\u00a0p\u0159em\u011bn\u011bn na elektrickou energii, kter\u00e1 je ulo\u017eena do baterie a n\u00e1sledn\u011b vyu\u017eita k pohonu vozidla elektromotorem. Odpadn\u00edm produktem p\u0159em\u011bny\u00a0<em>vod\u00edk<\/em>u na elekt\u0159inu je voda a d\u00edky tomu se podle n\u011bkter\u00fdch p\u0159edpov\u011bd\u00ed jedn\u00e1 o ekologick\u00e9 \u0159e\u0161en\u00ed budoucnosti dopravy.<\/p>\n<p><strong>V\u00fdhody vod\u00edkov\u00fdch pohon\u016f<\/strong><\/p>\n<p class=\"xmprfx_MsoNormal\">Vozidla s\u00a0<em>vod\u00edk<\/em>ov\u00fdm pohonem, v porovn\u00e1n\u00ed s bateriov\u00fdmi elektroauty, nab\u00edzej\u00ed del\u0161\u00ed dojezd, kter\u00fd nen\u00ed ovlivn\u011bn\u00fd pov\u011btrnostn\u00edmi podm\u00ednkami, jako je nap\u0159\u00edklad n\u00edzk\u00e1 venkovn\u00ed teplota.\u00a0 V\u00fdhodou je tak\u00e9 proces pln\u011bn\u00ed, kter\u00fd je velmi podobn\u00fd tankov\u00e1n\u00ed standartn\u00edch vozidel na fosiln\u00ed paliva. Pln\u011bn\u00ed\u00a0<em>vod\u00edk<\/em>ov\u00e9ho vozidla je tak\u00e9 m\u00e9n\u011b \u010dasov\u011b n\u00e1ro\u010dn\u00e9 ne\u017e dob\u00edjen\u00ed elektroauta. Po\u010det\u00a0<em>vod\u00edk<\/em>ov\u00fdch stanic ve sv\u011bt\u011b se postupn\u011b zvy\u0161uje, v roce 2022 bylo v provozu ji\u017e 814 stanic, zat\u00edmco v roce 2013 jich bylo pouze 186.<\/p>\n<p><img loading=\"lazy\" decoding=\"async\" class=\"alignnone size-large wp-image-61318\" src=\"http:\/\/www.automakersnews.cz\/wp-content\/uploads\/2023\/07\/Cepro-Mstetice-voidik-opening-1024x684.jpg\" alt=\"\" width=\"1024\" height=\"684\" \/><\/p>\n","protected":false},"excerpt":{"rendered":"<div class=\"mh-excerpt\"><p>\u010cEPRO otev\u0159elo za \u00fa\u010dasti dvou ministr\u016f svou prvn\u00ed vod\u00edkovou plnic\u00ed stanici. Je um\u00edst\u011bn\u00e1 ve skladu Mst\u011btice u Prahy, bude slou\u017eit nejen pro pln\u011bn\u00ed v\u0161ech typ\u016f <a class=\"mh-excerpt-more\" href=\"https:\/\/www.automakersnews.cz\/index.php\/2023\/07\/04\/cepro-ma-plnicku-vodiku-ve-msteticich\/\" title=\"\u010cEPRO otev\u0159elo plni\u010dku vod\u00edku ve Mst\u011btic\u00edch\">[&#8230;]<\/a><\/p>\n<\/div>","protected":false},"author":1,"featured_media":61317,"comment_status":"open","ping_status":"open","sticky":false,"template":"","format":"standard","meta":{"footnotes":""},"categories":[55,35,38],"tags":[],"class_list":["post-61316","post","type-post","status-publish","format-standard","has-post-thumbnail","hentry","category-alternativni-pohony","category-doprava","category-ekologie"],"_links":{"self":[{"href":"https:\/\/www.automakersnews.cz\/index.php\/wp-json\/wp\/v2\/posts\/61316","targetHints":{"allow":["GET"]}}],"collection":[{"href":"https:\/\/www.automakersnews.cz\/index.php\/wp-json\/wp\/v2\/posts"}],"about":[{"href":"https:\/\/www.automakersnews.cz\/index.php\/wp-json\/wp\/v2\/types\/post"}],"author":[{"embeddable":true,"href":"https:\/\/www.automakersnews.cz\/index.php\/wp-json\/wp\/v2\/users\/1"}],"replies":[{"embeddable":true,"href":"https:\/\/www.automakersnews.cz\/index.php\/wp-json\/wp\/v2\/comments?post=61316"}],"version-history":[{"count":0,"href":"https:\/\/www.automakersnews.cz\/index.php\/wp-json\/wp\/v2\/posts\/61316\/revisions"}],"wp:featuredmedia":[{"embeddable":true,"href":"https:\/\/www.automakersnews.cz\/index.php\/wp-json\/wp\/v2\/media\/61317"}],"wp:attachment":[{"href":"https:\/\/www.automakersnews.cz\/index.php\/wp-json\/wp\/v2\/media?parent=61316"}],"wp:term":[{"taxonomy":"category","embeddable":true,"href":"https:\/\/www.automakersnews.cz\/index.php\/wp-json\/wp\/v2\/categories?post=61316"},{"taxonomy":"post_tag","embeddable":true,"href":"https:\/\/www.automakersnews.cz\/index.php\/wp-json\/wp\/v2\/tags?post=61316"}],"curies":[{"name":"wp","href":"https:\/\/api.w.org\/{rel}","templated":true}]}}