{"id":61322,"date":"2023-07-04T09:08:30","date_gmt":"2023-07-04T09:08:30","guid":{"rendered":"https:\/\/www.automakersnews.cz\/?p=61322"},"modified":"2023-07-04T09:44:49","modified_gmt":"2023-07-04T09:44:49","slug":"rolls-royce-spectre-mel-premieru-v-praze","status":"publish","type":"post","link":"https:\/\/www.automakersnews.cz\/index.php\/2023\/07\/04\/rolls-royce-spectre-mel-premieru-v-praze\/","title":{"rendered":"Rolls-Royce Spectre m\u011bl premi\u00e9ru v Praze"},"content":{"rendered":"<p class=\"xmprfx_x_MsoNormal\"><strong><span class=\"\">\u010cesk\u00fd dealer zna\u010dky Rolls-Royce Karel Kadlec uspo\u0159\u00e1dal \u010deskou premi\u00e9ru modelu Spectre. Jde o prvn\u00ed elektromobil zna\u010dky, kter\u00fd bude v tuzemsku nab\u00edzet Rolls-<span class=\"\" style=\"font-family: Helvetica;\">Royce Motor Cars Prague<\/span>. Dod\u00e1vky prvn\u00edch exempl\u00e1\u0159\u016f z\u00e1kazn\u00edk\u016fm budou zah\u00e1jeny ve \u010dtvrt\u00e9m \u010dtvrtlet\u00ed 2023.<\/span><\/strong><!--more--><\/p>\n<div class=\"\"><span class=\"\" style=\"font-family: Helvetica;\"><span class=\"\">\u201eOd chv\u00edle, kdy byl model Spectre poprv\u00e9 ohl\u00e1\u0161en, se kolem jeho p\u0159\u00edchodu zvy\u0161ovalo o\u010dek\u00e1v\u00e1n\u00ed od \u010cech a\u017e po Vysok\u00e9 Tatry. Dnes jsme nad\u0161eni, \u017ee m\u016f\u017eeme model Spectre p\u0159iv\u00edtat na dom\u00e1c\u00ed p\u016fd\u011b,\u201c \u0159ekl Karel Kadlec, \u0159editel dealerstv\u00ed\u00a0<em>Rolls<\/em>-Royce Motor Cars Prague.<\/span><\/span><\/div>\n<div><\/div>\n<div><img loading=\"lazy\" decoding=\"async\" class=\"alignnone size-large wp-image-61353\" src=\"http:\/\/www.automakersnews.cz\/wp-content\/uploads\/2023\/07\/Rolls-Spectre-Kadlec-Tiemann-1024x682.jpg\" alt=\"\" width=\"1024\" height=\"682\" \/><\/div>\n<div class=\"\"><span class=\"\" style=\"font-family: Helvetica;\">\u00a0<\/span><span style=\"font-family: Helvetica;\">\u00a0<\/span><\/div>\n<div class=\"\"><span class=\"\" style=\"font-family: Helvetica;\"><span class=\"\"><em>Rolls<\/em>-Royce podle n\u011bj p\u0159edstavuje zcela origin\u00e1ln\u00ed kategorii automobil\u016f: ultra-luxusn\u00ed elektrick\u00e9 super kup\u00e9. Model Spectre kombinuje eleganci a inovace a sv\u00fdm pojet\u00edm si zakl\u00e1d\u00e1 na impozantn\u00edm, ale p\u0159irozen\u011b rafinovan\u00e9m vzhledu. <\/span><\/span><\/div>\n<div><\/div>\n<div class=\"\"><span class=\"\" style=\"font-family: Helvetica;\"><span class=\"\">Novinkou je nej\u0161ir\u0161\u00ed m\u0159\u00ed\u017eka chladi\u010de, jakou kdy <em>Rolls<\/em>-Royce na p\u0159\u00eddi nesl. Jednotliv\u00e9 lamely masky ve tvaru antick\u00e9ho Pantheonu jsou nyn\u00ed hlad\u0161\u00ed a byly navr\u017eeny tak, aby pomohly ke snaz\u0161\u00edmu obt\u00e9k\u00e1n\u00ed vzduchu kolem p\u0159\u00edd\u011b. <\/span><\/span><\/div>\n<div><\/div>\n<div class=\"\"><span class=\"\" style=\"font-family: Helvetica;\"><span class=\"\">Hladk\u00e9 napojen\u00ed na prosklen\u00ed vozu v\u00fdznamn\u011b p\u0159isp\u00edv\u00e1 k dosa\u017een\u00ed v\u016fbec nejni\u017e\u0161\u00edho sou\u010dinitele \u010deln\u00edho odporu vzduchu (c<sub class=\"\">x<\/sub>) u vozu\u00a0<em>Rolls<\/em>-Royce s hodnotou 0,25.<br class=\"\" \/><br class=\"\" \/><\/span><\/span><\/div>\n<div class=\"\"><span class=\"\"><span class=\"\" style=\"font-family: Helvetica;\">So\u0161ka Spirit of Ecstasy pro\u0161la aerodynamickou optimalizac\u00ed, co\u017e si vy\u017e\u00e1dalo 830 hodin modelov\u00e1n\u00ed jej\u00edho tvaru a testov\u00e1n\u00ed v aerodynamick\u00e9m tunelu.<\/span><\/span><\/div>\n<div class=\"\"><span class=\"\"><span class=\"\" style=\"font-family: Helvetica;\"><br class=\"\" \/>V\u016fz je vybaven technologicky dosud nejpokro\u010dilej\u0161\u00edm prvkem z programu individualizace Bespoke, kter\u00fd \u010derp\u00e1 inspiraci z nad\u010dasov\u00e9 mystiky no\u010dn\u00ed oblohy: dve\u0159e Starlight Doors obsahuj\u00ed 4 796 jemn\u011b osv\u011btlen\u00fdch \u201ehv\u011bzd\u201c. <\/span><\/span><\/div>\n<div><\/div>\n<div class=\"\"><span class=\"\"><span class=\"\" style=\"font-family: Helvetica;\">Protism\u011brn\u011b otev\u00edran\u00e9 dve\u0159e mohou b\u00fdt tak\u00e9 vybaveny vnit\u0159n\u00edmi v\u00fdpln\u011bmi Canadel z jednoho kusu d\u0159eva, kter\u00e9 jsou um\u00edst\u011bn\u00e9 p\u0159esn\u011b v \u00fahlu 55 stup\u0148\u016f, aby vyvolaly pocit pohybu ve voze.<\/span><\/span><\/div>\n<div><\/div>\n<div><img loading=\"lazy\" decoding=\"async\" class=\"alignnone size-large wp-image-61355\" src=\"http:\/\/www.automakersnews.cz\/wp-content\/uploads\/2023\/07\/Rolls-Spectre-premiera-1024x682.jpg\" alt=\"\" width=\"1024\" height=\"682\" \/><\/div>\n<div class=\"\"><span class=\"\"><span class=\"\" style=\"font-family: Helvetica;\"><br class=\"\" \/>In\u017een\u00fd\u0159i zna\u010dky\u00a0<em>Rolls<\/em>-Royce vyu\u017eili dal\u0161\u00ed v\u00fdhody platformy Architecture of Luxury \u2013 vlastn\u00edho celohlin\u00edkov\u00e9ho prostorov\u00e9ho r\u00e1mu, kter\u00fd je z\u00e1kladem modelov\u00e9 nab\u00eddky voz\u016f zna\u010dky\u00a0<em>Rolls<\/em>-Royce. Konstruk\u010dn\u011b n\u00e1ro\u010dn\u00e9 profily z extrudovan\u00e9ho hlin\u00edku a zabudov\u00e1n\u00ed trak\u010dn\u00edho akumul\u00e1toru do struktury vozu, od po\u010d\u00e1tku koncipov\u00e1n\u00e9ho jako elektrick\u00fd, p\u0159isp\u011bly k 30% n\u00e1r\u016fstu tuhosti cel\u00e9ho skeletu. Variabilita architektury rovn\u011b\u017e umo\u017enila konstrukt\u00e9r\u016fm um\u00edstit podlahu do st\u0159edu nosn\u00e9 konstrukce podvozku. Nad \u010dl\u00e1nky se poda\u0159ilo vytvo\u0159it prostor pro kabel\u00e1\u017e a chladic\u00ed soustavu, p\u0159i\u010dem\u017e trak\u010dn\u00ed akumul\u00e1tor je um\u00edst\u011bn zespodu, co\u017e zaji\u0161\u0165uje dokonale hladk\u00fd profil podlahy.<\/span><\/span><\/div>\n<div class=\"\"><span class=\"\"><span class=\"\" style=\"font-family: Helvetica;\">\u00a0<\/span><\/span><\/div>\n<div class=\"\"><span class=\"\"><span class=\"\" style=\"font-family: Helvetica;\">Spectre je nejv\u00edce digit\u00e1ln\u011b propojen\u00fdm vozem\u00a0<em>Rolls<\/em>-Royce. Konstrukt\u00e9\u0159i vyu\u017eili revolu\u010dn\u00ed syst\u00e9m decentralizovan\u00e9 inteligence s p\u0159\u00edmou v\u00fdm\u011bnu informac\u00ed mezi v\u00edce ne\u017e tis\u00edci funkcemi vozu, co\u017e d\u00e1le umoc\u0148uje vyhl\u00e1\u0161enou kvalitu j\u00edzdy voz\u016f zna\u010dky.<\/span><\/span><\/div>\n<div><\/div>\n<div><img loading=\"lazy\" decoding=\"async\" class=\"alignnone size-large wp-image-61358\" src=\"http:\/\/www.automakersnews.cz\/wp-content\/uploads\/2023\/07\/Rolls-Spectre-kour-1024x682.jpg\" alt=\"\" width=\"1024\" height=\"682\" \/><\/div>\n<div><\/div>\n<div><strong>Testovac\u00ed program RR<\/strong><\/div>\n<div class=\"\"><span class=\"\"><span class=\"\" style=\"font-family: Helvetica;\">\u00a0<\/span><\/span><\/div>\n<div class=\"\"><span class=\"\"><span class=\"\" style=\"font-family: Helvetica;\">Aby i tento v\u016fz z\u00edskal charakteristick\u00fd rys v podob\u011b \u201ej\u00edzdy na l\u00e9taj\u00edc\u00edm koberci\u201c, absolvoval model Spectre n\u00e1ro\u010dn\u00fd testovac\u00ed program, kter\u00fd trval v\u00edce ne\u017e 1 500 hodin. Tv\u016frci se zam\u011b\u0159ili i na pe\u010dliv\u00e9 vylad\u011bn\u00ed regenerativn\u00edho brzd\u011bn\u00ed pro dosa\u017een\u00ed pat\u0159i\u010dn\u00e9 \u00fa\u010dinnosti i jemn\u00e9ho ovl\u00e1d\u00e1n\u00ed. B\u011bhem testov\u00e1n\u00ed na Azurov\u00e9m pob\u0159e\u017e\u00ed byla dokon\u010dena evoluce proslul\u00e9ho p\u00e9rov\u00e1n\u00ed Planar s\u00a0digit\u00e1ln\u00edm propojen\u00edm. <\/span><\/span><\/div>\n<div><\/div>\n<div class=\"\"><span class=\"\"><span class=\"\" style=\"font-family: Helvetica;\">Cel\u00fd syst\u00e9m sla\u010fuje v\u0161echny komponenty tak, aby v r\u00e1mci nejnov\u011bj\u0161\u00edho v\u00fdvoje softwaru a hardwaru disponovaly p\u0159esn\u011b definovan\u00fdmi reakcemi na podn\u011bty \u0159idi\u010de a stav vozovky. Charakteristick\u00fd z\u00e1\u017eitek z\u00a0j\u00edzdy vozem\u00a0<em>Rolls<\/em>-Royce je d\u00e1le umocn\u011bn um\u00edst\u011bn\u00edm trak\u010dn\u00edho akumul\u00e1toru, kter\u00fd p\u0159isp\u00edv\u00e1 nejen k p\u0159\u00edjemn\u011b n\u00edzk\u00e9mu posezu, ale t\u00edm, jak kabina pos\u00e1dku obklopuje, i k pocitu bezpe\u010d\u00ed. Soustava \u010dl\u00e1nk\u016f sou\u010dasn\u011b svou hmotnost\u00ed t\u00e9m\u011b\u0159 700 kg p\u0159isp\u00edv\u00e1 k tlumen\u00ed hluku.<\/span><\/span><\/div>\n<div class=\"\"><span class=\"\" style=\"font-family: Helvetica;\">\u00a0<\/span><\/div>\n<div class=\"\"><span class=\"\" style=\"font-family: Helvetica;\"><span class=\"\">\u201eModel Spectre m\u00e1 v\u0161echny vlastnosti, jimi\u017e je\u00a0<em>Rolls<\/em>-Royce celosv\u011btov\u011b proslul\u00fd \u2013 ticho, klid a p\u0159ita\u017elivost \u2013 a ukazuje, jak dokonale se\u00a0<em>Rolls<\/em>-Royce hod\u00ed pro elektrifikaci. Je to vyj\u00e1d\u0159en\u00ed nov\u00e9ho sm\u011b\u0159ov\u00e1n\u00ed a symbol jasn\u00e9 a odv\u00e1\u017en\u00e9 budoucnosti, kter\u00e1 je pro\u00a0<em>Rolls<\/em>-Royce ji\u017e pln\u011b elektrick\u00e1,\u201c zd\u016fraznil b\u011bhem premi\u00e9ry v Praze Frank Tiemann, \u0159editel korpor\u00e1tn\u00ed komunikace pro st\u0159edn\u00ed a v\u00fdchodn\u00ed Evropu a st\u0159edn\u00ed Asii spole\u010dnosti\u00a0<em>Rolls<\/em>-Royce Motor Cars.<\/span><\/span><\/div>\n<div class=\"\"><span class=\"\" style=\"font-family: Helvetica;\">\u00a0<\/span><\/div>\n<div class=\"\"><strong>Zdroj: Rolls-Royce<\/strong><\/div>\n<div><img loading=\"lazy\" decoding=\"async\" class=\"alignnone size-large wp-image-61354\" src=\"http:\/\/www.automakersnews.cz\/wp-content\/uploads\/2023\/07\/Rolls-Spectre-1024x682.jpg\" alt=\"\" width=\"1024\" height=\"682\" \/><\/div>\n","protected":false},"excerpt":{"rendered":"<div class=\"mh-excerpt\"><p>\u010cesk\u00fd dealer zna\u010dky Rolls-Royce Karel Kadlec uspo\u0159\u00e1dal \u010deskou premi\u00e9ru modelu Spectre. Jde o prvn\u00ed elektromobil zna\u010dky, kter\u00fd bude v tuzemsku nab\u00edzet Rolls-Royce Motor Cars Prague. <a class=\"mh-excerpt-more\" href=\"https:\/\/www.automakersnews.cz\/index.php\/2023\/07\/04\/rolls-royce-spectre-mel-premieru-v-praze\/\" title=\"Rolls-Royce Spectre m\u011bl premi\u00e9ru v Praze\">[&#8230;]<\/a><\/p>\n<\/div>","protected":false},"author":1,"featured_media":61352,"comment_status":"open","ping_status":"open","sticky":false,"template":"","format":"standard","meta":{"footnotes":""},"categories":[22,2,31],"tags":[],"class_list":["post-61322","post","type-post","status-publish","format-standard","has-post-thumbnail","hentry","category-elektromobily","category-news","category-premiery"],"_links":{"self":[{"href":"https:\/\/www.automakersnews.cz\/index.php\/wp-json\/wp\/v2\/posts\/61322","targetHints":{"allow":["GET"]}}],"collection":[{"href":"https:\/\/www.automakersnews.cz\/index.php\/wp-json\/wp\/v2\/posts"}],"about":[{"href":"https:\/\/www.automakersnews.cz\/index.php\/wp-json\/wp\/v2\/types\/post"}],"author":[{"embeddable":true,"href":"https:\/\/www.automakersnews.cz\/index.php\/wp-json\/wp\/v2\/users\/1"}],"replies":[{"embeddable":true,"href":"https:\/\/www.automakersnews.cz\/index.php\/wp-json\/wp\/v2\/comments?post=61322"}],"version-history":[{"count":0,"href":"https:\/\/www.automakersnews.cz\/index.php\/wp-json\/wp\/v2\/posts\/61322\/revisions"}],"wp:featuredmedia":[{"embeddable":true,"href":"https:\/\/www.automakersnews.cz\/index.php\/wp-json\/wp\/v2\/media\/61352"}],"wp:attachment":[{"href":"https:\/\/www.automakersnews.cz\/index.php\/wp-json\/wp\/v2\/media?parent=61322"}],"wp:term":[{"taxonomy":"category","embeddable":true,"href":"https:\/\/www.automakersnews.cz\/index.php\/wp-json\/wp\/v2\/categories?post=61322"},{"taxonomy":"post_tag","embeddable":true,"href":"https:\/\/www.automakersnews.cz\/index.php\/wp-json\/wp\/v2\/tags?post=61322"}],"curies":[{"name":"wp","href":"https:\/\/api.w.org\/{rel}","templated":true}]}}