{"id":6148,"date":"2022-12-02T10:51:10","date_gmt":"2022-12-02T10:51:10","guid":{"rendered":"https:\/\/www.automakersnews.cz\/?p=6148"},"modified":"2022-12-02T10:51:10","modified_gmt":"2022-12-02T10:51:10","slug":"volkswagenu-klesa-trzni-podil-v-cine","status":"publish","type":"post","link":"https:\/\/www.automakersnews.cz\/index.php\/2022\/12\/02\/volkswagenu-klesa-trzni-podil-v-cine\/","title":{"rendered":"Volkswagenu kles\u00e1 tr\u017en\u00ed pod\u00edl v \u010c\u00edn\u011b"},"content":{"rendered":"<p><strong>Koncern <span class=\"e1id0 e4id0 advancedHighlight\" data-id=\"1\" data-classic=\"false\">Volkswagen<\/span> ztr\u00e1c\u00ed pod\u00edl na \u010d\u00ednsk\u00e9m trhu ve prosp\u011bch m\u00edstn\u00edch <span class=\"e5id0 advancedHighlight\" data-id=\"2\" data-classic=\"false\">v\u00fdrobc\u016f<\/span>. <span class=\"e0id0 advancedHighlight\" data-id=\"3\" data-classic=\"false\">\u010c\u00edna<\/span>\u00a0je nejv\u011bt\u0161\u00edm trhem koncernu a pokles pod\u00edlu p\u0159edstavuje jednu z nejobt\u00ed\u017en\u011bj\u0161\u00edch v\u00fdzev pro nov\u00e9ho koncernov\u00e9ho\u00a0<span class=\"e5id1 advancedHighlight\" data-id=\"4\" data-classic=\"false\">\u0161\u00e9fa<\/span>\u00a0Olivera Bloomeho.<\/strong><!--more--><\/p>\n<p>P\u00ed\u0161e o tom dnes list\u00a0<span class=\"e3id0 advancedHighlight\" data-id=\"5\" data-classic=\"false\">The<\/span>\u00a0<span class=\"e3id0 advancedHighlight\" data-id=\"5\" data-classic=\"false\">Wall<\/span>\u00a0<span class=\"e3id0 advancedHighlight\" data-id=\"5\" data-classic=\"false\">Street<\/span>\u00a0<span class=\"e3id0 advancedHighlight\" data-id=\"5\" data-classic=\"false\">Journal<\/span>\u00a0(<span class=\"e3id0 advancedHighlight\" data-id=\"5\" data-classic=\"false\">WSJ<\/span>) na sv\u00fdch internetov\u00fdch str\u00e1nk\u00e1ch.\u00a0<span class=\"e1id0 e4id0 advancedHighlight\" data-id=\"1\" data-classic=\"false\">Volkswagen<\/span>\u00a0sv\u016fj leto\u0161n\u00ed pod\u00edl na \u010d\u00ednsk\u00e9m trhu navzdory ur\u010dit\u00e9mu r\u016fstu prodeje v posledn\u00edch m\u011bs\u00edc\u00edch odhaduje na zhruba 16 procent.<\/p>\n<p>To podle \u00fadaj\u016f v\u00fdzkumn\u00e9 skupiny Jato Dynamics p\u0159edstavuje t\u00e9m\u011b\u0159 p\u011btinov\u00fd pokles od roku 2019, kdy se pod\u00edl pohyboval kolem 20 procent.\u00a0<span class=\"e1id0 e4id0 advancedHighlight\" data-id=\"1\" data-classic=\"false\">Volkswagen<\/span>\u00a0m\u00e1 na \u010d\u00ednsk\u00e9m\u00a0<span class=\"advancedHighlight SearchKeywordHighlight\" data-classic=\"true\">automobilov\u00e9m<\/span>\u00a0trhu nejv\u011bt\u0161\u00ed pod\u00edl za zahrani\u010dn\u00edch\u00a0<span class=\"e5id0 advancedHighlight\" data-id=\"2\" data-classic=\"false\">v\u00fdrobc\u016f<\/span>. Vlastn\u00ed zna\u010dky, kter\u00e9 jsou v\u00a0<span class=\"e0id0 advancedHighlight\" data-id=\"3\" data-classic=\"false\">\u010c\u00edn\u011b<\/span>\u00a0popul\u00e1rn\u00ed, jako jsou\u00a0<span class=\"e1id0 e4id0 advancedHighlight\" data-id=\"1\" data-classic=\"false\">VW<\/span>, \u0160koda,\u00a0<span class=\"e1id1 e4id0 advancedHighlight\" data-id=\"16\" data-classic=\"false\">Porsche<\/span>,\u00a0<span class=\"e1id2 e4id0 advancedHighlight\" data-id=\"17\" data-classic=\"false\">Audi<\/span>\u00a0a\u00a0<span class=\"e1id3 e4id0 advancedHighlight\" data-id=\"18\" data-classic=\"false\">Bentley<\/span>, upozor\u0148uje\u00a0<span class=\"e3id0 advancedHighlight\" data-id=\"5\" data-classic=\"false\">WSJ<\/span>. Blume se do \u010dela koncernu postavil letos v z\u00e1\u0159\u00ed.<\/p>\n<p><strong>Zdroj: WSJ<\/strong><\/p>\n","protected":false},"excerpt":{"rendered":"<div class=\"mh-excerpt\"><p>Koncern Volkswagen ztr\u00e1c\u00ed pod\u00edl na \u010d\u00ednsk\u00e9m trhu ve prosp\u011bch m\u00edstn\u00edch v\u00fdrobc\u016f. \u010c\u00edna\u00a0je nejv\u011bt\u0161\u00edm trhem koncernu a pokles pod\u00edlu p\u0159edstavuje jednu z nejobt\u00ed\u017en\u011bj\u0161\u00edch v\u00fdzev pro nov\u00e9ho <a class=\"mh-excerpt-more\" href=\"https:\/\/www.automakersnews.cz\/index.php\/2022\/12\/02\/volkswagenu-klesa-trzni-podil-v-cine\/\" title=\"Volkswagenu kles\u00e1 tr\u017en\u00ed pod\u00edl v \u010c\u00edn\u011b\">[&#8230;]<\/a><\/p>\n<\/div>","protected":false},"author":1,"featured_media":1682,"comment_status":"open","ping_status":"open","sticky":false,"template":"","format":"standard","meta":{"footnotes":""},"categories":[8],"tags":[],"class_list":["post-6148","post","type-post","status-publish","format-standard","has-post-thumbnail","hentry","category-statistika"],"_links":{"self":[{"href":"https:\/\/www.automakersnews.cz\/index.php\/wp-json\/wp\/v2\/posts\/6148","targetHints":{"allow":["GET"]}}],"collection":[{"href":"https:\/\/www.automakersnews.cz\/index.php\/wp-json\/wp\/v2\/posts"}],"about":[{"href":"https:\/\/www.automakersnews.cz\/index.php\/wp-json\/wp\/v2\/types\/post"}],"author":[{"embeddable":true,"href":"https:\/\/www.automakersnews.cz\/index.php\/wp-json\/wp\/v2\/users\/1"}],"replies":[{"embeddable":true,"href":"https:\/\/www.automakersnews.cz\/index.php\/wp-json\/wp\/v2\/comments?post=6148"}],"version-history":[{"count":0,"href":"https:\/\/www.automakersnews.cz\/index.php\/wp-json\/wp\/v2\/posts\/6148\/revisions"}],"wp:featuredmedia":[{"embeddable":true,"href":"https:\/\/www.automakersnews.cz\/index.php\/wp-json\/wp\/v2\/media\/1682"}],"wp:attachment":[{"href":"https:\/\/www.automakersnews.cz\/index.php\/wp-json\/wp\/v2\/media?parent=6148"}],"wp:term":[{"taxonomy":"category","embeddable":true,"href":"https:\/\/www.automakersnews.cz\/index.php\/wp-json\/wp\/v2\/categories?post=6148"},{"taxonomy":"post_tag","embeddable":true,"href":"https:\/\/www.automakersnews.cz\/index.php\/wp-json\/wp\/v2\/tags?post=6148"}],"curies":[{"name":"wp","href":"https:\/\/api.w.org\/{rel}","templated":true}]}}