{"id":617,"date":"2022-10-24T08:43:46","date_gmt":"2022-10-24T08:43:46","guid":{"rendered":"https:\/\/www.automakersnews.cz\/?p=617"},"modified":"2022-10-24T08:43:46","modified_gmt":"2022-10-24T08:43:46","slug":"subaru-impreza-slavi-tricet-let","status":"publish","type":"post","link":"https:\/\/www.automakersnews.cz\/index.php\/2022\/10\/24\/subaru-impreza-slavi-tricet-let\/","title":{"rendered":"Subaru Impreza slav\u00ed t\u0159icet let"},"content":{"rendered":"<div class=\"e_a7\" data-dot=\"mol-paragraph\">\n<p class=\"c_a7\"><span class=\"c_bU\"><strong>Bude to 30 let, co japonsk\u00e1 zna\u010dka Subaru uvedla na trh model Impreza. Ten si z\u00e1hy vydobyl sl\u00e1vu v rallye, kde nahradil model Legacy.<\/strong><br \/>\n<\/span><\/p>\n<\/div>\n<p><!--more--><\/p>\n<div class=\"e_a7\" data-dot=\"mol-paragraph\">\n<p class=\"c_a7\"><span class=\"c_bU\">Jen v\u00edt\u011bzstv\u00ed v r\u016fzn\u00fdch \u0161ampion\u00e1tech z\u00edskal 162 po cel\u00e9m sv\u011bt\u011b, z \u010deho\u017e bylo \u0161est titul\u016f mistrovstv\u00ed sv\u011bta. V letech 1995-1997 vyhr\u00e1la Impreza t\u0159ikr\u00e1t za sebou poh\u00e1r konstrukt\u00e9r\u016f, mezi jezdci s n\u00ed z\u00edskal titul mistra sv\u011bta Colin McRae v roce 1995, Richard Burns v roce 2001 a Petter Solberg v roce 2003.<\/span><\/p>\n<p><span class=\"c_bU\">Varianta Imprezy, kter\u00e1 slav\u00ed t\u0159ic\u00e1t\u00e9 v\u00fdro\u010d\u00ed, se jmenuje Black Accent a pod kapotou m\u00e1 \u0161estn\u00e1ctistovku o 115 kon\u00edch a 148 N.m, kter\u00e1 poh\u00e1n\u00ed p\u0159edn\u00ed nebo v\u0161echna kola skrz bezestup\u0148ovou p\u0159evodovku CVT.<\/span><\/p>\n<p>&nbsp;<\/p>\n<\/div>\n","protected":false},"excerpt":{"rendered":"<div class=\"mh-excerpt\"><p>Bude to 30 let, co japonsk\u00e1 zna\u010dka Subaru uvedla na trh model Impreza. Ten si z\u00e1hy vydobyl sl\u00e1vu v rallye, kde nahradil model Legacy.<\/p>\n<\/div>","protected":false},"author":1,"featured_media":618,"comment_status":"open","ping_status":"open","sticky":false,"template":"","format":"standard","meta":{"footnotes":""},"categories":[23],"tags":[],"class_list":["post-617","post","type-post","status-publish","format-standard","has-post-thumbnail","hentry","category-vyroci"],"_links":{"self":[{"href":"https:\/\/www.automakersnews.cz\/index.php\/wp-json\/wp\/v2\/posts\/617","targetHints":{"allow":["GET"]}}],"collection":[{"href":"https:\/\/www.automakersnews.cz\/index.php\/wp-json\/wp\/v2\/posts"}],"about":[{"href":"https:\/\/www.automakersnews.cz\/index.php\/wp-json\/wp\/v2\/types\/post"}],"author":[{"embeddable":true,"href":"https:\/\/www.automakersnews.cz\/index.php\/wp-json\/wp\/v2\/users\/1"}],"replies":[{"embeddable":true,"href":"https:\/\/www.automakersnews.cz\/index.php\/wp-json\/wp\/v2\/comments?post=617"}],"version-history":[{"count":0,"href":"https:\/\/www.automakersnews.cz\/index.php\/wp-json\/wp\/v2\/posts\/617\/revisions"}],"wp:featuredmedia":[{"embeddable":true,"href":"https:\/\/www.automakersnews.cz\/index.php\/wp-json\/wp\/v2\/media\/618"}],"wp:attachment":[{"href":"https:\/\/www.automakersnews.cz\/index.php\/wp-json\/wp\/v2\/media?parent=617"}],"wp:term":[{"taxonomy":"category","embeddable":true,"href":"https:\/\/www.automakersnews.cz\/index.php\/wp-json\/wp\/v2\/categories?post=617"},{"taxonomy":"post_tag","embeddable":true,"href":"https:\/\/www.automakersnews.cz\/index.php\/wp-json\/wp\/v2\/tags?post=617"}],"curies":[{"name":"wp","href":"https:\/\/api.w.org\/{rel}","templated":true}]}}